{"id":10292,"date":"2011-02-25T01:25:41","date_gmt":"2011-02-24T22:25:41","guid":{"rendered":"http:\/\/www.waynakh.com\/tr\/?p=10292"},"modified":"2011-02-25T01:27:17","modified_gmt":"2011-02-24T22:27:17","slug":"cecen-anneleri-organizasyonu-baskani-isvecte","status":"publish","type":"post","link":"http:\/\/www.waynakh.com\/tr\/2011\/02\/cecen-anneleri-organizasyonu-baskani-isvecte\/","title":{"rendered":"\u00c7e\u00e7en Anneleri Organizasyonu Ba\u015fkan\u0131 \u0130sve\u00e7&#8217;te"},"content":{"rendered":"<p style=\"text-align: justify;\">\u0130sve\u00e7 Bar\u0131\u015f ve Uzla\u015fma Toplulu\u011fu, \u00c7e\u00e7en-\u0130ngu\u015f halklar\u0131n\u0131n s\u00fcrg\u00fcne maruz kalmas\u0131n\u0131n 67.y\u0131ld\u00f6n\u00fcm\u00fc ve \u00c7e\u00e7en Anneleri organizasyonunun ba\u015fkan\u0131 Madina Magomadova&#8217;n\u0131n \u0130sve\u00e7&#8217;e yapt\u0131\u011f\u0131 \u00e7al\u0131\u015fma ziyareti hakk\u0131nda bir <a href=\"http:\/\/www.svenskafreds.se\/ka-st-det-till-de-demokratiska-krafterna-i-norra-kaukasus\" target=\"_blank\">a\u00e7\u0131klama yay\u0131nlad\u0131<\/a>.<!--more--><\/p>\n<p style=\"text-align: justify;\">\n<p style=\"text-align: justify;\">Toplulu\u011fun a\u00e7\u0131klamas\u0131nda \u015fu ifadelere yer verildi: &#8220;Bug\u00fcn D\u00fcnya \u00c7e\u00e7enya G\u00fcn\u00fc, t\u00fcm d\u00fcnyada yakla\u015f\u0131k 500.000 \u00c7e\u00e7en\u2019in Stalin&#8217;in emri ile Sibirya&#8217;ya s\u00fcrg\u00fcne g\u00f6nderilmesinin y\u0131ld\u00f6n\u00fcm\u00fc an\u0131l\u0131yor. Ancak bu g\u00f6steriler ayn\u0131 zamanda \u00c7e\u00e7enya\u2019daki iki sava\u015fa kar\u015f\u0131 sessiz kalan d\u00fcnyaya kar\u015f\u0131 da bir sitemi sembolize ediyor.<\/p>\n<p style=\"text-align: justify;\">On be\u015f y\u0131ldan daha uzun bir s\u00fcredir ya\u015fanan iki sava\u015f \u00e7ok say\u0131da sivilin \u00f6lmesi ve yaralanmas\u0131 sonucu ile \u00c7e\u00e7enya&#8217;y\u0131 k\u0131r\u0131p ge\u00e7irdi. Ancak bu sava\u015flardan Kuzey Kafkasya&#8217;da sadece bu cumhuriyet etkilenmedi, sava\u015f\u0131n Rus toplumuna da ciddi bi\u00e7imde tesirleri oldu.<\/p>\n<p style=\"text-align: justify;\">\u00c7e\u00e7enya&#8217;daki anti-ter\u00f6rizm operasyonlar\u0131 resme 2009 y\u0131l\u0131 ilkbahar\u0131nda sona erdi. O zamandan bu yana g\u00f6sterilen resimde cumhuriyette istikrar\u0131n sa\u011fland\u0131\u011f\u0131 tasvir ediliyordu. Lakin, ge\u00e7ti\u011fimiz ay Moskova&#8217;daki Domodedovo Havaliman\u0131&#8217;nda meydana gelen patlamalar \u00fclkede halen bir sava\u015f\u0131n oldu\u011funa dair ac\u0131 bir hat\u0131rlatmayd\u0131. Ger\u00e7ekte Rusya&#8217;n\u0131n g\u00fcneyinde d\u00fc\u015f\u00fck yo\u011funluklu da olsa bir sava\u015f devam ediyor ve buna ili\u015fkin haberler ise hem Rus medyas\u0131nda hem de uluslararas\u0131 medyada nadiren yer al\u0131yor.&#8221;<\/p>\n<p style=\"text-align: justify;\">\u0130sve\u00e7 Bar\u0131\u015f (Svenska Freds) organizasyonunun siyasi sekreteri Paulina Kluge, &#8220;\u00c7e\u00e7enya&#8217;daki insanlar i\u00e7in, onlar\u0131n bar\u0131\u015f ve insan haklar\u0131 konular\u0131nda \u00e7abalar\u0131n\u0131n d\u00fcnya taraf\u0131ndan desteklendi\u011fini bilmeleri son derece \u00f6nem arz ediyor. \u0130sve\u00e7 h\u00fck\u00fcmeti, Kuzey Kafkasya\u2019da demokrasi ve insan haklar\u0131 i\u00e7in \u00e7aba g\u00f6steren insanlar\u0131 desteklemeye devam etmelidir. \u0130sve\u00e7\u2019in her y\u0131l verdi\u011fi destekten \u00f6t\u00fcr\u00fc \u00e7ok mutlu oluyoruz ama bundan daha fazlas\u0131n\u0131n da yap\u0131labilece\u011fini biliyoruz&#8221; dedi.<\/p>\n<p style=\"text-align: justify;\">A\u00e7\u0131klama metninde, \u00c7e\u00e7en Anneleri organizasyonun Kuzey Kafkasya&#8217;da demokrasi ve bar\u0131\u015f i\u00e7in m\u00fccadele veren \u00e7ok say\u0131daki sivil hareketten birisi oldu\u011fu vurguland\u0131. Metinde yer alan bilgiye g\u00f6re, \u0130sve\u00e7 Bar\u0131\u015f ve \u00c7e\u00e7en Anneleri organizasyonlar\u0131 2005 y\u0131l\u0131ndan bu yana i\u015fbirli\u011fi i\u00e7erisinde \u00e7al\u0131\u015fmalar\u0131n\u0131 s\u00fcrd\u00fcr\u00fcyor.<\/p>\n<p style=\"text-align: justify;\">\u00c7e\u00e7en Anneleri organizasyonunun Ba\u015fkan\u0131 Madina Magomadova bir \u00e7al\u0131\u015fma ziyareti amac\u0131yla \u015fu anda \u0130sve\u00e7&#8217;te bulunuyor. Bayan Magomadova&#8217;ya ula\u015fmak isteyenler \u0130sve\u00e7 Bar\u0131\u015f&#8217;\u0131n siyasi sekreteri Paulina Kluge ile irtibata ge\u00e7ebilirler.<\/p>\n<p style=\"text-align: justify;\">Ayr\u0131nt\u0131l\u0131 bilgi edinmek isteyenler i\u00e7in:<\/p>\n<p style=\"text-align: justify;\"><strong>Paulina Kluge<\/strong>, \u0130sve\u00e7 Bar\u0131\u015f ve Uzla\u015fma Toplulu\u011fu siyasi sekreteri: +46 0707-634856<br \/>\n<strong>Anna Ek<\/strong>, \u0130sve\u00e7 Bar\u0131\u015f ve Uzla\u015fma Toplulu\u011fu ba\u015fkan\u0131: +46 0709-540513.<\/p>\n","protected":false},"excerpt":{"rendered":"<p>\u0130sve\u00e7 Bar\u0131\u015f ve Uzla\u015fma Toplulu\u011fu, \u00c7e\u00e7en-\u0130ngu\u015f halklar\u0131n\u0131n s\u00fcrg\u00fcne maruz kalmas\u0131n\u0131n 67.y\u0131ld\u00f6n\u00fcm\u00fc ve \u00c7e\u00e7en Anneleri organizasyonunun ba\u015fkan\u0131 Madina Magomadova&#8217;n\u0131n \u0130sve\u00e7&#8217;e yapt\u0131\u011f\u0131 \u00e7al\u0131\u015fma ziyareti hakk\u0131nda bir a\u00e7\u0131klama yay\u0131nlad\u0131.<\/p>\n","protected":false},"author":3,"featured_media":0,"comment_status":"open","ping_status":"open","sticky":false,"template":"","format":"standard","meta":{"ngg_post_thumbnail":0,"footnotes":""},"categories":[1],"tags":[2317,270,2316],"views":3546,"_links":{"self":[{"href":"http:\/\/www.waynakh.com\/tr\/wp-json\/wp\/v2\/posts\/10292"}],"collection":[{"href":"http:\/\/www.waynakh.com\/tr\/wp-json\/wp\/v2\/posts"}],"about":[{"href":"http:\/\/www.waynakh.com\/tr\/wp-json\/wp\/v2\/types\/post"}],"author":[{"embeddable":true,"href":"http:\/\/www.waynakh.com\/tr\/wp-json\/wp\/v2\/users\/3"}],"replies":[{"embeddable":true,"href":"http:\/\/www.waynakh.com\/tr\/wp-json\/wp\/v2\/comments?post=10292"}],"version-history":[{"count":3,"href":"http:\/\/www.waynakh.com\/tr\/wp-json\/wp\/v2\/posts\/10292\/revisions"}],"predecessor-version":[{"id":10295,"href":"http:\/\/www.waynakh.com\/tr\/wp-json\/wp\/v2\/posts\/10292\/revisions\/10295"}],"wp:attachment":[{"href":"http:\/\/www.waynakh.com\/tr\/wp-json\/wp\/v2\/media?parent=10292"}],"wp:term":[{"taxonomy":"category","embeddable":true,"href":"http:\/\/www.waynakh.com\/tr\/wp-json\/wp\/v2\/categories?post=10292"},{"taxonomy":"post_tag","embeddable":true,"href":"http:\/\/www.waynakh.com\/tr\/wp-json\/wp\/v2\/tags?post=10292"}],"curies":[{"name":"wp","href":"https:\/\/api.w.org\/{rel}","templated":true}]}}