{"id":10959,"date":"2011-04-26T10:49:58","date_gmt":"2011-04-26T07:49:58","guid":{"rendered":"http:\/\/www.waynakh.com\/tr\/?p=10959"},"modified":"2011-04-26T10:49:58","modified_gmt":"2011-04-26T07:49:58","slug":"fransadaki-kucuk-cecen-guresci-umut-vaat-ediyor","status":"publish","type":"post","link":"http:\/\/www.waynakh.com\/tr\/2011\/04\/fransadaki-kucuk-cecen-guresci-umut-vaat-ediyor\/","title":{"rendered":"Fransa&#8217;daki K\u00fc\u00e7\u00fck \u00c7e\u00e7en G\u00fcre\u015f\u00e7i Umut Vaat ediyor"},"content":{"rendered":"<p style=\"text-align: justify;\">Fransa&#8217;da g\u00fcnl\u00fck yay\u0131nlanan b\u00f6lgesel gazete <a href=\"http:\/\/www.ladepeche.fr\/article\/2011\/04\/17\/1061226-Graulhet-Kamil-lutteur-a-11-ans-et-deja-un-statut-de-champion.html\" target=\"_blank\">La D\u00e9p\u00eache du Midi<\/a>, Fransa&#8217;n\u0131n Albi kentinde ya\u015fayan 11 ya\u015f\u0131ndaki bir \u00c7e\u00e7en g\u00fcre\u015f\u00e7i hakk\u0131nda bir haber yay\u0131nlad\u0131.<!--more--><\/p>\n<p style=\"text-align: justify;\">Habere g\u00f6re, 11 ya\u015f\u0131ndaki \u00c7e\u00e7en g\u00fcre\u015f\u00e7i Kamil Chakhbiev, Olimpik G\u00fcre\u015f Kul\u00fcb\u00fc (Club de lutte olympique) i\u00e7in bir gurur kayna\u011f\u0131. Kamil&#8217;in k\u00f6keni Grozny&#8217;den, \u00c7e\u00e7en Cumhuriyeti \u0130\u00e7kerya&#8217;daki s\u00fcregelen Rus i\u015fgali nedeniyle ailesiyle birlikte Fransa&#8217;ya gelmi\u015f. Bir y\u0131l\u0131 a\u015fk\u0131n bir s\u00fcredir de kul\u00fcb\u00fc ad\u0131na turnuvalarda m\u00fccadele ediyor, ama mindere \u00e7\u0131kt\u0131\u011f\u0131 30 kg kategorisinde bug\u00fcne kadar 15 kar\u015f\u0131la\u015fmada hen\u00fcz yenilgi nedir g\u00f6rmemi\u015f ve ge\u00e7ti\u011fimiz g\u00fcnlerde de kat\u0131ld\u0131\u011f\u0131 bir turnuvada b\u00f6lge \u015fampiyonu \u00fcnvan\u0131n\u0131 kazanm\u0131\u015f.<\/p>\n<p style=\"text-align: justify;\">Olimpik G\u00fcre\u015f Kul\u00fcb\u00fc&#8217;n\u00fcn Ba\u015fkan\u0131 Bernard Chaboud ve Kamil&#8217;in antren\u00f6r\u00fc Murad Dautovich Tayamaskhanov minik \u00f6\u011frencilerinin sergiledi\u011fi performanstan \u00f6t\u00fcr\u00fc onunla gurur duyuyorlar.<\/p>\n<p style=\"text-align: justify;\">Kamil&#8217;in antren\u00f6r\u00fc de bir \u00c7e\u00e7en. Bir d\u00f6nem Rusya&#8217;n\u0131n olimpiyatlara kat\u0131lan g\u00fcre\u015f tak\u0131m\u0131nda yard\u0131mc\u0131 antren\u00f6r olarak g\u00f6rev yapm\u0131\u015f olan Murad Tayamaskhanov, &#8220;Kamil gibi potansiyeli olan bir g\u00fcre\u015f\u00e7iyi daha \u00f6nce hi\u00e7 g\u00f6rmedim. M\u00fcsabakalarda s\u0131ra d\u0131\u015f\u0131 \u015feyler ortaya koyabiliyor&#8221; diyor.<\/p>\n<p style=\"text-align: justify;\">Bug\u00fcnlerde Kamil&#8217;in tek dezavantaj\u0131 ya\u015f\u0131. Ya\u015f\u0131n\u0131n k\u00fc\u00e7\u00fck olmas\u0131 nedeniyle Fransa \u015eampiyonas\u0131&#8217;na kabul edilmeyi\u015fi Kamil&#8217;i hayal k\u0131r\u0131kl\u0131\u011f\u0131na u\u011fratm\u0131\u015f ama antren\u00f6r\u00fc Kamil&#8217;in \u00f6n\u00fcm\u00fczdeki y\u0131llarda Fransa \u015fampiyonas\u0131nda, hatta Avrupa, d\u00fcnya ve olimpiyat \u015fampiyonalar\u0131nda \u00e7ok b\u00fcy\u00fck ba\u015far\u0131lar elde edece\u011fine inan\u0131yor.<\/p>\n","protected":false},"excerpt":{"rendered":"<p>Fransa&#8217;da g\u00fcnl\u00fck yay\u0131nlanan b\u00f6lgesel gazete La D\u00e9p\u00eache du Midi, Fransa&#8217;n\u0131n Albi kentinde ya\u015fayan 11 ya\u015f\u0131ndaki bir \u00c7e\u00e7en g\u00fcre\u015f\u00e7i hakk\u0131nda bir haber yay\u0131nlad\u0131.<\/p>\n","protected":false},"author":3,"featured_media":0,"comment_status":"open","ping_status":"open","sticky":false,"template":"","format":"standard","meta":{"ngg_post_thumbnail":0,"footnotes":""},"categories":[1],"tags":[2469],"views":3696,"_links":{"self":[{"href":"http:\/\/www.waynakh.com\/tr\/wp-json\/wp\/v2\/posts\/10959"}],"collection":[{"href":"http:\/\/www.waynakh.com\/tr\/wp-json\/wp\/v2\/posts"}],"about":[{"href":"http:\/\/www.waynakh.com\/tr\/wp-json\/wp\/v2\/types\/post"}],"author":[{"embeddable":true,"href":"http:\/\/www.waynakh.com\/tr\/wp-json\/wp\/v2\/users\/3"}],"replies":[{"embeddable":true,"href":"http:\/\/www.waynakh.com\/tr\/wp-json\/wp\/v2\/comments?post=10959"}],"version-history":[{"count":2,"href":"http:\/\/www.waynakh.com\/tr\/wp-json\/wp\/v2\/posts\/10959\/revisions"}],"predecessor-version":[{"id":10962,"href":"http:\/\/www.waynakh.com\/tr\/wp-json\/wp\/v2\/posts\/10959\/revisions\/10962"}],"wp:attachment":[{"href":"http:\/\/www.waynakh.com\/tr\/wp-json\/wp\/v2\/media?parent=10959"}],"wp:term":[{"taxonomy":"category","embeddable":true,"href":"http:\/\/www.waynakh.com\/tr\/wp-json\/wp\/v2\/categories?post=10959"},{"taxonomy":"post_tag","embeddable":true,"href":"http:\/\/www.waynakh.com\/tr\/wp-json\/wp\/v2\/tags?post=10959"}],"curies":[{"name":"wp","href":"https:\/\/api.w.org\/{rel}","templated":true}]}}