{"id":11032,"date":"2011-05-08T13:39:51","date_gmt":"2011-05-08T10:39:51","guid":{"rendered":"http:\/\/www.waynakh.com\/tr\/?p=11032"},"modified":"2011-05-08T13:40:44","modified_gmt":"2011-05-08T10:40:44","slug":"bir-cecen-multeci-fransada-suikaste-kurban-gitti","status":"publish","type":"post","link":"http:\/\/www.waynakh.com\/tr\/2011\/05\/bir-cecen-multeci-fransada-suikaste-kurban-gitti\/","title":{"rendered":"Bir \u00c7e\u00e7en M\u00fclteci Fransa&#8217;da Suikaste Kurban Gitti"},"content":{"rendered":"<p style=\"text-align: justify;\"><a href=\"http:\/\/daymohk.net\/cgi-bin\/orsi3\/index.cgi?id=40811;section=3\" target=\"_blank\">Daymohk adl\u0131 internet sitesinde yer alan bir habere g\u00f6re<\/a>, eski bir i\u015fadam\u0131 olan Abdulla Erzanukayev isimli \u00c7e\u00e7en m\u00fclteci Fransa\u2019da vurularak \u00f6ld\u00fcr\u00fcld\u00fc.<!--more--><\/p>\n<p style=\"text-align: justify;\">\u0130nternet sitesi Fransa&#8217;da ya\u015fanan olayla ilgili olarak hen\u00fcz ellerinde ayr\u0131nt\u0131l\u0131 bir bilgi olmad\u0131\u011f\u0131n\u0131 belirtti. Habere g\u00f6re, Abdulla Erzanukayev ve bir Ermeni arkada\u015f\u0131 6 May\u0131s g\u00fcn\u00fc Fransa&#8217;da bir yerde silahla vurularak \u00f6ld\u00fcr\u00fcld\u00fcler. Katilin Frans\u0131z yetkililere teslim oldu\u011funa ili\u015fkin s\u00f6ylentiler olsa da \u015fa\u015f\u0131rt\u0131c\u0131 bir \u015fekilde bu y\u00fcksek profilli cinayete ili\u015fkin herhangi bir bilgi Frans\u0131z medyas\u0131nda yer alm\u0131yor.<\/p>\n<p style=\"text-align: justify;\">1948 do\u011fumlu Abdulla Erzanukayev, \u00c7e\u00e7en Cumhuriyeti \u0130\u00e7kerya vatanda\u015f\u0131yd\u0131. Bir in\u015faat m\u00fchendisi olarak \u00c7e\u00e7enya&#8217;da \u00e7ok say\u0131da ev in\u015fa etti ve t\u00fcm paras\u0131n\u0131 kendi \u00fclkesinde yat\u0131r\u0131m yapmaya harcad\u0131. Rus i\u015fgal g\u00fc\u00e7leri \u00c7e\u00e7enya\u2019ya geldi\u011finde sadece evini de\u011fil, t\u00fcm hayallerini yok etti. Kendisinin ve ailesinin hayat\u0131n\u0131 kurtarmak i\u00e7in \u00c7e\u00e7enya&#8217;dan ayr\u0131ld\u0131 ve Bat\u0131&#8217;da siyasi s\u0131\u011f\u0131nma arad\u0131. Uzun s\u00fcren s\u0131k\u0131nt\u0131l\u0131 d\u00f6nemlerin ard\u0131ndan ailesiyle birlikte (kar\u0131s\u0131 Zarema ve \u00fc\u00e7 k\u0131z\u0131) Fransa\u2019dan s\u0131\u011f\u0131nma talebinde bulundu. T\u00fcm ya\u015fant\u0131s\u0131 boyunca bar\u0131\u015f\u00e7\u0131l bir ki\u015filik olmay\u0131 tercih etti ve hayat\u0131 boyunca silah ku\u015fanmad\u0131, ancak \u00fclkesine yard\u0131m etmek i\u00e7in de elinden gelen her \u015feyi yapt\u0131. Avrupa&#8217;da kendisine kurdu\u011fu yeni i\u015f hayat\u0131nda elde etti\u011fi ba\u015far\u0131lar sayesinde, kazand\u0131klar\u0131n\u0131 Azerbaycan&#8217;daki \u00c7e\u00e7en m\u00fcltecilere ve \u00c7e\u00e7enya&#8217;ya insani yard\u0131m olarak harcad\u0131. Bat\u0131l\u0131 gazeteciler i\u00e7in Rusya ile sava\u015ftaki \u00c7e\u00e7enya&#8217;ya g\u00fcvenli seyahatler organize etti. Bu \u00e7al\u0131\u015fmalar\u0131 Rus g\u00fcvenlik servislerinin ona \u00f6fke duymas\u0131na yetti. Bir keresinde ailesini ziyaret etmek \u00fczere Rusya&#8217;ya giden e\u015fi Zarema, Moskova&#8217;da havaliman\u0131nda tutukland\u0131 ve Lefortovo&#8217;daki FSB hapishanesinde g\u00fcl\u00fcn\u00e7 bahanelerle tutuldu. Abdulla ve Kama Trade isimli \u015firketi, \u00c7e\u00e7en saha komutanlar\u0131 \u015eamil Basayev ve Khamzat Gelayev\u2019in aktif finans\u00f6rleri olduklar\u0131 iddias\u0131yla su\u00e7land\u0131. Bu nedenle Frans\u0131z polisi 17 Eyl\u00fcl 2003 tarihinde d\u00fczenledi\u011fi bir operasyon ile Abdulla&#8217;y\u0131 tutuklad\u0131, ancak 30 Ekim 2003 tarihinde serbest b\u0131rak\u0131ld\u0131. Bu geli\u015fmeler \u00fczerine i\u015f hayat\u0131ndan emekli olan Abdulla, o g\u00fcnlerden bu yana bar\u0131\u015f ve s\u00fckunet i\u00e7erisinde ya\u015famaya \u00e7al\u0131\u015f\u0131yordu.<\/p>\n","protected":false},"excerpt":{"rendered":"<p>Daymohk adl\u0131 internet sitesinde yer alan bir habere g\u00f6re, eski bir i\u015fadam\u0131 olan Abdulla Erzanukayev isimli \u00c7e\u00e7en m\u00fclteci Fransa\u2019da vurularak \u00f6ld\u00fcr\u00fcld\u00fc.<\/p>\n","protected":false},"author":3,"featured_media":0,"comment_status":"open","ping_status":"open","sticky":false,"template":"","format":"standard","meta":{"ngg_post_thumbnail":0,"footnotes":""},"categories":[1],"tags":[2487],"views":3672,"_links":{"self":[{"href":"http:\/\/www.waynakh.com\/tr\/wp-json\/wp\/v2\/posts\/11032"}],"collection":[{"href":"http:\/\/www.waynakh.com\/tr\/wp-json\/wp\/v2\/posts"}],"about":[{"href":"http:\/\/www.waynakh.com\/tr\/wp-json\/wp\/v2\/types\/post"}],"author":[{"embeddable":true,"href":"http:\/\/www.waynakh.com\/tr\/wp-json\/wp\/v2\/users\/3"}],"replies":[{"embeddable":true,"href":"http:\/\/www.waynakh.com\/tr\/wp-json\/wp\/v2\/comments?post=11032"}],"version-history":[{"count":4,"href":"http:\/\/www.waynakh.com\/tr\/wp-json\/wp\/v2\/posts\/11032\/revisions"}],"predecessor-version":[{"id":11037,"href":"http:\/\/www.waynakh.com\/tr\/wp-json\/wp\/v2\/posts\/11032\/revisions\/11037"}],"wp:attachment":[{"href":"http:\/\/www.waynakh.com\/tr\/wp-json\/wp\/v2\/media?parent=11032"}],"wp:term":[{"taxonomy":"category","embeddable":true,"href":"http:\/\/www.waynakh.com\/tr\/wp-json\/wp\/v2\/categories?post=11032"},{"taxonomy":"post_tag","embeddable":true,"href":"http:\/\/www.waynakh.com\/tr\/wp-json\/wp\/v2\/tags?post=11032"}],"curies":[{"name":"wp","href":"https:\/\/api.w.org\/{rel}","templated":true}]}}