{"id":11498,"date":"2011-08-24T08:57:00","date_gmt":"2011-08-24T05:57:00","guid":{"rendered":"http:\/\/www.waynakh.com\/tr\/?p=11498"},"modified":"2011-08-24T08:57:00","modified_gmt":"2011-08-24T05:57:00","slug":"letonya-dudaev-bulvari-adini-degistirmeyi-reddetti","status":"publish","type":"post","link":"http:\/\/www.waynakh.com\/tr\/2011\/08\/letonya-dudaev-bulvari-adini-degistirmeyi-reddetti\/","title":{"rendered":"Letonya Dudaev Bulvar\u0131 Ad\u0131n\u0131 De\u011fi\u015ftirmeyi Reddetti"},"content":{"rendered":"<p style=\"text-align: justify;\">Letonya medyas\u0131, Riga \u015eehir Konseyi An\u0131tlar Kurulu\u2019nun belediye ba\u015fkan\u0131 Nils U\u0161akov\u2019un Dudaev Bulvar\u0131\u2019n\u0131n ad\u0131n\u0131n de\u011fi\u015ftirilmesine ili\u015fkin \u00f6nerisini oybirli\u011fiyle reddetti\u011fini duyurdu.<!--more--><\/p>\n<p style=\"text-align: justify;\">Habere g\u00f6re, Riga Belediye Ba\u015fkan\u0131 Nils U\u0161akov, &#8220;Dzhoxar Dudaev Bulvar\u0131 (D\u017eohara Dudajeva Gatve)&#8221;n\u0131n ad\u0131n\u0131n 1924-2000 y\u0131llar\u0131 aras\u0131nda ya\u015fam\u0131\u015f \u00fcnl\u00fc \u00c7e\u00e7en dans\u00e7\u0131 &#8220;Makhmoud Esambayev&#8221; ismiyle de\u011fi\u015ftirilmesini \u00f6nerdi. Riga \u015eehir Konseyi An\u0131tlar Kurulu\u2019nun konuyu ele ald\u0131\u011f\u0131 toplant\u0131da kurul \u00fcyeleri \u00f6neriyi oybirli\u011fiyle reddetti. Riga \u015eehir Konseyi Ba\u015fkan\u0131 Oj\u0101rs Sp\u0101r\u012btis taraf\u0131ndan duyurulan kararda, Rusya\u2019n\u0131n i\u00e7 politikalar\u0131ndan kaynaklanan reflekslerinin Riga\u2019ya etki etmesinin m\u00fcmk\u00fcn olmad\u0131\u011f\u0131 vurguland\u0131.<\/p>\n<p style=\"text-align: justify;\">Riga \u015eehir Konseyi \u00fcyelerinden Valdis Gavars, &#8220;1990\u2019l\u0131 y\u0131llarda yapt\u0131klar\u0131ndan \u00f6t\u00fcr\u00fc Dudaev\u2019e minnettar\u0131z. Bu nedenle caddenin ismi de\u011fi\u015ftirilemez&#8221; ifadelerini kulland\u0131.<\/p>\n<p style=\"text-align: justify;\">Riga \u015eehir Konseyi\u2019nin mimar \u00fcyesi Janis Krastins, karar hakk\u0131nda gazetecilere verdi\u011fi deme\u00e7te, &#8220;Bu caddeye Dudaev ismi, 1990\u2019l\u0131 y\u0131llar\u0131n ortalar\u0131nda \u00c7e\u00e7enya\u2019n\u0131n ba\u011f\u0131ms\u0131zl\u0131\u011f\u0131 i\u00e7in sava\u015fmas\u0131 ve Rus g\u00fcvenlik g\u00fc\u00e7leri taraf\u0131ndan \u00f6ld\u00fcr\u00fclmesinden dolay\u0131 verildi&#8221; dedi.<\/p>\n<p style=\"text-align: justify;\">Riga \u015eehir Konseyi\u2019nin bir di\u011fer mimar \u00fcyesi Eyzhens Upmanis ise, &#8220;Bu caddenin Dzhoxar Dudaev olarak isimlendirilmesi, onun Balt\u0131k \u00fclkelerinin tarihindeki rol\u00fc ve \u00c7e\u00e7en halk\u0131n\u0131n ba\u011f\u0131ms\u0131zl\u0131\u011f\u0131 i\u00e7in verdi\u011fi m\u00fccadelenin bir sonucudur. \u00c7e\u00e7en halk\u0131 s\u00fcrg\u00fcnlerden \u00e7ok \u00e7ekti, hatta Letonyal\u0131lardan bile daha fazla ac\u0131 \u00e7ektiler. Yar\u0131m milyon \u00c7e\u00e7en, Stalin\u2019in emri do\u011frultusunda anavatan\u0131ndan s\u00fcr\u00fclerek Orta Asya\u2019ya g\u00f6nderildi. Ama bu halk hayatta kalmay\u0131 ba\u015fard\u0131. S\u00fcrg\u00fcn g\u00fcn\u00fc sekiz g\u00fcnl\u00fck bir bebek olan Dudaev, \u00fcst d\u00fczey bir asker olmay\u0131 ba\u015fard\u0131. Balt\u0131k \u00fclkeleri ve anavatan\u0131 i\u00e7in \u00e7ok \u00f6nemli i\u015flere imza att\u0131. Ayr\u0131ca onun ismini kamusal alanlara veren tek \u015fehrin biz olmad\u0131\u011f\u0131m\u0131z\u0131 da hat\u0131rlatmak isterim&#8221; dedi.<\/p>\n<p style=\"text-align: justify;\">\u00d6te yandan, belediye ba\u015fkan\u0131 Nils U\u0161akov karardan duydu\u011fu memnuniyetsizli\u011fi dile getirerek, May\u0131s 2012\u2019de yeni bir imza kampanyas\u0131 ile caddenin ad\u0131n\u0131n de\u011fi\u015ftirilmesi i\u00e7in yine ba\u015fvuraca\u011f\u0131n\u0131 a\u00e7\u0131klad\u0131.<\/p>\n","protected":false},"excerpt":{"rendered":"<p>Letonya medyas\u0131, Riga \u015eehir Konseyi An\u0131tlar Kurulu\u2019nun belediye ba\u015fkan\u0131 Nils U\u0161akov\u2019un Dudaev Bulvar\u0131\u2019n\u0131n ad\u0131n\u0131n de\u011fi\u015ftirilmesine ili\u015fkin \u00f6nerisini oybirli\u011fiyle reddetti\u011fini duyurdu.<\/p>\n","protected":false},"author":3,"featured_media":0,"comment_status":"open","ping_status":"open","sticky":false,"template":"","format":"standard","meta":{"ngg_post_thumbnail":0,"footnotes":""},"categories":[1],"tags":[1077,2614],"views":3547,"_links":{"self":[{"href":"http:\/\/www.waynakh.com\/tr\/wp-json\/wp\/v2\/posts\/11498"}],"collection":[{"href":"http:\/\/www.waynakh.com\/tr\/wp-json\/wp\/v2\/posts"}],"about":[{"href":"http:\/\/www.waynakh.com\/tr\/wp-json\/wp\/v2\/types\/post"}],"author":[{"embeddable":true,"href":"http:\/\/www.waynakh.com\/tr\/wp-json\/wp\/v2\/users\/3"}],"replies":[{"embeddable":true,"href":"http:\/\/www.waynakh.com\/tr\/wp-json\/wp\/v2\/comments?post=11498"}],"version-history":[{"count":1,"href":"http:\/\/www.waynakh.com\/tr\/wp-json\/wp\/v2\/posts\/11498\/revisions"}],"predecessor-version":[{"id":11499,"href":"http:\/\/www.waynakh.com\/tr\/wp-json\/wp\/v2\/posts\/11498\/revisions\/11499"}],"wp:attachment":[{"href":"http:\/\/www.waynakh.com\/tr\/wp-json\/wp\/v2\/media?parent=11498"}],"wp:term":[{"taxonomy":"category","embeddable":true,"href":"http:\/\/www.waynakh.com\/tr\/wp-json\/wp\/v2\/categories?post=11498"},{"taxonomy":"post_tag","embeddable":true,"href":"http:\/\/www.waynakh.com\/tr\/wp-json\/wp\/v2\/tags?post=11498"}],"curies":[{"name":"wp","href":"https:\/\/api.w.org\/{rel}","templated":true}]}}