{"id":117,"date":"2007-08-22T15:10:17","date_gmt":"2007-08-22T13:10:17","guid":{"rendered":"http:\/\/www.zelimhan.com\/?p=2589"},"modified":"2007-08-22T15:10:17","modified_gmt":"2007-08-22T13:10:17","slug":"dublin-de-multeci-krizi","status":"publish","type":"post","link":"http:\/\/www.waynakh.com\/tr\/2007\/08\/dublin-de-multeci-krizi\/","title":{"rendered":"Dublin&#8217; de M\u00fclteci Krizi"},"content":{"rendered":"<p>\u0130rlanda&#8217; n\u0131n ba\u015fkenti Dublin&#8217; de 21 A\u011fustos g\u00fcn\u00fc, Magomed Basayev isimli bir \u00c7e\u00e7en m\u00fcltecinin, b\u0131\u00e7akla kendisini yatak odas\u0131na kilitlemesi 6 saat kadar s\u00fcren ufak \u00e7apl\u0131 bir krize neden oldu.<\/p>\n<div>B\u00f6lgeden gelen bilgilere g\u00f6re, 40 ya\u015flar\u0131ndaki Magomed Basayev, s\u0131\u011f\u0131nmac\u0131lar\u0131n kald\u0131\u011f\u0131 Dublin&#8217; in Hatch Caddesi&#8217; nde bulunan Hatch Hill Kompleksi&#8217; nde kahvalt\u0131dan sonra elindeki b\u0131\u00e7akla kendisini yatak odas\u0131na kilitledi. S\u0131\u011f\u0131nma ba\u015fvurusu sahibi Magomed hayat\u0131na son verece\u011fini s\u00f6ylerken, di\u011fer m\u00fclteciler hem Magomed&#8217; in hayat\u0131ndan hem de kendi hayatlar\u0131ndan endi\u015fe ederek yetkili makamlara haber verdiler. Doksana yak\u0131n m\u00fclteci eri\u015fkin ve \u00e7ocu\u011fun bulundu\u011fu binadaki eyleme m\u00fcdahale etmek i\u00e7in yetkililer, bir ambulans ve keskin ni\u015fanc\u0131 ekibiyle ancak g\u00fcn ortas\u0131nda geldi.<\/div>\n<p align=\"justify\">Magomed Basayev, 11 \u00e7ocu\u011fu oldu\u011funu, 5&#8242; inin e\u015fi ile birlikte \u00c7e\u00e7enya&#8217; da \u00f6ld\u00fcr\u00fcld\u00fc\u011f\u00fcn\u00fc s\u00f6yl\u00fcyordu. Geride kalan ve bat\u0131 Avrupa&#8217; da bir yerlerde olan 6 \u00e7ocu\u011funu g\u00f6rmek i\u00e7in seyahat etmek istiyordu. Ancak, m\u00fcltecilik stat\u00fcs\u00fc i\u00e7in yapt\u0131\u011f\u0131 ba\u015fvuru hen\u00fcz neticelendirilmemi\u015fti. 5 A\u011fustos&#8217; da \u00e7ocuklar\u0131n\u0131 ziyaret edebilmesi i\u00e7in izin karar\u0131n\u0131n verilmesini bekliyordu. Ancak, yetkililer Magomed&#8217; in ba\u015fvurusunu reddetmi\u015flerdi. Bu karar\u0131 \u00f6\u011frendikten sonra, di\u011fer m\u00fcltecilerle birlikte yemek salonunda yemek yemeyi reddetti ve di\u011fer m\u00fcltecilerce odas\u0131na getirelen abur cuburla ya\u015famaya ba\u015flad\u0131. Her ge\u00e7en g\u00fcn psikolojik durumu k\u00f6t\u00fcye gitmeye ba\u015flayan Magomed, bir s\u00fcre sonra odas\u0131ndan da \u00e7\u0131kmamaya ba\u015flad\u0131. Ve 21 A\u011fustos g\u00fcn\u00fc de kahvalt\u0131dan sonra kendisini elindeki b\u0131\u00e7ak ile yatak odas\u0131na kilitleyerek, kendisini \u00f6ld\u00fcrece\u011fini s\u00f6ylemeye ba\u015flad\u0131.<\/p>\n<p align=\"justify\">Yetkililerin \u00e7abalar\u0131 sonucu ak\u015fam \u00fczeri saat 18.30 sular\u0131nda eyleme son verdirilirken, Magomed tutuklanarak Pearse Caddesi Garda \u0130stasyonu&#8217; na g\u00f6t\u00fcr\u00fcld\u00fc. Adalet B\u00f6l\u00fcm\u00fc, d\u00fcn gece olaydan haberdar olduklar\u0131 belirtti ama olayla ilgili ayr\u0131nt\u0131l\u0131 bir bilgi vermedi. Garda Bas\u0131n Ofisi S\u00f6zc\u00fcs\u00fc ise Magomed Basayev&#8217; in zihinsel problemden kaynaklanan eylem nedeniyle tutukland\u0131\u011f\u0131n\u0131 a\u00e7\u0131klad\u0131. A\u00e7\u0131klamada eylemde yaralanan ya da \u00f6len olmad\u0131\u011f\u0131 da vurguland\u0131.<\/p>\n","protected":false},"excerpt":{"rendered":"<p>\u0130rlanda&#8217; n\u0131n ba\u015fkenti Dublin&#8217; de 21 A\u011fustos g\u00fcn\u00fc, Magomed Basayev isimli bir \u00c7e\u00e7en m\u00fcltecinin, b\u0131\u00e7akla kendisini yatak odas\u0131na kilitlemesi 6 saat kadar s\u00fcren ufak \u00e7apl\u0131 bir krize neden oldu.<br \/>\nB\u00f6lgeden gelen bilgilere g\u00f6re, 40 ya\u015flar\u0131ndaki Magomed &#8230;<\/p>\n","protected":false},"author":1,"featured_media":0,"comment_status":"open","ping_status":"open","sticky":false,"template":"","format":"standard","meta":{"ngg_post_thumbnail":0,"footnotes":""},"categories":[1],"tags":[],"views":3636,"_links":{"self":[{"href":"http:\/\/www.waynakh.com\/tr\/wp-json\/wp\/v2\/posts\/117"}],"collection":[{"href":"http:\/\/www.waynakh.com\/tr\/wp-json\/wp\/v2\/posts"}],"about":[{"href":"http:\/\/www.waynakh.com\/tr\/wp-json\/wp\/v2\/types\/post"}],"author":[{"embeddable":true,"href":"http:\/\/www.waynakh.com\/tr\/wp-json\/wp\/v2\/users\/1"}],"replies":[{"embeddable":true,"href":"http:\/\/www.waynakh.com\/tr\/wp-json\/wp\/v2\/comments?post=117"}],"version-history":[{"count":0,"href":"http:\/\/www.waynakh.com\/tr\/wp-json\/wp\/v2\/posts\/117\/revisions"}],"wp:attachment":[{"href":"http:\/\/www.waynakh.com\/tr\/wp-json\/wp\/v2\/media?parent=117"}],"wp:term":[{"taxonomy":"category","embeddable":true,"href":"http:\/\/www.waynakh.com\/tr\/wp-json\/wp\/v2\/categories?post=117"},{"taxonomy":"post_tag","embeddable":true,"href":"http:\/\/www.waynakh.com\/tr\/wp-json\/wp\/v2\/tags?post=117"}],"curies":[{"name":"wp","href":"https:\/\/api.w.org\/{rel}","templated":true}]}}