{"id":1189,"date":"2009-01-14T16:44:44","date_gmt":"2009-01-14T14:44:44","guid":{"rendered":"http:\/\/www.zelimhan.com\/?p=3200"},"modified":"2009-01-14T16:44:44","modified_gmt":"2009-01-14T14:44:44","slug":"kadirov-un-eski-korumasi-avusturya-da-olduruldu","status":"publish","type":"post","link":"http:\/\/www.waynakh.com\/tr\/2009\/01\/kadirov-un-eski-korumasi-avusturya-da-olduruldu\/","title":{"rendered":"Kadirov&#8217; un Eski Korumas\u0131 Avusturya&#8217; da \u00d6ld\u00fcr\u00fcld\u00fc"},"content":{"rendered":"<p>Kukla Ramzan Kadirov&#8217; un i\u015fledi\u011fi su\u00e7lar\u0131 a\u00e7\u0131klayan Kadirov&#8217; un eski ki\u015fisel korumas\u0131 Umar S. Israilov&#8217; un 13 Ocak 2009 Sal\u0131 g\u00fcn\u00fc Viyana&#8217; da \u00f6ld\u00fcr\u00fcld\u00fc\u011f\u00fc bildirildi.<!--more--><\/p>\n<p>Avusturya polisine g\u00f6re Umar Israilov, 13 Ocak 2009 Sal\u0131 g\u00fcn\u00fc saat 13.00 sular\u0131nda oturdu\u011fu apartman\u0131n yan\u0131ndaki markete yo\u011furt almaya giderken caddede\u00a0 iki otomobil i\u00e7indeki kimli\u011fi hen\u00fcz belirlenemeyen d\u00f6rt ki\u015finin silahl\u0131 sald\u0131r\u0131s\u0131na u\u011frad\u0131. Sald\u0131r\u0131da ikisi ba\u015f\u0131ndan olmak \u00fczere d\u00f6rt kur\u015fun yaras\u0131 alan Israilov kald\u0131r\u0131ld\u0131\u011f\u0131 hastanede hayat\u0131n\u0131 kaybetti.<\/p>\n<p>13 Ocak 2009 Sal\u0131 g\u00fcn\u00fc \u00f6ld\u00fcr\u00fclen \u00c7e\u00e7en m\u00fcltecinin ilgin\u00e7 hikayesini ise Avukat\u0131 Nadja Lorenz a\u00e7\u0131klad\u0131. Lorenz&#8217; in verdi\u011fi bilgilere g\u00f6re, 27 ya\u015f\u0131ndaki Umar Israilov I. Rus &#8211; \u00c7e\u00e7en Sava\u015f\u0131&#8217; nda \u00f6zg\u00fcrl\u00fck m\u00fccadelesi veren \u00c7e\u00e7enlerin yan\u0131nda yer ald\u0131, ancak daha sonra kukla rejimin ilan etti\u011fi s\u00f6zde afta saf de\u011fi\u015ftirdi. 2003-2005 y\u0131llar\u0131 aras\u0131nda da kukla rejimin eleba\u015f\u0131 olan Ramzan Kadirov&#8217; un ki\u015fisel korumalar\u0131ndan birisi olarak \u00e7al\u0131\u015ft\u0131. 2006 y\u0131l\u0131nda e\u015fi ve \u00fc\u00e7 \u00e7ocu\u011fuyla birlikte \u00c7e\u00e7enya&#8217; dan ka\u00e7arak Avusturya&#8217; da m\u00fcltecilik stat\u00fcs\u00fc i\u00e7in ba\u015fvuruda bulundu. Kendisiyle yap\u0131lan m\u00fclakatlarda i\u015fgal alt\u0131ndaki \u00c7e\u00e7enya&#8217; da ya\u015fan\u0131lanlar\u0131 t\u00fcm ger\u00e7ekli\u011fiyle anlatt\u0131. 2006 y\u0131l\u0131n\u0131n sonlar\u0131nda da Avrupa \u0130nsan Haklar\u0131 Mahkemesi&#8217; ne eleba\u015f\u0131 Kadirov taraf\u0131ndan s\u00fcrd\u00fcr\u00fclen sistematik insan ka\u00e7\u0131rma ve i\u015fkence olaylar\u0131 hakk\u0131nda \u015fikayette bulundu. Israilov, \u00c7e\u00e7enya&#8217; daki kukla h\u00fck\u00fcmetin eleba\u015f\u0131 Kadirov&#8217; un da bizzat i\u015fkencelere kat\u0131ld\u0131\u011f\u0131n\u0131 i\u015fkencelerde en \u00e7ok tercih etti\u011fi y\u00f6ntemin de elektrik \u015foku uygulamak oldu\u011funu, hatta gardiyanlar\u0131na mahkumlara elektrik \u015foku uygulamalar\u0131 i\u00e7in talimat verdi\u011fine dikkat \u00e7ekti. Bir keresinde ka\u00e7\u0131r\u0131lan bir \u00c7e\u00e7en k\u0131za Kadirov&#8217; un adamlar\u0131ndan birisince tecav\u00fcz edildi\u011fine \u015fahit oldu\u011funuda Avusturya h\u00fck\u00fcmeti yetkilileriyle yapt\u0131\u011f\u0131 m\u00fclakatlarda a\u00e7\u0131klad\u0131\u011f\u0131 \u00f6\u011frenildi.<\/p>\n<p>Avukat Nadja Lorenz, Umar Israilov cinayetinin arkas\u0131nda \u00c7e\u00e7enya&#8217; daki kukla h\u00fck\u00fcmetin eleba\u015f\u0131 Ramzan Kadirov&#8217; un ya da Rus gizli servisinin oldu\u011funa inand\u0131klar\u0131n\u0131 \u00e7\u00fcnk\u00fc Israilov&#8217; un babas\u0131n\u0131n da Umar Israilov&#8217; un ailesiyle birlikte Avusturya&#8217; ya ka\u00e7mas\u0131ndan sonra tutuklanarak 10 ay boyunca i\u015fkenceye maruz kald\u0131\u011f\u0131n\u0131 a\u00e7\u0131klayarak, Israilov&#8217; un babas\u0131ndan bu s\u00fcre zarf\u0131nda o\u011flunun nerede oldu\u011funu s\u00f6ylemesinin istendi\u011fini ve o\u011flunun geri d\u00f6nmesini sa\u011flamas\u0131n\u0131n istendi\u011fini vurgulad\u0131. Lorenz ayr\u0131ca Kadirov&#8217; un temsilcilerinden birisinin Avusturya&#8217; ya yapt\u0131\u011f\u0131 bir ziyarette Israilov&#8217; dan \u00c7e\u00e7enya&#8217; ya d\u00f6nmesini istedi\u011fini, bu ziyaretin ard\u0131ndan Umar Israilov&#8217; un Kadirov&#8217; un tahmin edilmedi\u011fi kadar g\u00fc\u00e7l\u00fc birisi oldu\u011funu ifade ederek Avusturya makamlar\u0131ndan koruma talep etti\u011fini ancak bu talebin reddedildi\u011fini a\u00e7\u0131klad\u0131.<\/p>\n","protected":false},"excerpt":{"rendered":"<p>Kukla Ramzan Kadirov&#8217; un i\u015fledi\u011fi su\u00e7lar\u0131 a\u00e7\u0131klayan Kadirov&#8217; un eski ki\u015fisel korumas\u0131 Umar S. Israilov&#8217; un 13 Ocak 2009 Sal\u0131 g\u00fcn\u00fc Viyana&#8217; da \u00f6ld\u00fcr\u00fcld\u00fc\u011f\u00fc bildirildi.<\/p>\n","protected":false},"author":1,"featured_media":0,"comment_status":"open","ping_status":"open","sticky":false,"template":"","format":"standard","meta":{"ngg_post_thumbnail":0,"footnotes":""},"categories":[1],"tags":[],"views":5104,"_links":{"self":[{"href":"http:\/\/www.waynakh.com\/tr\/wp-json\/wp\/v2\/posts\/1189"}],"collection":[{"href":"http:\/\/www.waynakh.com\/tr\/wp-json\/wp\/v2\/posts"}],"about":[{"href":"http:\/\/www.waynakh.com\/tr\/wp-json\/wp\/v2\/types\/post"}],"author":[{"embeddable":true,"href":"http:\/\/www.waynakh.com\/tr\/wp-json\/wp\/v2\/users\/1"}],"replies":[{"embeddable":true,"href":"http:\/\/www.waynakh.com\/tr\/wp-json\/wp\/v2\/comments?post=1189"}],"version-history":[{"count":4,"href":"http:\/\/www.waynakh.com\/tr\/wp-json\/wp\/v2\/posts\/1189\/revisions"}],"predecessor-version":[{"id":1192,"href":"http:\/\/www.waynakh.com\/tr\/wp-json\/wp\/v2\/posts\/1189\/revisions\/1192"}],"wp:attachment":[{"href":"http:\/\/www.waynakh.com\/tr\/wp-json\/wp\/v2\/media?parent=1189"}],"wp:term":[{"taxonomy":"category","embeddable":true,"href":"http:\/\/www.waynakh.com\/tr\/wp-json\/wp\/v2\/categories?post=1189"},{"taxonomy":"post_tag","embeddable":true,"href":"http:\/\/www.waynakh.com\/tr\/wp-json\/wp\/v2\/tags?post=1189"}],"curies":[{"name":"wp","href":"https:\/\/api.w.org\/{rel}","templated":true}]}}