{"id":12681,"date":"2013-01-15T14:40:23","date_gmt":"2013-01-15T11:40:23","guid":{"rendered":"http:\/\/www.waynakh.com\/tr\/?p=12681"},"modified":"2013-01-15T14:40:23","modified_gmt":"2013-01-15T11:40:23","slug":"gazi-cecen-avusturyadan-sinirdisi-edilebilir","status":"publish","type":"post","link":"http:\/\/www.waynakh.com\/tr\/2013\/01\/gazi-cecen-avusturyadan-sinirdisi-edilebilir\/","title":{"rendered":"Gazi \u00c7e\u00e7en Avusturya&#8217;dan S\u0131n\u0131rd\u0131\u015f\u0131 Edilebilir"},"content":{"rendered":"<p style=\"text-align: justify;\">Ba\u011f\u0131ms\u0131z gazeteci Elena Maglevannaya, bir gazi \u00c7e\u00e7en&#8217;in ailesiyle birlikte Avusturya&#8217;dan s\u0131n\u0131rd\u0131\u015f\u0131 edilme riski alt\u0131nda bulundu\u011funu bildirdi.<!--more--><\/p>\n<p style=\"text-align: justify;\">Waynakh Online&#8217;a ula\u015ft\u0131r\u0131lan bilgiye g\u00f6re, Timerlan Tamayev adl\u0131 \u00c7e\u00e7en gazi, hem birinci hem de ikinci Rus-\u00c7e\u00e7en sava\u015flar\u0131nda anavat\u0131n\u0131n\u0131 korumak amac\u0131yla Rus i\u015fgalcilere kar\u015f\u0131 m\u00fccadele etti. Birinci sava\u015f s\u0131ras\u0131nda, tan\u0131nm\u0131\u015f \u00c7e\u00e7en saha komutan\u0131 Salman Raduyev&#8217;in komutas\u0131ndaki &#8220;Ye\u015fil Bereliler&#8221; grubunda yer ald\u0131, ikinci sava\u015fta ise Devlet Ba\u015fkanl\u0131\u011f\u0131 Muhaf\u0131zlar\u0131 aras\u0131nda \u00fclkesini savundu. Timerlan ve karde\u015fi Ruslan, 24 Haziran 2000 tarihinde Rus i\u015fgalcilere esir d\u00fc\u015ft\u00fc. Timerlan 10 g\u00fcn, Ruslan ise 23 g\u00fcn boyunca Rus askerlerin ak\u0131l almaz i\u015fkencelerine maruz kald\u0131. Esir tutulduklar\u0131 s\u00fcre boyunca, Rus i\u015fgalciler, \u00c7e\u00e7en komutan \u015eamil Basayev idaresinde 1995 y\u0131l\u0131nda ger\u00e7ekle\u015ftirilen \u00fcnl\u00fc Budennovk Bask\u0131n\u0131&#8217;nda yer ald\u0131klar\u0131n\u0131 itiraf etmelerini istiyordu. Timerlan bu bask\u0131nda yer alm\u0131\u015ft\u0131 ama karde\u015fi Ruslan&#8217;\u0131n herhangi bir kat\u0131l\u0131m\u0131 olmam\u0131\u015ft\u0131. \u0130ki karde\u015f ancak akrabalar\u0131n\u0131n \u00f6dedi\u011fi y\u00fckl\u00fc r\u00fc\u015fvet sayesinde esaretten kurtuldu. G\u00f6rd\u00fc\u011f\u00fc i\u015fkencelerin etkisi nedeniyle Ruslan bir s\u00fcre \u00f6nce hayat\u0131n\u0131 kaybetti. Timerlan ise serbest b\u0131rak\u0131ld\u0131ktan sonra komutan\u0131ndan ald\u0131\u011f\u0131 icazet ile Ekim 2000&#8217;de Azerbaycan&#8217;a gitti. Burada bir m\u00fclteci olarak 2007 y\u0131l\u0131na kadar ya\u015fad\u0131. Azerbaycan&#8217;da \u00c7e\u00e7en m\u00fcltecilerin arkalar\u0131nda iz b\u0131rakmadan kaybolmalar\u0131 ve Ruslara kar\u015f\u0131 vatan\u0131n\u0131 savunmu\u015f \u00c7e\u00e7enlerin tutuklanarak Rusya&#8217;ya iade edilmeleri, Timerlan&#8217;\u0131 buradan da ayr\u0131lmaya zorlad\u0131. Nitekim 2007 y\u0131l\u0131nda ailesiyle birlikte Avusturya&#8217;dan s\u0131\u011f\u0131nma talebinde bulundu. Avusturya makamlar\u0131 Timerlan&#8217;\u0131n s\u0131\u011f\u0131nma talebini birka\u00e7 kez reddetti ve son olarak 28 Aral\u0131k 2012 tarihinde nihai red yan\u0131t\u0131n\u0131 ald\u0131. Timerlan, y\u00fcksek mahkemeye itirazda bulunduysa da maddi durumu elvermedi\u011fi i\u00e7in bir avukat bulamad\u0131 ve bu nedenle bu davadan da herhangi bir \u00fcmidi yok.<\/p>\n<p style=\"text-align: justify;\">Timerlan Tamayev evli ve 11&#8217;i hen\u00fcz re\u015fit olmayan 13 \u00e7ocu\u011fu var. Rusya&#8217;ya iade edilmekten endi\u015fe ediyor. Timerlan, Rusya&#8217;ya iade edilmesi halinde i\u015fkenceden daha fazlas\u0131n\u0131n kendisini bekledi\u011fini ve bunun onun i\u00e7in bir \u00f6l\u00fcm ferman\u0131 oldu\u011funu d\u00fc\u015f\u00fcn\u00fcyor. Nitekim bu d\u00fc\u015f\u00fcncesinde de haks\u0131z say\u0131lmaz, yak\u0131n zamanda halen Rus i\u015fgali alt\u0131ndaki \u00c7e\u00e7en Cumhuriyeti \u0130\u00e7kerya&#8217;da ikamet eden erkek karde\u015fi Said-Emin&#8217;den ald\u0131\u011f\u0131 bir telefon onu hakl\u0131 \u00e7\u0131karmakta. Said-Emin, Rus destekli rejimin silahl\u0131 haydutlar\u0131n\u0131n evini bast\u0131\u011f\u0131n\u0131 ve Timerlan&#8217;\u0131 getirmesi i\u00e7in kendisini tehdit etti\u011fini anlatarak, her ne pahas\u0131na olursa olsun karde\u015finden geri d\u00f6nmemesini istemi\u015f.<\/p>\n<p style=\"text-align: justify;\"><span style=\"color: #000000;\"><strong>\u00a9Waynakh Online<\/strong><\/span><\/p>\n<p style=\"text-align: justify;\"><span style=\"color: #ff0000;\">YASAL UYARI<\/span><br \/>\n<em>Sitede yer alan materyallerin t\u00fcm haklar\u0131 Waynakh Online\u2019a aittir. Bu materyaller (haberden\/makaleden\/terc\u00fcme eserden sadece al\u0131nt\u0131 yap\u0131lsa dahi) ancak kaynak g\u00f6sterilerek ve aktif link verilerek kullan\u0131labilir.<\/em><\/p>\n","protected":false},"excerpt":{"rendered":"<p>Ba\u011f\u0131ms\u0131z gazeteci Elena Maglevannaya, bir gazi \u00c7e\u00e7en&#8217;in ailesiyle birlikte Avusturya&#8217;dan s\u0131n\u0131rd\u0131\u015f\u0131 edilme riski alt\u0131nda bulundu\u011funu bildirdi.<\/p>\n","protected":false},"author":3,"featured_media":0,"comment_status":"open","ping_status":"open","sticky":false,"template":"","format":"standard","meta":{"ngg_post_thumbnail":0,"footnotes":""},"categories":[1],"tags":[],"views":3373,"_links":{"self":[{"href":"http:\/\/www.waynakh.com\/tr\/wp-json\/wp\/v2\/posts\/12681"}],"collection":[{"href":"http:\/\/www.waynakh.com\/tr\/wp-json\/wp\/v2\/posts"}],"about":[{"href":"http:\/\/www.waynakh.com\/tr\/wp-json\/wp\/v2\/types\/post"}],"author":[{"embeddable":true,"href":"http:\/\/www.waynakh.com\/tr\/wp-json\/wp\/v2\/users\/3"}],"replies":[{"embeddable":true,"href":"http:\/\/www.waynakh.com\/tr\/wp-json\/wp\/v2\/comments?post=12681"}],"version-history":[{"count":1,"href":"http:\/\/www.waynakh.com\/tr\/wp-json\/wp\/v2\/posts\/12681\/revisions"}],"predecessor-version":[{"id":12683,"href":"http:\/\/www.waynakh.com\/tr\/wp-json\/wp\/v2\/posts\/12681\/revisions\/12683"}],"wp:attachment":[{"href":"http:\/\/www.waynakh.com\/tr\/wp-json\/wp\/v2\/media?parent=12681"}],"wp:term":[{"taxonomy":"category","embeddable":true,"href":"http:\/\/www.waynakh.com\/tr\/wp-json\/wp\/v2\/categories?post=12681"},{"taxonomy":"post_tag","embeddable":true,"href":"http:\/\/www.waynakh.com\/tr\/wp-json\/wp\/v2\/tags?post=12681"}],"curies":[{"name":"wp","href":"https:\/\/api.w.org\/{rel}","templated":true}]}}