{"id":12701,"date":"2013-01-24T23:11:37","date_gmt":"2013-01-24T20:11:37","guid":{"rendered":"http:\/\/www.waynakh.com\/tr\/?p=12701"},"modified":"2013-01-25T20:37:06","modified_gmt":"2013-01-25T17:37:06","slug":"cecen-cumhuriyeti-ickerya-silahli-kuvvetler-kumandani-sehit-oldu-insaallah","status":"publish","type":"post","link":"http:\/\/www.waynakh.com\/tr\/2013\/01\/cecen-cumhuriyeti-ickerya-silahli-kuvvetler-kumandani-sehit-oldu-insaallah\/","title":{"rendered":"\u00c7e\u00e7en Cumhuriyeti \u0130\u00e7kerya Silahl\u0131 Kuvvetler Kumandan\u0131 \u015eehit Oldu (in\u015faAllah)!"},"content":{"rendered":"<p style=\"text-align: justify;\">Waynakh Online kaynaklar\u0131, aralar\u0131nda \u00c7e\u00e7en Cumhuriyeti \u0130\u00e7kerya Silahl\u0131 Kuvvetler Kumandan\u0131 Khuseyn Gakayev&#8217;in de bulundu\u011fu 11 \u00c7e\u00e7en m\u00fccahidin, Rus i\u015fgal g\u00fc\u00e7leri ve yerel i\u015fbirlik\u00e7ileri ile girdikleri denk olmayan bir \u00e7at\u0131\u015fmada \u015fehit d\u00fc\u015ft\u00fcklerini (in\u015faAllah) bildirdi.<!--more--><\/p>\n<p style=\"text-align: justify;\">Habere g\u00f6re, yakla\u015f\u0131k bir haftad\u0131r, Rus i\u015fgali alt\u0131ndaki \u00c7e\u00e7en Cumhuriyeti \u0130\u00e7kerya&#8217;n\u0131n Vedeno ve \u015eali b\u00f6lgelerinde \u00c7e\u00e7en Ulusal \u00d6zg\u00fcrl\u00fck Hareketi \u00fcyeleri ile Rus i\u015fgal g\u00fc\u00e7leri aras\u0131nda \u015fiddetli \u00e7at\u0131\u015fmalar ya\u015fanmaktayd\u0131. \u00c7e\u00e7en Ulusal \u00d6zg\u00fcrl\u00fck Hareketi&#8217;ne mensup bir grup, 23 Ocak g\u00fcn\u00fc sabah\u0131 \u00e7ok say\u0131da i\u015fgal kuvveti ile Vedeno b\u00f6lgesindeki Elistanji K\u00f6y\u00fc yak\u0131nlar\u0131nda s\u0131cak temasa girdi. \u00c7at\u0131\u015fmalar s\u00fcresince i\u015fgalci Rus askerleri ve silahl\u0131 yerel i\u015fbirlik\u00e7ileri, hava deste\u011fini ve top\u00e7u at\u0131\u015flar\u0131n\u0131 kesintisiz olarak kulland\u0131ysa da\u00a0 \u00c7e\u00e7en Ulusal \u00d6zg\u00fcrl\u00fck Hareketi \u00fcyeleri d\u00fc\u015fman kuvvetlerine a\u011f\u0131r kay\u0131plar verdirdi. Rus i\u015fgal kuvvetleri ile yerel i\u015fbirlik\u00e7ilerinden en az 12&#8217;sinin \u00f6ld\u00fcr\u00fcld\u00fc\u011f\u00fc, 35&#8217;ten fazlas\u0131n\u0131n ise yaraland\u0131\u011f\u0131 bildirildi. Saatler s\u00fcren yo\u011fun \u00e7at\u0131\u015fmalar\u0131n sonunda, 24 Ocak g\u00fcn\u00fc, \u00c7e\u00e7en Ulusal \u00d6zg\u00fcrl\u00fck Hareketi&#8217;ne mensup bir grup \u00c7e\u00e7en m\u00fccahit \u015fehit oldular (in\u015faAllah). M\u00fccahitlerin son telsiz konu\u015fmalar\u0131 s\u0131ras\u0131nda dahi, vatanlar\u0131 i\u00e7in hak yolunda \u00f6l\u00fcme gitmeye olan isteklerine vurgu yapt\u0131klar\u0131 belirtildi. \u015eehitlerimizin isimleri \u015f\u00f6yle: (\u015eali&#8217;den) Khuseyn Gakayev (\u00c7e\u00e7en Cumhuriyeti \u0130\u00e7kerya Silahl\u0131 Kuvvetler Kumandan\u0131), Muslim Gakayev, Abu Supyan Jabrailov, \u0130sa Vagapov, Akhmed Labazanov, Umar Dadayev, S\u0131d\u0131k Abazov, Ruslan Suleymanov, Aburayk Yusuphajiyev; (Grozny&#8217;den) Ibragim Saidkhasanov ve (Da\u011f\u0131stan&#8217;dan) Vakha Murad Bakaev.<\/p>\n<p style=\"text-align: justify;\">\u015eehitlerimizden, Khuseyn ve Muslim Gakayev karde\u015fler hem \u00c7e\u00e7en Cumhuriyeti \u0130\u00e7kerya&#8217;da hem de \u00fclke d\u0131\u015f\u0131nda tan\u0131nm\u0131\u015f ki\u015filerdi. Dahas\u0131, hem Rus i\u015fgalciler hem de onlar\u0131n yerel i\u015fbirlik\u00e7ileri bu iki karde\u015ften ve onlar\u0131n idaresindeki gruplardan korkuyorlard\u0131. Gakayev karde\u015fler, hayatlar\u0131n\u0131 vatanlar\u0131 i\u00e7in kurban eden bir ailenin fertleri. Gakayevler, alt\u0131 erkek ve \u00fc\u00e7 k\u0131z karde\u015ftiler. En b\u00fcy\u00fck iki a\u011fabeyleri, Jamalay ve Said-Usman Gakayev, 1994-1996 y\u0131llar\u0131 aras\u0131ndaki I.Rus-\u00c7e\u00e7en Sava\u015f\u0131 s\u0131ras\u0131nda \u015fehit oldular (in\u015faAllah); di\u011fer iki erkek karde\u015fleri, Khasan ve Rizvan Gakayev ise 2000&#8217;lerin ba\u015f\u0131nda Rus askeri i\u015fgaline kar\u015f\u0131 \u00fclkeleri \u00c7e\u00e7en Cumhuriyeti \u0130\u00e7kerya&#8217;y\u0131 m\u00fcdafaa ederken \u015fehit oldular (in\u015faAllah). \u0130ki k\u0131z karde\u015fleri, pek \u00e7ok \u00c7e\u00e7en sivil gibi Rus ordusunun hava harakatlar\u0131 s\u0131ras\u0131ndaki bombard\u0131manlarda hayatlar\u0131n\u0131 kaybetti; en k\u00fc\u00e7\u00fck k\u0131z karde\u015fleri ise 2006 y\u0131l\u0131nda ka\u00e7\u0131r\u0131ld\u0131 ve kendisinden bir daha haber al\u0131namad\u0131.<\/p>\n<p style=\"text-align: justify;\">Okuyucular\u0131m\u0131za, \u00c7e\u00e7en halk\u0131n\u0131n topyek\u00fcn \u00f6zg\u00fcrl\u00fck hareketinin Gakayev karde\u015fler ile ba\u015flamad\u0131\u011f\u0131n\u0131, her ne kadar aram\u0131zdan ayr\u0131l\u0131\u015flar\u0131 \u00c7e\u00e7en Ulusal \u00d6zg\u00fcrl\u00fck M\u00fccadelesi ve \u00c7e\u00e7en halk\u0131 i\u00e7in b\u00fcy\u00fck bir kay\u0131p olsa da, bu hareketin onlar\u0131n ard\u0131ndan bitece\u011fini d\u00fc\u015f\u00fcnenlere bir kez daha yan\u0131ld\u0131klar\u0131n\u0131 hat\u0131rlatmak isteriz. Nitekim, vatan\u0131m\u0131z\u0131 savunmak i\u00e7in i\u015fgal g\u00fc\u00e7lerine kar\u015f\u0131 verilen me\u015fru ve hakl\u0131 m\u00fccadele; \u00fclkemizin Rus s\u00f6m\u00fcrgecilerin elinden geri al\u0131narak \u00f6zg\u00fcrle\u015ftirilmesi i\u00e7in verilen m\u00fccadele kesintiye u\u011framaks\u0131z\u0131n devam edecektir. \u00c7e\u00e7en Ulusal \u00d6zg\u00fcrl\u00fck Hareketi&#8217;nin b\u00fcnyesinde eli silah tutan binlerce gen\u00e7 vatanperver yer almaktad\u0131r ve k\u0131sa bir s\u00fcre sonra Khuseyn Gakayev&#8217;den emanet kalan g\u00f6revin ba\u015f\u0131na bir isim atanacakt\u0131r. Hen\u00fcz resmi bir bildirim yap\u0131lmad\u0131ysa da, bu ismin tecr\u00fcbeli \u00c7e\u00e7en kumandan Tarkhan Gaziyev olaca\u011f\u0131 tahmin edilmektedir.<\/p>\n<p style=\"text-align: justify;\">Allah, t\u00fcm bu cesur karde\u015flerimizin \u015fehadetlerini kabul eylesin ve onlara cennetinde di\u011fer \u015fehitlerin yan\u0131nda bir yer ihsan eylesin.<\/p>\n<p style=\"text-align: justify;\">Allaha gazot doyla shu. Sha satiysinchu xusame khochiyla i. Gergarcharna imantsa sobar doyla, shuna xkhalxarx shafaat doyla!<\/p>\n<p style=\"text-align: right;\"><strong>Waynakh Online<\/strong><\/p>\n<p style=\"text-align: justify;\"><span style=\"color: #000000;\"><strong>\u00a9Waynakh Online<\/strong><\/span><\/p>\n<p style=\"text-align: justify;\"><span style=\"color: #ff0000;\">YASAL UYARI<\/span><br \/>\n<em>Sitede yer alan materyallerin t\u00fcm haklar\u0131 Waynakh Online\u2019a aittir. Bu materyaller (haberden\/makaleden\/terc\u00fcme eserden sadece al\u0131nt\u0131 yap\u0131lsa dahi) ancak kaynak g\u00f6sterilerek ve aktif link verilerek kullan\u0131labilir.<\/em><\/p>\n","protected":false},"excerpt":{"rendered":"<p>Waynakh Online kaynaklar\u0131, aralar\u0131nda \u00c7e\u00e7en Cumhuriyeti \u0130\u00e7kerya Silahl\u0131 Kuvvetler Kumandan\u0131 Khuseyn Gakayev&#8217;in de bulundu\u011fu 11 \u00c7e\u00e7en m\u00fccahidin, Rus i\u015fgal g\u00fc\u00e7leri ve yerel i\u015fbirlik\u00e7ileri ile girdikleri denk olmayan bir \u00e7at\u0131\u015fmada \u015fehit d\u00fc\u015ft\u00fcklerini (in\u015faAllah) bildirdi.<\/p>\n","protected":false},"author":3,"featured_media":0,"comment_status":"open","ping_status":"open","sticky":false,"template":"","format":"standard","meta":{"ngg_post_thumbnail":0,"footnotes":""},"categories":[1],"tags":[],"views":4298,"_links":{"self":[{"href":"http:\/\/www.waynakh.com\/tr\/wp-json\/wp\/v2\/posts\/12701"}],"collection":[{"href":"http:\/\/www.waynakh.com\/tr\/wp-json\/wp\/v2\/posts"}],"about":[{"href":"http:\/\/www.waynakh.com\/tr\/wp-json\/wp\/v2\/types\/post"}],"author":[{"embeddable":true,"href":"http:\/\/www.waynakh.com\/tr\/wp-json\/wp\/v2\/users\/3"}],"replies":[{"embeddable":true,"href":"http:\/\/www.waynakh.com\/tr\/wp-json\/wp\/v2\/comments?post=12701"}],"version-history":[{"count":8,"href":"http:\/\/www.waynakh.com\/tr\/wp-json\/wp\/v2\/posts\/12701\/revisions"}],"predecessor-version":[{"id":12704,"href":"http:\/\/www.waynakh.com\/tr\/wp-json\/wp\/v2\/posts\/12701\/revisions\/12704"}],"wp:attachment":[{"href":"http:\/\/www.waynakh.com\/tr\/wp-json\/wp\/v2\/media?parent=12701"}],"wp:term":[{"taxonomy":"category","embeddable":true,"href":"http:\/\/www.waynakh.com\/tr\/wp-json\/wp\/v2\/categories?post=12701"},{"taxonomy":"post_tag","embeddable":true,"href":"http:\/\/www.waynakh.com\/tr\/wp-json\/wp\/v2\/tags?post=12701"}],"curies":[{"name":"wp","href":"https:\/\/api.w.org\/{rel}","templated":true}]}}