{"id":12769,"date":"2013-02-20T20:35:52","date_gmt":"2013-02-20T17:35:52","guid":{"rendered":"http:\/\/www.waynakh.com\/tr\/?p=12769"},"modified":"2013-02-20T20:36:31","modified_gmt":"2013-02-20T17:36:31","slug":"69-yilinda-cecen-soykirimi-ve-rusyanin-kafkasya-politikalari","status":"publish","type":"post","link":"http:\/\/www.waynakh.com\/tr\/2013\/02\/69-yilinda-cecen-soykirimi-ve-rusyanin-kafkasya-politikalari\/","title":{"rendered":"69.Y\u0131l\u0131nda \u00c7e\u00e7en Soyk\u0131r\u0131m\u0131 ve Rusya&#8217;n\u0131n Kafkasya Politikalar\u0131"},"content":{"rendered":"<p style=\"text-align: justify;\">DS\u0130P \u015ei\u015fli \u0130l\u00e7e \u00d6rg\u00fct\u00fc, 22 \u015eubat g\u00fcn\u00fc saat 19.00&#8217;da &#8220;69.Y\u0131l\u0131nda \u00c7e\u00e7en Soyk\u0131r\u0131m\u0131 ve Rusya&#8217;n\u0131n Kafkasya Politikalar\u0131&#8221; adl\u0131 bir panel organize ediyor.<!--more--><\/p>\n<p style=\"text-align: justify;\">Panelde, \u00c7arl\u0131k Rusyas\u0131&#8217;nda \u00c7e\u00e7enler, Stalin d\u00f6nemi ve 23 \u015eubat 1944 \u00c7e\u00e7en-\u0130ngu\u015f soyk\u0131r\u0131m\u0131, yak\u0131n tarihteki \u00f6zg\u00fcrl\u00fck direni\u015fi ve Putin&#8217;in Kafkasya politikalar\u0131 konu edilecek. Panelin konu\u015fmac\u0131lar\u0131ndan birisi de Jineps Gazetesi&#8217;nden Abd\u00fclkadir Polat olacak.<\/p>\n<p style=\"text-align: justify;\"><span style=\"color: #ffffff;\">.<\/span><\/p>\n<p style=\"text-align: justify;\"><span style=\"text-decoration: underline;\"><strong>Konu\u015fmac\u0131lar:<\/strong><\/span><\/p>\n<p style=\"text-align: justify;\">Volkan AKYILDIRIM (DS\u0130P)<br \/>\nA. Kadir POLAT (Jineps Gazetesi)<br \/>\nMurat \u00d6ZDEN (\u00c7erkes Haklar\u0131 \u0130nisiyatifi)<\/p>\n<p style=\"text-align: justify;\">22 \u015eubat 2013 Cuma<br \/>\nSaat 19.00 &#8216;da<br \/>\nDS\u0130P \u015ei\u015fli \u0130l\u00e7e \u00d6rg\u00fct\u00fc&#8217;nde<\/p>\n<p style=\"text-align: justify;\"><em>Adres: Rumeli Caddesi, Nakiye Elg\u00fcn Sokak, No:32, D:3<\/em><br \/>\n<em> OSMANBEY-\u0130STANBUL<\/em><br \/>\n<em> \u0130leti\u015fim : 0507 211 38 17<\/em><\/p>\n<p style=\"text-align: justify;\">Panel i\u00e7in Facebook \u00fczerinde olu\u015fturulan etkinlik sayfas\u0131na <a href=\"https:\/\/www.facebook.com\/events\/525682440788521\/\" target=\"_blank\"><strong>BURADAN<\/strong><\/a> eri\u015febilirsiniz.<\/p>\n<p style=\"text-align: justify;\">Hat\u0131rlatal\u0131m, 23 \u015eubat 2013 tarihinde de \u0130stanbul Kad\u0131k\u00f6y&#8217;de \u00c7e\u00e7en Cumhuriyeti \u0130\u00e7kerya Fahri Konsolosu Medet \u00dcnl\u00fc&#8217;n\u00fcn kat\u0131laca\u011f\u0131 bir ba\u015fka <a href=\"http:\/\/www.waynakh.com\/tr\/2013\/02\/duyuru-23-subat-1944-cecen-ingus-halklari-surgununu-anma-programi\/\">s\u00fcrg\u00fcn anma program\u0131<\/a> olacak.<\/p>\n","protected":false},"excerpt":{"rendered":"<p>DS\u0130P \u015ei\u015fli \u0130l\u00e7e \u00d6rg\u00fct\u00fc, 22 \u015eubat g\u00fcn\u00fc saat 19.00&#8217;da &#8220;69.Y\u0131l\u0131nda \u00c7e\u00e7en Soyk\u0131r\u0131m\u0131 ve Rusya&#8217;n\u0131n Kafkasya Politikalar\u0131&#8221; adl\u0131 bir panel organize ediyor.<\/p>\n","protected":false},"author":3,"featured_media":0,"comment_status":"open","ping_status":"open","sticky":false,"template":"","format":"standard","meta":{"ngg_post_thumbnail":0,"footnotes":""},"categories":[1],"tags":[],"views":3461,"_links":{"self":[{"href":"http:\/\/www.waynakh.com\/tr\/wp-json\/wp\/v2\/posts\/12769"}],"collection":[{"href":"http:\/\/www.waynakh.com\/tr\/wp-json\/wp\/v2\/posts"}],"about":[{"href":"http:\/\/www.waynakh.com\/tr\/wp-json\/wp\/v2\/types\/post"}],"author":[{"embeddable":true,"href":"http:\/\/www.waynakh.com\/tr\/wp-json\/wp\/v2\/users\/3"}],"replies":[{"embeddable":true,"href":"http:\/\/www.waynakh.com\/tr\/wp-json\/wp\/v2\/comments?post=12769"}],"version-history":[{"count":3,"href":"http:\/\/www.waynakh.com\/tr\/wp-json\/wp\/v2\/posts\/12769\/revisions"}],"predecessor-version":[{"id":12773,"href":"http:\/\/www.waynakh.com\/tr\/wp-json\/wp\/v2\/posts\/12769\/revisions\/12773"}],"wp:attachment":[{"href":"http:\/\/www.waynakh.com\/tr\/wp-json\/wp\/v2\/media?parent=12769"}],"wp:term":[{"taxonomy":"category","embeddable":true,"href":"http:\/\/www.waynakh.com\/tr\/wp-json\/wp\/v2\/categories?post=12769"},{"taxonomy":"post_tag","embeddable":true,"href":"http:\/\/www.waynakh.com\/tr\/wp-json\/wp\/v2\/tags?post=12769"}],"curies":[{"name":"wp","href":"https:\/\/api.w.org\/{rel}","templated":true}]}}