{"id":12998,"date":"2013-05-02T11:30:21","date_gmt":"2013-05-02T08:30:21","guid":{"rendered":"http:\/\/www.waynakh.com\/tr\/?p=12998"},"modified":"2013-05-02T13:56:56","modified_gmt":"2013-05-02T10:56:56","slug":"isvec-gelayev-in-yoldasini-olume-yolluyor","status":"publish","type":"post","link":"http:\/\/www.waynakh.com\/tr\/2013\/05\/isvec-gelayev-in-yoldasini-olume-yolluyor\/","title":{"rendered":"\u0130sve\u00e7 Gelayev&#8217;in Yolda\u015f\u0131n\u0131 \u00d6l\u00fcme Yolluyor!"},"content":{"rendered":"<p style=\"text-align: justify;\">Yerel kaynaklar, bir grup \u00c7e\u00e7en m\u00fcltecinin, \u0130sve\u00e7 Parlamentosu \u00f6n\u00fcnde toplanarak bir gazi \u00c7e\u00e7en&#8217;in Rusya&#8217;ya iade edilmesine ili\u015fkin karar\u0131 <a href=\"http:\/\/youtu.be\/Q2bXZCqHorI\" target=\"_blank\">protesto etti\u011fini<\/a> bildirdi.<!--more--><\/p>\n<p style=\"text-align: justify;\">\u0130sve\u00e7 \u00c7e\u00e7en diasporas\u0131 sakinleri, 28 Nisan g\u00fcn\u00fc \u0130sve\u00e7 Parlamentosu&#8217;na ait binan\u0131n \u00f6n\u00fcnde toplanarak Ayndi Aydamirov adl\u0131 gazi \u00c7e\u00e7en&#8217;in iadesine ili\u015fkin karar\u0131 protesto etti ve tutuldu\u011fu g\u00f6zalt\u0131 merkezinden sal\u0131verilmesini talep etti. Uzmanlar ve \u00c7e\u00e7en diasporas\u0131 aras\u0131nda hakim olan g\u00f6r\u00fc\u015f, Ayndi Aydamirov&#8217;un \u0130sve\u00e7&#8217;ten Rusya&#8217;ya iadesinin \u00f6l\u00fcm ferman\u0131n\u0131 imzalamak oldu\u011fu y\u00f6n\u00fcnde.<\/p>\n<p style=\"text-align: justify;\"><img loading=\"lazy\" decoding=\"async\" class=\"alignright\" alt=\"ayndi-aydamirov-gelayev\" src=\"http:\/\/www.waynakh.com\/eng\/wp-content\/uploads\/2013\/05\/ayndi-aydamirov-gelayev.jpg\" width=\"195\" height=\"112\" \/>1967 do\u011fumlu Ayndi Aydamirov, 16 May\u0131s 2012 tarihinde tutukland\u0131 ve o tarihten bu yana da bir s\u0131n\u0131rd\u0131\u015f\u0131 merkezinde tutuluyor. Ayndi, \u00c7e\u00e7en Ulusal Kurtulu\u015f Hareketi&#8217;nin eski aktif \u00fcyelerinden birisiydi. Rus i\u015fgalcilere kar\u015f\u0131 tan\u0131nm\u0131\u015f cephe kumandan\u0131 Khamzat Gelayev&#8217;in idaresindeki grupta m\u00fccadele etti. Yaralanmas\u0131 \u00fczerine \u00c7e\u00e7en Cumhuriyeti \u0130\u00e7kerya&#8217;y\u0131 terk eden Ayndi, \u00f6nce Azerbaycan&#8217;a ve ard\u0131ndan da 2007 y\u0131l\u0131nda T\u00fcrkiye \u00fczerinden \u0130sve\u00e7&#8217;e gitti. Ancak s\u0131\u011f\u0131nma talebi \u0130sve\u00e7 makamlar\u0131nca reddedildi ve Rusya&#8217;ya iade edilmesi y\u00f6n\u00fcndeki talebine olumlu yan\u0131t verildi. Yakla\u015f\u0131k 1 y\u0131ld\u0131r da her an Rusya&#8217;ya iade edilme riski alt\u0131nda bir s\u0131n\u0131rd\u0131\u015f\u0131 g\u00f6zalt\u0131 merkezinde tutulmakta.<\/p>\n<p style=\"text-align: justify;\"><span style=\"color: #000000;\"><strong>\u00a9Waynakh Online<\/strong><\/span><\/p>\n<p style=\"text-align: justify;\"><span style=\"color: #ff0000;\">YASAL UYARI<\/span><br \/>\n<em>Sitede yer alan materyallerin t\u00fcm haklar\u0131 Waynakh Online\u2019a aittir. Bu materyaller (haberden\/makaleden\/terc\u00fcme eserden sadece al\u0131nt\u0131 yap\u0131lsa dahi) ancak kaynak g\u00f6sterilerek ve aktif link verilerek kullan\u0131labilir.<\/em><\/p>\n","protected":false},"excerpt":{"rendered":"<p>Yerel kaynaklar, bir grup \u00c7e\u00e7en m\u00fcltecinin, \u0130sve\u00e7 Parlamentosu \u00f6n\u00fcnde toplanarak bir gazi \u00c7e\u00e7en&#8217;in Rusya&#8217;ya iade edilmesine ili\u015fkin karar\u0131 protesto etti\u011fini bildirdi.<\/p>\n","protected":false},"author":3,"featured_media":0,"comment_status":"open","ping_status":"open","sticky":false,"template":"","format":"standard","meta":{"ngg_post_thumbnail":0,"footnotes":""},"categories":[1],"tags":[],"views":3250,"_links":{"self":[{"href":"http:\/\/www.waynakh.com\/tr\/wp-json\/wp\/v2\/posts\/12998"}],"collection":[{"href":"http:\/\/www.waynakh.com\/tr\/wp-json\/wp\/v2\/posts"}],"about":[{"href":"http:\/\/www.waynakh.com\/tr\/wp-json\/wp\/v2\/types\/post"}],"author":[{"embeddable":true,"href":"http:\/\/www.waynakh.com\/tr\/wp-json\/wp\/v2\/users\/3"}],"replies":[{"embeddable":true,"href":"http:\/\/www.waynakh.com\/tr\/wp-json\/wp\/v2\/comments?post=12998"}],"version-history":[{"count":2,"href":"http:\/\/www.waynakh.com\/tr\/wp-json\/wp\/v2\/posts\/12998\/revisions"}],"predecessor-version":[{"id":13001,"href":"http:\/\/www.waynakh.com\/tr\/wp-json\/wp\/v2\/posts\/12998\/revisions\/13001"}],"wp:attachment":[{"href":"http:\/\/www.waynakh.com\/tr\/wp-json\/wp\/v2\/media?parent=12998"}],"wp:term":[{"taxonomy":"category","embeddable":true,"href":"http:\/\/www.waynakh.com\/tr\/wp-json\/wp\/v2\/categories?post=12998"},{"taxonomy":"post_tag","embeddable":true,"href":"http:\/\/www.waynakh.com\/tr\/wp-json\/wp\/v2\/tags?post=12998"}],"curies":[{"name":"wp","href":"https:\/\/api.w.org\/{rel}","templated":true}]}}