{"id":13024,"date":"2013-05-15T12:59:47","date_gmt":"2013-05-15T09:59:47","guid":{"rendered":"http:\/\/www.waynakh.com\/tr\/?p=13024"},"modified":"2013-05-15T12:59:47","modified_gmt":"2013-05-15T09:59:47","slug":"turkiye-cecen-cinayetlerinin-ustunu-ortuyor","status":"publish","type":"post","link":"http:\/\/www.waynakh.com\/tr\/2013\/05\/turkiye-cecen-cinayetlerinin-ustunu-ortuyor\/","title":{"rendered":"T\u00fcrkiye \u00c7e\u00e7en Cinayetlerinin \u00dcst\u00fcn\u00fc \u00d6rt\u00fcyor"},"content":{"rendered":"<p style=\"text-align: justify;\">\u0130stanbul Ter\u00f6rle M\u00fccadele Savc\u0131l\u0131\u011f\u0131, Eyl\u00fcl 2011&#8217;de \u0130stanbul Zeytinburnu&#8217;nda g\u00fcnd\u00fcz vakti bir suikaste kurban giden \u00fc\u00e7 \u00c7e\u00e7en s\u0131\u011f\u0131nmac\u0131n\u0131n dosyas\u0131n\u0131 olayda &#8220;\u00f6rg\u00fct&#8221; ba\u011f\u0131 bulunmad\u0131\u011f\u0131 iddas\u0131yla \u0130stanbul Ba\u015fsavc\u0131l\u0131\u011f\u0131&#8217;na iade etti.<!--more--><\/p>\n<p style=\"text-align: justify;\">Berg-Khaj Musaev (Emir Khamzat), Zaurbek Amriev ve Rustam Altemirov, adl\u0131 \u00fc\u00e7 \u00c7e\u00e7en s\u0131\u011f\u0131nmac\u0131, 16 Eyl\u00fcl 2011 tarihinde u\u011frad\u0131klar\u0131 bir silahl\u0131 sald\u0131r\u0131 ile katledilmi\u015f, olay\u0131n ard\u0131ndan T\u00fcrkiye merkezli \u00e7e\u015fitli medya kurulu\u015flar\u0131, suikaste en az 8 Rus ajan\u0131n kat\u0131ld\u0131\u011f\u0131n\u0131n tespit edildi\u011fini ve bunlardan ikisinin kimli\u011finin de Nadim Ayupov ile Alexandr Jarkov (Garkov) olarak belirlendi\u011fini duyurmu\u015f ve T\u00fcrkiye&#8217;nin bu iki \u015fah\u0131s i\u00e7in \u0130nterpol\u2019den k\u0131rm\u0131z\u0131 b\u00fcltenle arama emri \u00e7\u0131kar\u0131lmas\u0131 i\u00e7in ba\u015fvuruda bulundu\u011fu iddia edilmi\u015fti.<\/p>\n<p style=\"text-align: justify;\">Yakla\u015f\u0131k 8 ayd\u0131r dosya \u00fczerinde \u00e7al\u0131\u015fan \u0130stanbul Cumhuriyet Ba\u015fsavc\u0131l\u0131\u011f\u0131 Ter\u00f6rle M\u00fccadele Savc\u0131s\u0131 Adem \u00d6zcan, yapt\u0131klar\u0131 incelemeler neticesinde herhangi bir &#8220;su\u00e7 \u00f6rg\u00fct\u00fcn\u00fcn&#8221; varl\u0131\u011f\u0131n\u0131n tespit edilemedi\u011fini, dolay\u0131s\u0131yla da suikastin herhangi bir \u00f6rg\u00fctle ba\u011flant\u0131s\u0131 olmad\u0131\u011f\u0131na kanaat getirildi\u011fini belirterek, Ter\u00f6rle M\u00fccadele Kanunu&#8217;nun 10.maddesi uyar\u0131nca dosyada g\u00f6revsizlik karar\u0131 verdi ve dosyay\u0131 Bak\u0131rk\u00f6y Cumhuriyet Ba\u015fsavc\u0131l\u0131\u011f\u0131&#8217;na iade etti.<\/p>\n<p style=\"text-align: justify;\">Savc\u0131 Adem \u00d6zcan&#8217;\u0131n bu karar\u0131, suikastle ilgili dosyan\u0131n bundan b\u00f6yle adi bir cinayet olarak de\u011ferlendirilece\u011fi manas\u0131na geliyor. Bu yakla\u015f\u0131m, suikastin arkas\u0131nda oldu\u011fu y\u00f6n\u00fcnde \u00f6nemli bir kan\u0131 olan Rusya Federasyonu ve istihbarat birimlerinin soru\u015fturma kapsam\u0131 d\u0131\u015f\u0131nda b\u0131rak\u0131ld\u0131\u011f\u0131, yani cinayetlerin \u00fczerlerinin \u00f6rt\u00fcld\u00fc\u011f\u00fc ve pek \u00e7ok dosya gibi faili me\u00e7hul olarak kalaca\u011f\u0131, dosyada ad\u0131 ge\u00e7en \u015fah\u0131slar yakalansa dahi suikastleri sipari\u015f veren Rusya Federasyonu y\u00f6netimi ile istihbarat birimlerine y\u00f6nelik herhangi bir talep olmayaca\u011f\u0131 anlam\u0131n\u0131 ta\u015f\u0131yor.<\/p>\n<p style=\"text-align: justify;\">\u00c7e\u00e7en cinayetleriyle ilgili olarak, zanl\u0131lar\u0131n profilleri ve T\u00fcrk polisinin buldu\u011fu deliller hakk\u0131nda T\u00fcrk medyas\u0131nda yer alan bilgilerin yan\u0131 s\u0131ra, \u0130ngiliz &#8220;<a href=\"http:\/\/www.waynakh.com\/tr\/2011\/10\/rusya-ajanlarina-devlet-dusmanlarini-yok-etme-yetkisi-vermis\/\" target=\"_blank\">The Telepgraph<\/a>&#8221; gazetesinin elde etti\u011fi gizli bir Rus belgesi hakk\u0131nda 2011 y\u0131l\u0131nda yay\u0131nlad\u0131\u011f\u0131 haberde, &#8220;Rus gizli servisinin, devlet d\u00fc\u015fman\u0131 olarak nitelendirilen yurtd\u0131\u015f\u0131ndaki \u015fah\u0131slar\u0131n &#8216;ortadan kald\u0131r\u0131lmas\u0131&#8217; i\u00e7in yetkilendirildi\u011fi ve bu tip operasyonlar\u0131 ger\u00e7ekle\u015ftirebilmesi i\u00e7in \u00f6zel birimler kurulmas\u0131n\u0131n emredildi\u011fi&#8221; bilgisi kamuoyu ile payla\u015f\u0131lm\u0131\u015ft\u0131. Ayr\u0131ca, uluslararas\u0131 medyada s\u0131kl\u0131kla Almanya \u00fczerinden faaliyet g\u00f6sterdi\u011fi tahmin edilen ve &#8220;Berlin Grubu&#8221; ad\u0131yla an\u0131lan bir grup Rus istihbarat servisi g\u00f6revlisinden bahsedilmekte. Hepsinin \u00f6tesinde, unutulmamal\u0131 ki 2008 y\u0131l\u0131ndan bu yana, T\u00fcrkiye&#8217;de 6 \u00c7e\u00e7en s\u0131\u011f\u0131nmac\u0131 katledildi, ge\u00e7ti\u011fimiz g\u00fcnlerde de bir \u00c7e\u00e7en s\u0131\u011f\u0131nmac\u0131 suikast giri\u015fiminden a\u011f\u0131r yaral\u0131 olarak kurtuldu ve bu olaylar\u0131n hi\u00e7birisi \u00e7\u00f6z\u00fclmedi. Bu bilgiler \u0131\u015f\u0131\u011f\u0131nda, T\u00fcrk savc\u0131n\u0131n, Eyl\u00fcl 2011&#8217;de \u0130stanbul&#8217;da i\u015flenilen cinayetlerle ilgili olarak &#8220;herhangi bir \u00f6rg\u00fct ba\u011f\u0131 olmad\u0131\u011f\u0131na&#8221; nas\u0131l ve ni\u00e7in kanaat getirdi\u011fi sorgulanmas\u0131 gereken bir soru olarak duruyor.<\/p>\n<p style=\"text-align: justify;\"><span style=\"color: #000000;\"><strong>\u00a9Waynakh Online<\/strong><\/span><\/p>\n<p style=\"text-align: justify;\"><span style=\"color: #ff0000;\">YASAL UYARI<\/span><br \/>\n<em>Sitede yer alan materyallerin t\u00fcm haklar\u0131 Waynakh Online\u2019a aittir. Bu materyaller (haberden\/makaleden\/terc\u00fcme eserden sadece al\u0131nt\u0131 yap\u0131lsa dahi) ancak kaynak g\u00f6sterilerek ve aktif link verilerek kullan\u0131labilir.<\/em><\/p>\n","protected":false},"excerpt":{"rendered":"<p>\u0130stanbul Ter\u00f6rle M\u00fccadele Savc\u0131l\u0131\u011f\u0131, Eyl\u00fcl 2011&#8217;de \u0130stanbul Zeytinburnu&#8217;nda g\u00fcnd\u00fcz vakti bir suikaste kurban giden \u00fc\u00e7 \u00c7e\u00e7en s\u0131\u011f\u0131nmac\u0131n\u0131n dosyas\u0131n\u0131 olayda &#8220;\u00f6rg\u00fct&#8221; ba\u011f\u0131 bulunmad\u0131\u011f\u0131 iddas\u0131yla \u0130stanbul Ba\u015fsavc\u0131l\u0131\u011f\u0131&#8217;na iade etti.<\/p>\n","protected":false},"author":3,"featured_media":0,"comment_status":"open","ping_status":"open","sticky":false,"template":"","format":"standard","meta":{"ngg_post_thumbnail":0,"footnotes":""},"categories":[1],"tags":[],"views":3472,"_links":{"self":[{"href":"http:\/\/www.waynakh.com\/tr\/wp-json\/wp\/v2\/posts\/13024"}],"collection":[{"href":"http:\/\/www.waynakh.com\/tr\/wp-json\/wp\/v2\/posts"}],"about":[{"href":"http:\/\/www.waynakh.com\/tr\/wp-json\/wp\/v2\/types\/post"}],"author":[{"embeddable":true,"href":"http:\/\/www.waynakh.com\/tr\/wp-json\/wp\/v2\/users\/3"}],"replies":[{"embeddable":true,"href":"http:\/\/www.waynakh.com\/tr\/wp-json\/wp\/v2\/comments?post=13024"}],"version-history":[{"count":1,"href":"http:\/\/www.waynakh.com\/tr\/wp-json\/wp\/v2\/posts\/13024\/revisions"}],"predecessor-version":[{"id":13026,"href":"http:\/\/www.waynakh.com\/tr\/wp-json\/wp\/v2\/posts\/13024\/revisions\/13026"}],"wp:attachment":[{"href":"http:\/\/www.waynakh.com\/tr\/wp-json\/wp\/v2\/media?parent=13024"}],"wp:term":[{"taxonomy":"category","embeddable":true,"href":"http:\/\/www.waynakh.com\/tr\/wp-json\/wp\/v2\/categories?post=13024"},{"taxonomy":"post_tag","embeddable":true,"href":"http:\/\/www.waynakh.com\/tr\/wp-json\/wp\/v2\/tags?post=13024"}],"curies":[{"name":"wp","href":"https:\/\/api.w.org\/{rel}","templated":true}]}}