{"id":13263,"date":"2013-09-17T11:37:04","date_gmt":"2013-09-17T08:37:04","guid":{"rendered":"http:\/\/www.waynakh.com\/tr\/?p=13263"},"modified":"2013-10-01T18:54:14","modified_gmt":"2013-10-01T15:54:14","slug":"aylik-dergi-marshonun-eylul-2013-sayisi-yayinlandi","status":"publish","type":"post","link":"http:\/\/www.waynakh.com\/tr\/2013\/09\/aylik-dergi-marshonun-eylul-2013-sayisi-yayinlandi\/","title":{"rendered":"Ayl\u0131k Dergi &#8220;Marsho&#8221;nun Eyl\u00fcl 2013 Say\u0131s\u0131 Yay\u0131nland\u0131!"},"content":{"rendered":"<p style=\"text-align: justify;\">&#8220;Marsho&#8221; adl\u0131 ba\u011f\u0131ms\u0131z ayl\u0131k siyasi ve k\u00fclt\u00fcrel e-derginin yay\u0131n kurulu taraf\u0131ndan g\u00f6nderilen e-postada, derginin &#8220;Eyl\u00fcl 2013&#8221; say\u0131s\u0131n\u0131n \u00e7\u0131kt\u0131\u011f\u0131 bildirildi.<!--more--><\/p>\n<p><span style=\"color: #ffffff;\">.<\/span><\/p>\n<p><span style=\"color: #ffffff;\">.<\/span><\/p>\n<p><span style=\"color: #ffffff;\">.<\/span><\/p>\n<p style=\"text-align: justify;\"><span style=\"text-decoration: underline;\"><strong>Eyl\u00fcl 2013 say\u0131s\u0131nda:<\/strong><\/span><\/p>\n<ul style=\"text-align: justify;\">\n<li>T\u00fcrkiye \u00dcnl\u00fc Cinayetinin \u00dczerini \u00d6rt\u00fcyor<\/li>\n<\/ul>\n<ul style=\"text-align: justify;\">\n<li>Bu Zafer Medet \u00dcnl\u00fc \u0130\u00e7in<\/li>\n<\/ul>\n<ul style=\"text-align: justify;\">\n<li>Duyuru: \u00c7e\u00e7en Gen\u00e7ler i\u00e7in Yar\u0131\u015fma<\/li>\n<\/ul>\n<ul style=\"text-align: justify;\">\n<li>Belgorod San\u0131\u011f\u0131ndan T\u00fcyler \u00dcrperten \u0130tiraflar<\/li>\n<\/ul>\n<ul style=\"text-align: justify;\">\n<li>\u00c7e\u00e7enya ve \u0130ngu\u015fetya\u2019dan Haberler<\/li>\n<\/ul>\n<ul style=\"text-align: justify;\">\n<li>Almanya\u2019da Beklenen Provokasyon<\/li>\n<\/ul>\n<ul style=\"text-align: justify;\">\n<li>\u00c7ardak\u2019ta Y\u00fczlerce Y\u0131ll\u0131k Gelenek Ya\u015fat\u0131l\u0131yor: Mikrokredi ile Gorz \u0130sting<\/li>\n<\/ul>\n<ul style=\"text-align: justify;\">\n<li>A\u0130HM\u2019den Rusya\u2019ya Tokat<\/li>\n<\/ul>\n<ul style=\"text-align: justify;\">\n<li>\u00c7e\u00e7enya\u2019da ve \u0130ngu\u015fetya\u2019da N\u00fcfus<\/li>\n<\/ul>\n<ul style=\"text-align: justify;\">\n<li>\u00c7e\u00e7en-\u0130ngu\u015flarda Sosyal Hayat ve Kimlik<\/li>\n<\/ul>\n<ul style=\"text-align: justify;\">\n<li>Hikaye: \u0411\u043e\u0440\u0437 \/ Kurt Terc\u00fcme: Akhmed Magomadov<\/li>\n<\/ul>\n<ul style=\"text-align: justify;\">\n<li>Yorum-Mairbek Vatchagaev: \u00c7e\u00e7en Gen\u00e7ler Ba\u011f\u0131ms\u0131z \u0130\u00e7kerya Fikri Etraf\u0131nda Kenetleniyor!<\/li>\n<\/ul>\n<ul style=\"text-align: justify;\">\n<li>\u00d6zel R\u00f6portaj: The Aftermath<\/li>\n<\/ul>\n<ul style=\"text-align: justify;\">\n<li>\u015eiir: \u0414\u0410\u0419\u041c\u041e\u0425\u041a &#8211; ANAVATAN<\/li>\n<\/ul>\n<ul style=\"text-align: justify;\">\n<li>Kitap Tan\u0131t\u0131m\u0131: Milyon Birinci &#8211; Alla Dudaeva<\/li>\n<\/ul>\n<p style=\"text-align: justify;\">konular\u0131na yer verildi\u011fi, 22 sayfa olarak haz\u0131rlan\u0131lan e-derginin, yay\u0131n kurulu taraf\u0131ndan haz\u0131rlan\u0131lan internet blogundaki <a href=\"http:\/\/marshodergisi.blogspot.fr\/2013\/09\/eylul-2013-saymz-yaynland.html\" target=\"_blank\">PayPal<\/a> butonu vas\u0131tas\u0131yla sat\u0131n al\u0131nabilecei\u011fi, ayr\u0131ca tan\u0131nm\u0131\u015f e-pub siteleri olan <a href=\"https:\/\/payhip.com\/b\/KFPw\" target=\"_blank\">PayHip<\/a> veya <a href=\"http:\/\/www.lulu.com\/shop\/marsho-dergisi\/marsho-eylul2013\/ebook\/product-21186675.html\" target=\"_blank\">Lulu<\/a>&#8216;da da derginin bulunabilece\u011fi belirtildi.<\/p>\n<p style=\"text-align: justify;\"><span style=\"color: #000000;\"><strong>\u00a9Waynakh Online<\/strong><\/span><\/p>\n<p style=\"text-align: justify;\"><span style=\"color: #ff0000;\">YASAL UYARI<\/span><br \/>\n<em>Sitede yer alan materyallerin t\u00fcm haklar\u0131 Waynakh Online\u2019a aittir. Bu materyaller (haberden\/makaleden\/terc\u00fcme eserden sadece al\u0131nt\u0131 yap\u0131lsa dahi) ancak kaynak g\u00f6sterilerek ve aktif link verilerek kullan\u0131labilir.<\/em><\/p>\n","protected":false},"excerpt":{"rendered":"<p>&#8220;Marsho&#8221; adl\u0131 ba\u011f\u0131ms\u0131z ayl\u0131k siyasi ve k\u00fclt\u00fcrel e-derginin yay\u0131n kurulu taraf\u0131ndan g\u00f6nderilen e-postada, derginin &#8220;Eyl\u00fcl 2013&#8221; say\u0131s\u0131n\u0131n \u00e7\u0131kt\u0131\u011f\u0131 bildirildi.<\/p>\n","protected":false},"author":3,"featured_media":0,"comment_status":"open","ping_status":"open","sticky":false,"template":"","format":"standard","meta":{"ngg_post_thumbnail":0,"footnotes":""},"categories":[1],"tags":[],"views":3748,"_links":{"self":[{"href":"http:\/\/www.waynakh.com\/tr\/wp-json\/wp\/v2\/posts\/13263"}],"collection":[{"href":"http:\/\/www.waynakh.com\/tr\/wp-json\/wp\/v2\/posts"}],"about":[{"href":"http:\/\/www.waynakh.com\/tr\/wp-json\/wp\/v2\/types\/post"}],"author":[{"embeddable":true,"href":"http:\/\/www.waynakh.com\/tr\/wp-json\/wp\/v2\/users\/3"}],"replies":[{"embeddable":true,"href":"http:\/\/www.waynakh.com\/tr\/wp-json\/wp\/v2\/comments?post=13263"}],"version-history":[{"count":1,"href":"http:\/\/www.waynakh.com\/tr\/wp-json\/wp\/v2\/posts\/13263\/revisions"}],"predecessor-version":[{"id":13265,"href":"http:\/\/www.waynakh.com\/tr\/wp-json\/wp\/v2\/posts\/13263\/revisions\/13265"}],"wp:attachment":[{"href":"http:\/\/www.waynakh.com\/tr\/wp-json\/wp\/v2\/media?parent=13263"}],"wp:term":[{"taxonomy":"category","embeddable":true,"href":"http:\/\/www.waynakh.com\/tr\/wp-json\/wp\/v2\/categories?post=13263"},{"taxonomy":"post_tag","embeddable":true,"href":"http:\/\/www.waynakh.com\/tr\/wp-json\/wp\/v2\/tags?post=13263"}],"curies":[{"name":"wp","href":"https:\/\/api.w.org\/{rel}","templated":true}]}}