{"id":1341,"date":"2007-03-26T14:53:21","date_gmt":"2007-03-26T12:53:21","guid":{"rendered":"http:\/\/www.zelimhan.com\/?p=663"},"modified":"2007-03-26T14:53:21","modified_gmt":"2007-03-26T12:53:21","slug":"cecen-sairin-siyasi-siginma-talebi-reddedildi","status":"publish","type":"post","link":"http:\/\/www.waynakh.com\/tr\/2007\/03\/cecen-sairin-siyasi-siginma-talebi-reddedildi\/","title":{"rendered":"\u00c7e\u00e7en \u015eairin Siyasi S\u0131\u011f\u0131nma Talebi Reddedildi"},"content":{"rendered":"<p>\u00c7e\u00e7en Cumhuriyeti \u0130chkeria Sosyal G\u00fcvenlik Bakan\u0131, \u015eair Apti Bisultanov&#8217; un Almanya&#8217; da yapt\u0131\u011f\u0131 siyasi s\u0131\u011f\u0131nma ba\u015fvurusu Alman Federal G\u00f6\u00e7 ve M\u00fclteci Dairesi taraf\u0131ndan reddedildi.<\/p>\n<div>2003 y\u0131l\u0131ndan bu yana Almanya&#8217; da olan 47 ya\u015f\u0131ndaki Apti Bisultanov&#8217; un siyasi s\u0131\u011f\u0131nma talebini reddeden Federal G\u00f6\u00e7 ve\u00a0 M\u00fclteci Dairesi, Bisultanov&#8217; un \u00c7e\u00e7en direni\u015finin bir bakan\u0131 olarak \u00c7e\u00e7en silahl\u0131 hareketinden siyaseten sorumlu oldu\u011funu belirterek ba\u015fvuruyu reddettiklerini a\u00e7\u0131klad\u0131. Rusya&#8217; n\u0131n iadesine y\u00f6nelik ba\u015fvurusu ise i\u015fkence g\u00f6rebilece\u011fi ihtimalinin varl\u0131\u011f\u0131 m\u00fcnasebetiyle reddedildi.<\/div>\n<div>\u00a0<\/div>\n<div><span style=\"text-decoration: underline;\"><strong>Apti Bisultanov Kimdir?<\/strong><\/span>\u00a0<\/div>\n<div>\u00a0<\/div>\n<div>1959 y\u0131l\u0131nda Urus-Martan&#8217; \u0131n yan\u0131ndaki Goitschu K\u00f6y\u00fc&#8217; nde d\u00fcnyaya geldi. 1977-1982 y\u0131llar\u0131 aras\u0131nda Grozny&#8217; de bulunan \u00c7e\u00e7en-\u0130ngu\u015f Devlet \u00dcniversitesi&#8217; nde Filoloji B\u00f6l\u00fcm\u00fcnde \u00f6\u011frencilik yapt\u0131. Bir y\u0131l \u00c7e\u00e7en-\u0130ngu\u015f Devlet Yay\u0131nevi&#8217; nde \u00e7al\u0131\u015ft\u0131ktan sonra 1984-1992 y\u0131llar\u0131 aras\u0131nda Grozny&#8217; de Raduga isimli \u00e7ocuk dergisini \u00e7\u0131kard\u0131. 1986 y\u0131l\u0131nda ilk \u015fiiri yay\u0131nland\u0131. \u00c7e\u00e7en \u00f6zg\u00fcrl\u00fck m\u00fccadelesinin ba\u015flad\u0131\u011f\u0131 ilk g\u00fcnden itibaren \u00f6zg\u00fcrl\u00fck u\u011frunda \u00e7al\u0131\u015ft\u0131. 1 \u015eubat 1999 y\u0131l\u0131nda da\u011flara ka\u00e7t\u0131. Goitschu K\u00f6y\u00fc ise Rus top\u00e7u birliklerince tamamen yok edildi. 1999 y\u0131l\u0131nda Sosyal konulardan sorumlu Devlet Ba\u015fkan\u0131 Yard\u0131mc\u0131s\u0131 olarak g\u00f6revlendirildi.<\/div>\n","protected":false},"excerpt":{"rendered":"<p>\u00c7e\u00e7en Cumhuriyeti \u0130chkeria Sosyal G\u00fcvenlik Bakan\u0131, \u015eair Apti Bisultanov&#8217; un Almanya&#8217; da yapt\u0131\u011f\u0131 siyasi s\u0131\u011f\u0131nma ba\u015fvurusu Alman Federal G\u00f6\u00e7 ve M\u00fclteci Dairesi taraf\u0131ndan reddedildi.<br \/>\n2003 y\u0131l\u0131ndan bu yana Almanya&#8217; da olan 47 ya\u015f\u0131ndaki Apti Bisultanov&#8217; un &#8230;<\/p>\n","protected":false},"author":1,"featured_media":0,"comment_status":"open","ping_status":"open","sticky":false,"template":"","format":"standard","meta":{"ngg_post_thumbnail":0,"footnotes":""},"categories":[1],"tags":[],"views":4188,"_links":{"self":[{"href":"http:\/\/www.waynakh.com\/tr\/wp-json\/wp\/v2\/posts\/1341"}],"collection":[{"href":"http:\/\/www.waynakh.com\/tr\/wp-json\/wp\/v2\/posts"}],"about":[{"href":"http:\/\/www.waynakh.com\/tr\/wp-json\/wp\/v2\/types\/post"}],"author":[{"embeddable":true,"href":"http:\/\/www.waynakh.com\/tr\/wp-json\/wp\/v2\/users\/1"}],"replies":[{"embeddable":true,"href":"http:\/\/www.waynakh.com\/tr\/wp-json\/wp\/v2\/comments?post=1341"}],"version-history":[{"count":0,"href":"http:\/\/www.waynakh.com\/tr\/wp-json\/wp\/v2\/posts\/1341\/revisions"}],"wp:attachment":[{"href":"http:\/\/www.waynakh.com\/tr\/wp-json\/wp\/v2\/media?parent=1341"}],"wp:term":[{"taxonomy":"category","embeddable":true,"href":"http:\/\/www.waynakh.com\/tr\/wp-json\/wp\/v2\/categories?post=1341"},{"taxonomy":"post_tag","embeddable":true,"href":"http:\/\/www.waynakh.com\/tr\/wp-json\/wp\/v2\/tags?post=1341"}],"curies":[{"name":"wp","href":"https:\/\/api.w.org\/{rel}","templated":true}]}}