{"id":1393,"date":"2007-05-21T14:00:00","date_gmt":"2007-05-21T12:00:00","guid":{"rendered":"http:\/\/www.zelimhan.com\/?p=858"},"modified":"2007-05-21T14:00:00","modified_gmt":"2007-05-21T12:00:00","slug":"avusturya-da-putin-evine-don-mitingi","status":"publish","type":"post","link":"http:\/\/www.waynakh.com\/tr\/2007\/05\/avusturya-da-putin-evine-don-mitingi\/","title":{"rendered":"Avusturya&#8217; da &#8220;Putin Evine D\u00f6n&#8221; Mitingi"},"content":{"rendered":"<p>Sava\u015f su\u00e7lusu olan Rusya Federasyonu Devlet Ba\u015fkan\u0131 Vladimir Putin&#8217; in 23-24 May\u0131s tarihlerinde Avusturya&#8217; ya yapaca\u011f\u0131 ziyaret nedeniyle Avusturya&#8217; da Putin&#8217; in ziyaretini protesto etmek amac\u0131yla bir miting d\u00fczenlenece\u011fi bildirildi.<!--more--><\/p>\n<p align=\"justify\">23 May\u0131s 2007 \u00c7ar\u015famba g\u00fcn\u00fc Avusturya&#8217; n\u0131n ba\u015fkenti Viyena&#8217; da ayn\u0131 ama\u00e7la, ayn\u0131 g\u00fcn ve yerde iki farkl\u0131 g\u00f6steri d\u00fczenlenecek. \u0130lk g\u00f6steri sabah saat 9.30&#8242; da ikincisi ise ak\u015fam saat 17.00&#8242; de Viyana&#8217; daki Heldenplatz Meydan\u0131&#8217; nda yap\u0131lacak. G\u00f6sterilerin organizasyonu Avusturya&#8217; daki \u00c7e\u00e7en diasporas\u0131 taraf\u0131ndan yap\u0131l\u0131yor ve Avusturya&#8217; daki baz\u0131 organizasyonlar taraf\u0131ndan da destekleniyor.<\/p>\n<p align=\"justify\">Avusturya diasporas\u0131ndan yap\u0131lan \u00e7a\u011fr\u0131da, &#8220;Sava\u015f su\u00e7lusu Putin&#8217; i Avusturya&#8217; da politikac\u0131larla g\u00f6r\u00fc\u015f\u00fcrken de\u011fil, Sava\u015f Su\u00e7lar\u0131 Mahkemesi&#8217; nde yarg\u0131lan\u0131rken g\u00f6rmek istiyoruz!\u00a0 Putin, Avusturya&#8217; ya gelmemeli!&#8221; \u015feklinde ifadeler kulland\u0131lar.<\/p>\n<p align=\"justify\">Waynakh.com\u00a0olarak, Avusturya&#8217; daki ya da yak\u0131n yerlerdeki okuyucular\u0131m\u0131za mitinge kat\u0131lmalar\u0131n\u0131 ve organizasyon komitesini yaln\u0131z b\u0131rakmamalar\u0131n\u0131 rica ediyoruz. \u00c7\u00fcnk\u00fc, Sessiz kalmak ortak olmakt\u0131r!\u00a0<\/p>\n","protected":false},"excerpt":{"rendered":"<p>Sava\u015f su\u00e7lusu olan Rusya Federasyonu Devlet Ba\u015fkan\u0131 Vladimir Putin&#8217; in 23-24 May\u0131s tarihlerinde Avusturya&#8217; ya yapaca\u011f\u0131 ziyaret nedeniyle Avusturya&#8217; da Putin&#8217; in ziyaretini protesto etmek amac\u0131yla bir miting d\u00fczenlenece\u011fi bildirildi.<\/p>\n","protected":false},"author":1,"featured_media":0,"comment_status":"open","ping_status":"open","sticky":false,"template":"","format":"standard","meta":{"ngg_post_thumbnail":0,"footnotes":""},"categories":[1],"tags":[],"views":3538,"_links":{"self":[{"href":"http:\/\/www.waynakh.com\/tr\/wp-json\/wp\/v2\/posts\/1393"}],"collection":[{"href":"http:\/\/www.waynakh.com\/tr\/wp-json\/wp\/v2\/posts"}],"about":[{"href":"http:\/\/www.waynakh.com\/tr\/wp-json\/wp\/v2\/types\/post"}],"author":[{"embeddable":true,"href":"http:\/\/www.waynakh.com\/tr\/wp-json\/wp\/v2\/users\/1"}],"replies":[{"embeddable":true,"href":"http:\/\/www.waynakh.com\/tr\/wp-json\/wp\/v2\/comments?post=1393"}],"version-history":[{"count":0,"href":"http:\/\/www.waynakh.com\/tr\/wp-json\/wp\/v2\/posts\/1393\/revisions"}],"wp:attachment":[{"href":"http:\/\/www.waynakh.com\/tr\/wp-json\/wp\/v2\/media?parent=1393"}],"wp:term":[{"taxonomy":"category","embeddable":true,"href":"http:\/\/www.waynakh.com\/tr\/wp-json\/wp\/v2\/categories?post=1393"},{"taxonomy":"post_tag","embeddable":true,"href":"http:\/\/www.waynakh.com\/tr\/wp-json\/wp\/v2\/tags?post=1393"}],"curies":[{"name":"wp","href":"https:\/\/api.w.org\/{rel}","templated":true}]}}