{"id":13953,"date":"2014-11-05T18:24:22","date_gmt":"2014-11-05T15:24:22","guid":{"rendered":"http:\/\/www.waynakh.com\/tr\/?p=13953"},"modified":"2014-11-05T18:24:22","modified_gmt":"2014-11-05T15:24:22","slug":"medet-onlu-dosyasi-hakkinda-basin-toplantisi-yapildi","status":"publish","type":"post","link":"http:\/\/www.waynakh.com\/tr\/2014\/11\/medet-onlu-dosyasi-hakkinda-basin-toplantisi-yapildi\/","title":{"rendered":"Medet \u00d6nl\u00fc Dosyas\u0131 Hakk\u0131nda Bas\u0131n Toplant\u0131s\u0131 Yap\u0131ld\u0131"},"content":{"rendered":"<p style=\"text-align: justify;\">Medet \u00d6nl\u00fc i\u00e7in Adalet Komitesi, 31.10.2014 tarihinde yapt\u0131\u011f\u0131 bas\u0131n toplant\u0131s\u0131 ile soru\u015fturmadaki son durum hakk\u0131nda kamuoyuna <a href=\"http:\/\/medeticinadalet.org\/medet-onlu-icin-basin-toplantisi-yapildi\/\" target=\"_blank\">bilgi verdi<\/a>.<!--more--><\/p>\n<p style=\"text-align: justify;\">\u00d6nl\u00fc ailesinin avukat\u0131 Erdal Do\u011fan, Medet \u00d6nl\u00fc\u2019n\u00fcn e\u015fi Leyla \u00d6nl\u00fc ve Medet \u00d6nl\u00fc \u0130\u00e7in Adalet Komitesi\u2019ni temsilen Alper Hra\u00e7a\u2019n\u0131n kat\u0131ld\u0131\u011f\u0131 toplant\u0131ya ulusal ve yerel bas\u0131n d\u00fc\u015f\u00fck bir kat\u0131l\u0131m g\u00f6sterdi. Toplant\u0131da adli s\u00fcrecin detaylar\u0131 payla\u015f\u0131ld\u0131. Ailenin ve komitenin tavr\u0131 a\u00e7\u0131kland\u0131.<\/p>\n<p style=\"text-align: justify;\"><span style=\"text-decoration: underline;\"><strong>Bas\u0131n b\u00fclteninin tam metni:<\/strong><\/span><\/p>\n<p style=\"text-align: justify;\">De\u011ferli Bas\u0131n Mensuplar\u0131<\/p>\n<p style=\"text-align: justify;\">22 May\u0131s 2013\u2019de ger\u00e7ekle\u015ftirilen suikastle Medet \u00d6nl\u00fc\u2019n\u00fcn hayat\u0131n\u0131 kaybetmesi \u00fczerinden yakla\u015f\u0131k bir bu\u00e7uk sene ge\u00e7tikten sonra suikast\u0131n tetik\u00e7i zanl\u0131s\u0131 Murat Alu\u00e7, Sakarya\u2019da yakaland\u0131. Tetik\u00e7inin yakalanarak adalete teslim edilmesini, ailenin \u00e7a\u011fr\u0131s\u0131yla ba\u015flatt\u0131\u011f\u0131m\u0131z adalet y\u00fcr\u00fcy\u00fc\u015f\u00fcn\u00fcn ilk somut ad\u0131m\u0131 olarak g\u00f6r\u00fcyoruz.<\/p>\n<p style=\"text-align: justify;\">Bug\u00fcne dek g\u00fcvenlik birimleri ve adli makamlarda kar\u015f\u0131 kar\u015f\u0131ya kald\u0131\u011f\u0131m\u0131z ihmal ve aksakl\u0131klarla ilgili kamuoyu olu\u015fturabilmek i\u00e7in yo\u011fun \u00e7aba g\u00f6sterdik. Ankara\u2019n\u0131n y\u00fcksek g\u00fcvenlikli bir b\u00f6lgesinde adeta g\u00f6stere g\u00f6stere i\u015fledi\u011fi bir cinayet ard\u0131ndan elini kolunu sallayarak \u015fehri terkeden zanl\u0131n\u0131n, bir bu\u00e7uk sene sonra adalete teslim edilmesinin sebebi toplum vicdan\u0131n\u0131n ailenin \u00e7a\u011fr\u0131lar\u0131na kay\u0131ts\u0131z kalmam\u0131\u015f olmas\u0131d\u0131r.<\/p>\n<p style=\"text-align: justify;\">Suikast\u0131n t\u00fcm zanl\u0131lar\u0131n\u0131n yakalanmas\u0131, ihmali bulunan yetkililerin tespit edilmesi ve siyasi boyutlar\u0131n\u0131n a\u00e7\u0131\u011fa \u00e7\u0131kar\u0131lmas\u0131 amac\u0131yla s\u00fcrd\u00fcrd\u00fc\u011f\u00fcm\u00fcz m\u00fccadelemiz art\u0131k hukuki s\u00fcrece de ta\u015f\u0131nm\u0131\u015ft\u0131r. Y\u00fcr\u00fcd\u00fc\u011f\u00fcm\u00fcz bu yolda kamu vicdan\u0131n\u0131 en b\u00fcy\u00fck g\u00fcc\u00fcm\u00fcz olarak g\u00f6r\u00fcyor, toplumumuzun yan\u0131m\u0131zda olaca\u011f\u0131na inan\u0131yoruz.<\/p>\n<p style=\"text-align: justify;\">\u00d6rg\u00fctl\u00fc bir suikast\u0131n tetik\u00e7isinin yard\u0131m ve yatakl\u0131k yapan bir grupla birlikte yakalanm\u0131\u015f olmas\u0131 suikast\u0131n t\u00fcm boyutlar\u0131yla ayd\u0131nlanmas\u0131 a\u00e7\u0131s\u0131ndan son derece \u00f6nemlidir. Alu\u00e7, i\u015fledi\u011fi su\u00e7u \u00e7e\u015fitli uydurma gerek\u00e7elerle hafifletme \u00e7abas\u0131na giri\u015fmi\u015f olsa da, soru\u015fturman\u0131n derinle\u015ftirilmesini ve \u015febekenin a\u00e7\u0131\u011fa \u00e7\u0131kar\u0131lmas\u0131na katk\u0131da bulunacak \u00f6nemli bilgiler sunmaktad\u0131r.<\/p>\n<p style=\"text-align: justify;\">Ancak bug\u00fcne kadar kar\u015f\u0131la\u015ft\u0131\u011f\u0131m\u0131z aksakl\u0131k ve ihmaller zincirine maalesef art\u0131k yarg\u0131 a\u015famas\u0131nda da \u00fcz\u00fclerek tan\u0131k oluyoruz. Tetik\u00e7i Murat Alu\u00e7\u2019la birlikte yakalanan zanl\u0131lar\u0131n ka\u00e7ma ve delilleri karartma ihtimallerinin y\u00fcksek olmas\u0131 nedeniyle tutuklanma talebi Ankara 8.Sulh Ceza Mahkemesi\u2019nce reddedilmi\u015ftir. Murat Alu\u00e7\u2019u soru\u015fturma birimlerinden saklamak i\u00e7in her t\u00fcrl\u00fc i\u015fbirli\u011fini ger\u00e7eke\u015ftiren, pek \u00e7ok silah, susturucu ve jammer\u2019la yakalanan bu ki\u015filerin serbest b\u0131rak\u0131lmas\u0131 kabul edilebilir bir karar de\u011fildir.<\/p>\n<p style=\"text-align: justify;\">Yine Alu\u00e7\u2019un ifadesiyle su\u00e7 \u00f6rg\u00fct\u00fcnde \u00f6nemli rolleri oldu\u011fu anla\u015f\u0131lan, Erdem G\u00fcne\u015f ve <a href=\"http:\/\/www.sabah.com.tr\/yasam\/2014\/10\/28\/cecen-cinayetinde-polis-onun-pesinde\" target=\"_blank\">Mehmet Akif C\u00f6mert<\/a>\u2019le ilgili soru\u015fturman\u0131n derinle\u015ftirilmesini bekliyoruz. Cinayet \u00f6ncesi ve sonras\u0131 t\u00fcm a\u015famalarda aktif olarak yer alan suikast\u0131n di\u011fer zanl\u0131s\u0131 \u00d6mer Peltek halen yakalanmam\u0131\u015ft\u0131r. Ve yine ayn\u0131 \u015fekilde hakk\u0131nda k\u0131rm\u0131z\u0131 b\u00fclten ile arama karar\u0131 \u00e7\u0131kart\u0131lan suikast\u0131n azmettiricisi Rizvan Ezbulatov\u2019un hangi \u00fclkede oldu\u011fu konusunda bir bilgiye sahip de\u011filiz.<\/p>\n<p style=\"text-align: justify;\">Suikastin i\u015flendi\u011fi g\u00fcnden bu yana, i\u015flenen su\u00e7un faillerinin cezaland\u0131r\u0131lmas\u0131 y\u00f6n\u00fcnde siyasi irade herhangi bir kararl\u0131l\u0131k g\u00f6stermedi\u011fi gibi, herhangi bir diplomatik giri\u015fim de s\u00f6z konusu de\u011fildir. Medet \u00d6nl\u00fc Suikast\u0131\u2019n\u0131n, \u00c7e\u00e7en s\u0131\u011f\u0131nmac\u0131lar\u0131n Suriye\u2019ye sava\u015f\u00e7\u0131 olarak g\u00f6nderilmesine engel olma \u00e7abas\u0131yla ba\u011flant\u0131l\u0131 olabilece\u011fi y\u00f6n\u00fcndeki kan\u0131m\u0131z\u0131 daha \u00f6nce ifade etmi\u015f ve soru\u015fturman\u0131n bu y\u00f6nde ilerletilmesini istemi\u015ftik. Bu kayg\u0131m\u0131z\u0131 giderecek herhangi bir ad\u0131m at\u0131lmad\u0131\u011f\u0131 gibi, siyasi iradenin tutumu kanaatimizi g\u00fc\u00e7lendirmektedir.<\/p>\n<p style=\"text-align: justify;\">Geldi\u011fimiz noktada siyasi iradenin ve devletin tutumundan anlad\u0131\u011f\u0131m\u0131z suikast\u0131n tetik\u00e7isinin yakalanmas\u0131yla yetinmemizin beklendi\u011fidir. Bu beklenti kar\u015f\u0131s\u0131nda tutumuzu kamuoyumuza ifade etmeyi bor\u00e7 biliyoruz: Tetik\u00e7inin yakalanm\u0131\u015f olmas\u0131, bizler i\u00e7in m\u00fccadelenin sonu de\u011fil ba\u015f\u0131d\u0131r. Bu suikast t\u00fcm boyutlar\u0131yla ayd\u0131nlat\u0131lana, sorumlular tamam\u0131 adalete teslim edilene ve tam bir y\u00fczle\u015fme ger\u00e7eke\u015fene dek m\u00fccadelemizi s\u00fcrd\u00fcrmekte kararl\u0131y\u0131z.<\/p>\n","protected":false},"excerpt":{"rendered":"<p>Medet \u00d6nl\u00fc i\u00e7in Adalet Komitesi, 31.10.2014 tarihinde yapt\u0131\u011f\u0131 bas\u0131n toplant\u0131s\u0131 ile soru\u015fturmadaki son durum hakk\u0131nda kamuoyuna bilgi verdi.<\/p>\n","protected":false},"author":3,"featured_media":0,"comment_status":"open","ping_status":"open","sticky":false,"template":"","format":"standard","meta":{"ngg_post_thumbnail":0,"footnotes":""},"categories":[1],"tags":[],"views":4098,"_links":{"self":[{"href":"http:\/\/www.waynakh.com\/tr\/wp-json\/wp\/v2\/posts\/13953"}],"collection":[{"href":"http:\/\/www.waynakh.com\/tr\/wp-json\/wp\/v2\/posts"}],"about":[{"href":"http:\/\/www.waynakh.com\/tr\/wp-json\/wp\/v2\/types\/post"}],"author":[{"embeddable":true,"href":"http:\/\/www.waynakh.com\/tr\/wp-json\/wp\/v2\/users\/3"}],"replies":[{"embeddable":true,"href":"http:\/\/www.waynakh.com\/tr\/wp-json\/wp\/v2\/comments?post=13953"}],"version-history":[{"count":1,"href":"http:\/\/www.waynakh.com\/tr\/wp-json\/wp\/v2\/posts\/13953\/revisions"}],"predecessor-version":[{"id":13955,"href":"http:\/\/www.waynakh.com\/tr\/wp-json\/wp\/v2\/posts\/13953\/revisions\/13955"}],"wp:attachment":[{"href":"http:\/\/www.waynakh.com\/tr\/wp-json\/wp\/v2\/media?parent=13953"}],"wp:term":[{"taxonomy":"category","embeddable":true,"href":"http:\/\/www.waynakh.com\/tr\/wp-json\/wp\/v2\/categories?post=13953"},{"taxonomy":"post_tag","embeddable":true,"href":"http:\/\/www.waynakh.com\/tr\/wp-json\/wp\/v2\/tags?post=13953"}],"curies":[{"name":"wp","href":"https:\/\/api.w.org\/{rel}","templated":true}]}}