{"id":14208,"date":"2026-08-28T22:13:58","date_gmt":"2026-08-28T19:13:58","guid":{"rendered":"https:\/\/www.waynakh.com\/tr\/?p=14208"},"modified":"2026-08-28T22:13:59","modified_gmt":"2026-08-28T19:13:59","slug":"siyah-gomlekliler-parmak-sallayanlar-ve-vicdanimiz","status":"publish","type":"post","link":"http:\/\/www.waynakh.com\/tr\/2026\/08\/siyah-gomlekliler-parmak-sallayanlar-ve-vicdanimiz\/","title":{"rendered":"Siyah G\u00f6mlekliler, Parmak Sallayanlar ve Vicdan\u0131m\u0131z"},"content":{"rendered":"\n<p class=\"wp-block-paragraph\">De\u011ferli soyda\u015flar\u0131m. Sonucunu dil konusuna ba\u011flayaca\u011f\u0131m i\u00e7in burada bir a\u00e7\u0131klama yapmak istiyorum.<\/p>\n\n\n\n<p class=\"wp-block-paragraph\">Ge\u00e7ti\u011fimiz iki ayd\u0131r, \u00c7e\u00e7enistan ve T\u00fcrkiye&#8217;de ya\u015fayan \u00c7e\u00e7enler aras\u0131nda diyalo\u011fu geli\u015ftirmek, dil ile ilgili \u00e7al\u0131\u015fmalar yapmak, k\u00fclt\u00fcrel faaliyetlerde bulunmak \u00fczere bir organizasyon d\u00fczenlendi ve ge\u00e7ti\u011fimiz \u00c7ar\u015famba g\u00fcn\u00fc sona erdi\u011fini \u00f6\u011frendim. Bu toplant\u0131lara ben de davet edildim. Ancak kalbim gelecek insanlara \u0131s\u0131nmad\u0131\u011f\u0131 i\u00e7in kat\u0131lmad\u0131m.<\/p>\n\n\n\n<p class=\"wp-block-paragraph\">\u00c7e\u00e7enistan&#8217;dan gelen \u00d6zel Kuvvetler Komutan\u0131 ve Askerlerini Bozkurt k\u00f6y\u00fcne gitti\u011fim taziye s\u0131ras\u0131nda g\u00f6rd\u00fcm. Hepsi \u00c7e\u00e7enistan&#8217;da giydikleri siyah elbiseler ve &#8221; K&#8221; harfi ve madalyalar\u0131, siyah g\u00f6zl\u00fckleri ile sanki ya bir bask\u0131na gitmi\u015fler, ya da bir bask\u0131n olacak gibi Cami etraf\u0131nda tedbir alm\u0131\u015flard\u0131. Onlar\u0131 g\u00f6r\u00fcnce \u00c7e\u00e7enistan\u2019a giden gruba da hitap g\u00f6r\u00fcnt\u00fclerini de izleyince; bu ziyaretlerin k\u00fclt\u00fcrel bir organizasyondan \u00e7ok T\u00fcrkiye&#8217;li \u00c7e\u00e7enlere bir g\u00fc\u00e7\/g\u00f6vde g\u00f6sterisi olarak alg\u0131lad\u0131m. Yani gelmi\u015f \u00c7e\u00e7enistan&#8217;da insanlar\u0131 bask\u0131yla yola getiren insan bizlere de parmak sall\u0131yordu. \u00c7ok \u00fcz\u00fcld\u00fcm 1,5 milyon insan bu hale mi gelecekti. Ayr\u0131ca d\u00fcne kadar \u0130\u00e7keryac\u0131 olanlar\u0131n bir ziyarette ald\u0131klar\u0131 madalyalarla ertesi g\u00fcn Kadirovcu olmalar\u0131 da ayr\u0131 bir garabetti.<\/p>\n\n\n\n<p class=\"wp-block-paragraph\">A\u00e7\u0131k\u00e7a ilan ediyorum: Ger\u00e7ek anlamda K\u00fclt\u00fcrel faaliyet y\u00fcr\u00fcten \u015fahs\u0131m bug\u00fcn ne Yahudi Zelenski i\u00e7in asker sevki yapan Zakayev\u2019den yanay\u0131m, ne de Putin i\u00e7in zorla Ukrayna\u2019ya asker g\u00f6nderen Kadirov&#8217;dan yanay\u0131m. \u00c7e\u00e7enler art\u0131k birileri i\u00e7in \u00f6lmemeli, ya\u015famal\u0131. Bulundu\u011fu her \u00fclkede okumal\u0131, d\u00fcnya \u00e7ap\u0131nda bilim adamlar\u0131 yeti\u015ftirmeli.<\/p>\n\n\n\n<p class=\"wp-block-paragraph\">Ne zaman ki \u00c7e\u00e7enistan ba\u011f\u0131ms\u0131z bir devlet olur, adaletli y\u00f6neticiler i\u015f ba\u015f\u0131na gelir ancak onlardan yana olurum. Ama daima \u00c7e\u00e7enistan ve diasporada ya\u015fayan \u00c7e\u00e7en halk\u0131ndan yanay\u0131m. \u0130yi biliyorum ki hepsinin kalpleri ayn\u0131 duygular \u00fczerine ve bir at\u0131yor; y\u00f6netimlerden ba\u011f\u0131ms\u0131z olarak.<\/p>\n\n\n\n<p class=\"wp-block-paragraph\">\u015eimdi gelelim k\u00fclt\u00fcrel faaliyet nas\u0131l yap\u0131l\u0131r konusuna. \u00d6ncelikle dil olmazsa hi\u00e7 bir k\u00fclt\u00fcrel faaliyet olmaz. D\u00fc\u011f\u00fcnlerde oynamaktan ba\u015fka. Onun da zamanla unutulmaya y\u00fcz tuttu\u011fu bug\u00fcn g\u00f6zle g\u00f6r\u00fclmektedir.<\/p>\n\n\n\n<p class=\"wp-block-paragraph\">Bu yap\u0131lan organizasyonda \u00e7ocuklar\u0131n \u00c7e\u00e7enistan ziyaretleri \u00e7ok g\u00fczel. Umar\u0131m \u00e7ocuklar da \u00e7ok memnun olarak d\u00f6nm\u00fc\u015flerdir. Ancak 15 g\u00fcnl\u00fck dil kursu olmayaca\u011f\u0131 bir ger\u00e7ektir. Bu turistik bir gezidir.<\/p>\n\n\n\n<p class=\"wp-block-paragraph\">Peki bu organizasyon nas\u0131l olmal\u0131yd\u0131? \u00d6ncelikle \u00fclkede halk\u0131na korku salan bir \u00f6zel kuvvetler komutan\u0131n\u0131n korumalar\u0131yla gelmeleri \u00e7ok yanl\u0131\u015ft\u0131. Onlar\u0131n gelmesi parmak sallamadan ba\u015fka bir \u015fey de\u011fildi. Madem dil ve k\u00fclt\u00fcr organizasyonuydu, Grozni \u00dcniversitesi\u2019nde \u00e7ok de\u011ferli filologlar ve \u00c7e\u00e7ence \u00d6\u011fretim g\u00f6revlileri var. \u0130\u015fkola platformunda dil \u00f6\u011freten payla\u015f\u0131mlar yapan \u00e7ok de\u011ferli karde\u015flerimiz var. E\u011fer bu organizasyon onlarla yap\u0131lsayd\u0131 seve seve kat\u0131l\u0131r hatta k\u00f6y k\u00f6y gezerdim.<\/p>\n\n\n\n<p class=\"wp-block-paragraph\">Peki buradan kat\u0131lanlar\u0131n durumlar\u0131n\u0131 nas\u0131l g\u00f6r\u00fcyorum? Dernek y\u00f6netimlerinden ba\u011f\u0131ms\u0131z olarak diyasporadaki her \u00c7e\u00e7en\u2019de atavatan hasreti vard\u0131r. Her f\u0131rsatta gidip oralar\u0131 g\u00f6r\u00fcp gezmek, akrabalar\u0131n\u0131 aray\u0131p bulmak istemeleri kadar tabii bir durum yoktur. Ben de d\u00f6rt defa gittim, akrabalar\u0131m\u0131 buldum, \u00e7ar\u015f\u0131da pazarda insanlarla konu\u015ftum, samimi candan davran\u0131\u015flar\u0131yla muhatap oldum.<\/p>\n\n\n\n<p class=\"wp-block-paragraph\">Ve orada bir y\u00f6netici ayr\u0131cal\u0131kl\u0131 siyah g\u00f6mlekli &#8220;<strong>K<\/strong>&#8221; harfini plakalar\u0131nda, g\u00f6\u011f\u00fcslerinde ta\u015f\u0131yan her t\u00fcrl\u00fc serbestiye \/ekonomiye sahip insanlar g\u00f6rd\u00fcm. Bir de her ne kadar Rus y\u00f6netimini sevmeseler de sava\u015f, kan, zul\u00fcm, kolsuz bacaks\u0131z insan g\u00f6rmek istemeyen \u00c7e\u00e7en halk\u0131 var.<\/p>\n\n\n\n<p class=\"wp-block-paragraph\">Bir ba\u015fka \u00e7ok \u00f6nemli bir husus. \u00c7ardak&#8217;ta, G\u00fcc\u00fcksu&#8217;da as\u0131lan \u0130\u00e7kerya bayraklar\u0131 g\u00f6stermektedir ki; T\u00fcrkiyeli \u00c7e\u00e7enlerin b\u00fcy\u00fck \u00e7o\u011funlu\u011fu Rus g\u00fcd\u00fcml\u00fc y\u00f6netimi benimsemiyor. Ayr\u0131ca T\u00fcrk kom\u015fular\u0131m\u0131z\u0131n hepsi, Dudayev\u2019i, \u015eamil Basayev\u2019i, Aslan Mashadov\u2019u ve sava\u015fta hayat\u0131n\u0131 kaybeden 300.000 \u00c7e\u00e7eni kendi ailelerinden birer \u00f6zg\u00fcrl\u00fck sava\u015f\u00e7\u0131s\u0131 ve milli kahramanlar\u0131 olarak g\u00f6r\u00fcyor. \u00c7e\u00e7enistandaki y\u00f6netim ise her f\u0131rsatta Vatan i\u00e7in canlar\u0131n\u0131 veren bu kahramanlara her f\u0131rsatta hakaret ediyorlar. Nitekim \u00c7e\u00e7enistan\u2019a giden gruba kar\u015f\u0131 sayg\u0131s\u0131z bir oturu\u015fla, t\u00fckenmez kalemi \u00e7\u0131t\u0131rdatarak konu\u015fan\u0131n Mashadov i\u00e7in &#8220;<strong><em>\u043a\u044a\u043e\u043c\u0430\u043d \u043c\u043e\u0441\u0442a\u0433\u04cf<\/em><\/strong>&#8221; &#8220;<strong>Milletin d\u00fc\u015fman\u0131<\/strong>&#8221; dedi\u011fi gibi.<\/p>\n\n\n\n<p class=\"wp-block-paragraph\">Bu organizasyonlar\u0131 yapan soyad\u0131n\u0131 \u00c7e\u00e7eno\u011flu olarak tan\u0131tan Kazanc\u0131k k\u00f6y\u00fcnden ve \u00c7e\u00e7enistan&#8217;da ya\u015fayan Emir \u015eahin K\u00fc\u00e7\u00fcko\u011flu iyi niyetli olabilir. Niyetini okuyamam da bilemem de. Ancak bir b\u00fcy\u00fc\u011f\u00fc olarak ki 70 ya\u015f\u0131nday\u0131m, birka\u00e7 tavsiyem var kendisine:<\/p>\n\n\n\n<p class=\"wp-block-paragraph\"><strong>1.<\/strong> \u00d6ncelikle Nox\u00e7allay\u0131 iyi okumas\u0131n\u0131 temenni ediyorum. \u00c7e\u00e7enistan\u2019da bu konuda Rus\u00e7a yaz\u0131m\u0131\u015f bir kitap var.<\/p>\n\n\n\n<p class=\"wp-block-paragraph\"><strong>2.<\/strong> E\u011fer o y\u00f6netimle \u00e7ok samimi ise onlara \u015funu tavsiye etmeli sava\u015f d\u00f6nemi kahramanlar\u0131na hakaret etmekle bu y\u00f6netim T\u00fcrkiye&#8217;den birka\u00e7 ki\u015fiyi ikna edebilir ama oraya gidenlerin b\u00fcy\u00fck \u00e7o\u011funlu\u011fu dahil kalplerine \u0131s\u0131nd\u0131ramaz. Bu konuda y\u00f6netimin D\u00fcnya ile en az\u0131ndan aradaki buzlar\u0131 az da olsa eritebilmesi i\u00e7in. Sava\u015f d\u00f6neminde hayatlar\u0131n\u0131 kaybedenlere ve bug\u00fcn D\u00fcnyan\u0131n d\u00f6rt bir taraf\u0131nda ya\u015fayan \u00c7e\u00e7enler i\u00e7in Genel Bir Af \u00e7\u0131karmal\u0131 ve onlara hakareti yasaklamal\u0131d\u0131r. Ayr\u0131ca hepsini \u00c7e\u00e7enistan tarihine dahil etmeli. Okullarda hayatlar\u0131 okutulmal\u0131d\u0131r. 10 y\u0131ll\u0131k bir sava\u015f d\u00f6nemini kitaplardan silseniz de kalplerden silemezsiniz. G\u00fcn gelir ta\u015flar konu\u015fur.<\/p>\n\n\n\n<p class=\"wp-block-paragraph\"><strong>3.<\/strong> E\u011fer k\u00fclt\u00fcrel faaliyetler yapmaya samimi olarak devam etmek istiyorsa Emir! K\u00fclt\u00fcr Bakan\u0131yla, Akademisyenlerle bu t\u00fcr organizasyonlar\u0131 g\u00f6r\u00fc\u015fmelidir. Ba\u015fka t\u00fcrl\u00fc askerle, korumayla k\u00fclt\u00fcrel faaliyet olmayaca\u011f\u0131n\u0131 bilmeli.<\/p>\n\n\n\n<p class=\"wp-block-paragraph\"><strong>4.<\/strong> Ayr\u0131ca T\u00fcrkiye\u2019de belli siyasi \u00e7evrelerle \u00e7ekilen foto\u011fraflar\u0131n hi\u00e7bir faydas\u0131 olmaz. Sevenleri (varsa) say\u0131s\u0131n\u0131 azalt\u0131r.<\/p>\n\n\n\n<p class=\"wp-block-paragraph\">Velhas\u0131l\u0131 kelam \u00c7e\u00e7en Atas\u00f6z\u00fc: &#8221; Dil yok, millet yok.&#8221;<\/p>\n\n\n\n<p class=\"has-text-align-right wp-block-paragraph\">26.08.2026<\/p>\n\n\n\n<p class=\"has-text-align-right wp-block-paragraph\"><strong>Ramazan<\/strong> <strong>\u00d6z\u0131\u015f\u0131n<\/strong><\/p>\n\n\n\n<p class=\"has-text-align-right wp-block-paragraph\">Facebook<\/p>\n","protected":false},"excerpt":{"rendered":"<p>De\u011ferli soyda\u015flar\u0131m. Sonucunu dil konusuna ba\u011flayaca\u011f\u0131m i\u00e7in burada bir a\u00e7\u0131klama yapmak istiyorum.<\/p>\n<p>Ge\u00e7ti\u011fimiz iki ayd\u0131r, \u00c7e\u00e7enistan ve T\u00fcrkiye&#8217;de ya\u015fayan \u00c7e\u00e7enler aras\u0131nda diyalo\u011fu geli\u015ftirmek, dil ile ilgili \u00e7al\u0131\u015fmalar yapmak, k\u00fclt\u00fcrel faaliyetlerde bulunmak \u00fczere bir organizasyon d\u00fczenlendi ve &#8230;<\/p>\n","protected":false},"author":1,"featured_media":0,"comment_status":"open","ping_status":"open","sticky":false,"template":"","format":"standard","meta":{"ngg_post_thumbnail":0,"footnotes":""},"categories":[1],"tags":[],"class_list":["post-14208","post","type-post","status-publish","format-standard","hentry","category-haberler"],"views":249,"_links":{"self":[{"href":"http:\/\/www.waynakh.com\/tr\/wp-json\/wp\/v2\/posts\/14208","targetHints":{"allow":["GET"]}}],"collection":[{"href":"http:\/\/www.waynakh.com\/tr\/wp-json\/wp\/v2\/posts"}],"about":[{"href":"http:\/\/www.waynakh.com\/tr\/wp-json\/wp\/v2\/types\/post"}],"author":[{"embeddable":true,"href":"http:\/\/www.waynakh.com\/tr\/wp-json\/wp\/v2\/users\/1"}],"replies":[{"embeddable":true,"href":"http:\/\/www.waynakh.com\/tr\/wp-json\/wp\/v2\/comments?post=14208"}],"version-history":[{"count":1,"href":"http:\/\/www.waynakh.com\/tr\/wp-json\/wp\/v2\/posts\/14208\/revisions"}],"predecessor-version":[{"id":14209,"href":"http:\/\/www.waynakh.com\/tr\/wp-json\/wp\/v2\/posts\/14208\/revisions\/14209"}],"wp:attachment":[{"href":"http:\/\/www.waynakh.com\/tr\/wp-json\/wp\/v2\/media?parent=14208"}],"wp:term":[{"taxonomy":"category","embeddable":true,"href":"http:\/\/www.waynakh.com\/tr\/wp-json\/wp\/v2\/categories?post=14208"},{"taxonomy":"post_tag","embeddable":true,"href":"http:\/\/www.waynakh.com\/tr\/wp-json\/wp\/v2\/tags?post=14208"}],"curies":[{"name":"wp","href":"https:\/\/api.w.org\/{rel}","templated":true}]}}