{"id":14211,"date":"2026-08-28T22:23:47","date_gmt":"2026-08-28T19:23:47","guid":{"rendered":"https:\/\/www.waynakh.com\/tr\/?p=14211"},"modified":"2026-08-28T22:23:48","modified_gmt":"2026-08-28T19:23:48","slug":"hafiza-kiralanamaz-cecen-diasporasinin-bagimsizlik-sinavi","status":"publish","type":"post","link":"http:\/\/www.waynakh.com\/tr\/2026\/08\/hafiza-kiralanamaz-cecen-diasporasinin-bagimsizlik-sinavi\/","title":{"rendered":"Haf\u0131za Kiralanamaz: \u00c7e\u00e7en Diasporas\u0131n\u0131n Ba\u011f\u0131ms\u0131zl\u0131k S\u0131nav\u0131"},"content":{"rendered":"\n<p class=\"wp-block-paragraph\">H\u00fcseyin Altunbay\u2019\u0131n \u201c<a href=\"https:\/\/www.waynakh.com\/tr\/2026\/08\/cecen-diasporasinin-sinavi-yontem-mi-sonuc-mu\/\">\u00c7e\u00e7en Diasporas\u0131n\u0131n S\u0131nav\u0131: Y\u00f6ntem mi Sonu\u00e7 mu?<\/a>\u201d ba\u015fl\u0131kl\u0131 yaz\u0131s\u0131n\u0131 okudu\u011fumda, asl\u0131nda bug\u00fcn \u00c7e\u00e7en diasporas\u0131n\u0131n tart\u0131\u015fmas\u0131 gereken \u00e7ok daha derin bir meselenin etraf\u0131nda dola\u015ft\u0131\u011f\u0131m\u0131z\u0131 d\u00fc\u015f\u00fcnd\u00fcm.<\/p>\n\n\n\n<p class=\"wp-block-paragraph\">Meseleyi \u201cAnavatanla temas kural\u0131m m\u0131, kurmayal\u0131m m\u0131?\u201d noktas\u0131na s\u0131k\u0131\u015ft\u0131rmak, bana g\u00f6re tart\u0131\u015fman\u0131n \u00f6z\u00fcn\u00fc \u0131skalamakt\u0131r.<\/p>\n\n\n\n<p class=\"wp-block-paragraph\">\u00c7\u00fcnk\u00fc \u00c7e\u00e7en diasporas\u0131n\u0131n anavatanla ba\u011f kurmas\u0131 yeni ortaya \u00e7\u0131km\u0131\u015f bir mesele de\u011fildir. S\u00fcrg\u00fcnden bu yana haf\u0131zam\u0131z\u0131n bir yerinde hep duran bir yarad\u0131r anavatan. 1990\u2019larda Dudayev d\u00f6neminde yeniden g\u00fc\u00e7lenen ili\u015fkiler, T\u00fcrkiye\u2019ye gelen \u00f6\u011frenciler, sava\u015f y\u0131llar\u0131nda kurulan dayan\u0131\u015fma a\u011flar\u0131, aile ba\u011flar\u0131, evlilikler, ticari ili\u015fkiler ve bug\u00fcn h\u00e2l\u00e2 devam eden bireysel temaslar bunun en a\u00e7\u0131k g\u00f6stergesidir.<\/p>\n\n\n\n<p class=\"wp-block-paragraph\">Dolay\u0131s\u0131yla kimsenin \u00c7e\u00e7en diasporas\u0131na \u201canavatan\u0131n\u0131zla ili\u015fkinizi kesin\u201d demesine gerek yoktur. B\u00f6yle bir \u00e7a\u011fr\u0131 zaten toplumun ger\u00e7ekli\u011fiyle ba\u011fda\u015fmaz.<\/p>\n\n\n\n<p class=\"wp-block-paragraph\">As\u0131l soru \u015fudur:<\/p>\n\n\n\n<p class=\"wp-block-paragraph\">Anavatanla ili\u015fki kurarken kiminle ili\u015fki kuruyoruz?<\/p>\n\n\n\n<p class=\"wp-block-paragraph\">Bir halkla m\u0131?<\/p>\n\n\n\n<p class=\"wp-block-paragraph\">Bir devlet ayg\u0131t\u0131yla m\u0131?<\/p>\n\n\n\n<p class=\"wp-block-paragraph\">Bir y\u00f6netimle mi?<\/p>\n\n\n\n<p class=\"wp-block-paragraph\">Yoksa bir y\u00f6netimin siyasi ve ekonomik imk\u00e2nlar\u0131n\u0131 kullanarak diasporan\u0131n kendi ba\u011f\u0131ms\u0131z iradesini yava\u015f yava\u015f o y\u00f6netimin s\u0131n\u0131rlar\u0131 i\u00e7ine mi ta\u015f\u0131yoruz?<\/p>\n\n\n\n<p class=\"wp-block-paragraph\">\u0130\u015fte bence as\u0131l s\u0131nav burada ba\u015fl\u0131yor.<\/p>\n\n\n\n<p class=\"wp-block-paragraph\">Jineps\u2019in ge\u00e7mi\u015fte yay\u0131mlad\u0131\u011f\u0131 yaz\u0131lara bakt\u0131\u011f\u0131m\u0131zda bu tart\u0131\u015fman\u0131n asl\u0131nda yeni olmad\u0131\u011f\u0131n\u0131 g\u00f6r\u00fcyoruz. 2010 y\u0131l\u0131nda yay\u0131mlanan \u201cKamuoyuna Duyuru\u201dda T\u00fcrkiye \u00c7e\u00e7en diasporas\u0131ndan gelen a\u00e7\u0131klamada Kadirov y\u00f6netimi a\u00e7\u0131k bi\u00e7imde Rusya\u2019n\u0131n olu\u015fturdu\u011fu bir yap\u0131 olarak ele\u015ftirilmi\u015fti. 2016\u2019da yay\u0131mlanan ba\u015fka bir diaspora a\u00e7\u0131klamas\u0131nda ise diasporan\u0131n, 150 y\u0131l\u0131 a\u015fan bir ayr\u0131l\u0131\u011fa ra\u011fmen \u00c7e\u00e7en halk\u0131n\u0131n ve anavatan\u0131n gelece\u011fi hakk\u0131nda s\u00f6z s\u00f6yleme hakk\u0131na sahip oldu\u011fu \u00f6zellikle vurgulan\u0131yordu.<\/p>\n\n\n\n<p class=\"wp-block-paragraph\">Bu iki metin aras\u0131nda \u00e7ok \u00f6nemli bir ortak damar var:<\/p>\n\n\n\n<p class=\"wp-block-paragraph\">Diaspora yaln\u0131zca folklorik bir topluluk de\u011fildir.<\/p>\n\n\n\n<p class=\"wp-block-paragraph\">Diaspora, anavatan\u0131n kaderiyle ilgili s\u00f6z s\u00f6yleme hakk\u0131na sahip tarihsel bir topluluktur.<\/p>\n\n\n\n<p class=\"wp-block-paragraph\">Fakat tam da bu nedenle diasporan\u0131n kendi ba\u011f\u0131ms\u0131z iradesini korumas\u0131 gerekir.<\/p>\n\n\n\n<p class=\"wp-block-paragraph\">Bug\u00fcn baz\u0131 \u00e7evrelerin yapt\u0131\u011f\u0131 tart\u0131\u015fmada beni rahats\u0131z eden nokta, \u201ctemas\u201d kavram\u0131n\u0131n neredeyse kutsalla\u015ft\u0131r\u0131lmas\u0131d\u0131r. Sanki temas kurmak ba\u015fl\u0131 ba\u015f\u0131na bir ba\u015far\u0131, temas kurmamak ise anavatana s\u0131rt \u00e7evirmekmi\u015f gibi bir denklem kuruluyor.<\/p>\n\n\n\n<p class=\"wp-block-paragraph\">Oysa siyasette yaln\u0131zca sonu\u00e7lara bak\u0131lmaz.<\/p>\n\n\n\n<p class=\"wp-block-paragraph\">Y\u00f6nteme de bak\u0131l\u0131r.<\/p>\n\n\n\n<p class=\"wp-block-paragraph\">Hatta bazen y\u00f6ntemin kendisi sonu\u00e7tan daha \u00f6nemlidir.<\/p>\n\n\n\n<p class=\"wp-block-paragraph\">\u00c7\u00fcnk\u00fc yanl\u0131\u015f y\u00f6ntemle elde edilen do\u011fru sonu\u00e7, bir s\u00fcre sonra ba\u015fka bir ba\u011f\u0131ml\u0131l\u0131\u011f\u0131n kap\u0131s\u0131n\u0131 a\u00e7abilir.<\/p>\n\n\n\n<p class=\"wp-block-paragraph\">Bir kurumun anavatan\u0131 ziyaret etmesi elbette k\u00f6t\u00fc de\u011fildir.<\/p>\n\n\n\n<p class=\"wp-block-paragraph\">\u00c7ocuklar\u0131n, gen\u00e7lerin, ailelerin memlekete gitmesi elbette k\u00f6t\u00fc de\u011fildir.<\/p>\n\n\n\n<p class=\"wp-block-paragraph\">K\u00fclt\u00fcrel faaliyetler, dil \u00e7al\u0131\u015fmalar\u0131, akademik ili\u015fkiler, ticaret, sanat ve insan\u00ee temaslar elbette desteklenmelidir.<\/p>\n\n\n\n<p class=\"wp-block-paragraph\">Fakat b\u00fct\u00fcn bunlar hangi ekonomik ve siyasi ili\u015fkinin i\u00e7erisinde ger\u00e7ekle\u015fiyor?<\/p>\n\n\n\n<p class=\"wp-block-paragraph\">E\u011fer bir diaspora kurumu kendi faaliyetlerini ba\u011f\u0131ms\u0131z kaynaklar\u0131yla s\u00fcrd\u00fcremiyor ve giderek bir y\u00f6netimin mali olanaklar\u0131na ba\u011f\u0131ml\u0131 hale geliyorsa, mesele art\u0131k yaln\u0131zca \u201cyard\u0131m\u201d de\u011fildir.<\/p>\n\n\n\n<p class=\"wp-block-paragraph\">Maddi destek, zamanla siyasal bir ili\u015fki yarat\u0131r.<\/p>\n\n\n\n<p class=\"wp-block-paragraph\">Siyasal ili\u015fki ise zamanla sessizlik \u00fcretebilir.<\/p>\n\n\n\n<p class=\"wp-block-paragraph\">Bug\u00fcn ele\u015ftirdi\u011finiz bir konuda yar\u0131n susman\u0131z gerekebilir.<\/p>\n\n\n\n<p class=\"wp-block-paragraph\">D\u00fcn savundu\u011funuz bir ma\u011fdurun hakk\u0131n\u0131 bug\u00fcn g\u00f6rmezden gelebilirsiniz.<\/p>\n\n\n\n<p class=\"wp-block-paragraph\">\u00c7\u00fcnk\u00fc insan bazen ald\u0131\u011f\u0131 paran\u0131n kar\u015f\u0131l\u0131\u011f\u0131nda yaln\u0131zca bir te\u015fekk\u00fcr bor\u00e7lanmaz; fark\u0131nda olmadan kendi s\u00f6z\u00fcn\u00fcn s\u0131n\u0131rlar\u0131n\u0131 da sat\u0131n al\u0131r.<\/p>\n\n\n\n<p class=\"wp-block-paragraph\">Benim as\u0131l itiraz\u0131m tam burada.<\/p>\n\n\n\n<p class=\"wp-block-paragraph\">Anavatanla ili\u015fkiye de\u011fil.<\/p>\n\n\n\n<p class=\"wp-block-paragraph\">Ba\u011f\u0131ml\u0131 ili\u015fkiye.<\/p>\n\n\n\n<p class=\"wp-block-paragraph\">\u00c7e\u00e7en diasporas\u0131 anavatan\u0131yla elbette ili\u015fki kurmal\u0131d\u0131r. Hatta daha fazla ili\u015fki kurmal\u0131d\u0131r. Fakat bu ili\u015fkinin merkezinde bir y\u00f6netim de\u011fil, halk olmal\u0131d\u0131r.<\/p>\n\n\n\n<p class=\"wp-block-paragraph\">\u00c7e\u00e7enistan bizim i\u00e7in yaln\u0131zca bug\u00fcnk\u00fc iktidar de\u011fildir.<\/p>\n\n\n\n<p class=\"wp-block-paragraph\">\u00c7e\u00e7enistan, s\u00fcrg\u00fcnden \u00f6nceki haf\u0131zam\u0131zd\u0131r.<\/p>\n\n\n\n<p class=\"wp-block-paragraph\">Da\u011flar\u0131m\u0131zd\u0131r.<\/p>\n\n\n\n<p class=\"wp-block-paragraph\">K\u00f6ylerimizdir.<\/p>\n\n\n\n<p class=\"wp-block-paragraph\">Mezarlar\u0131m\u0131zd\u0131r.<\/p>\n\n\n\n<p class=\"wp-block-paragraph\">Dilimizdir.<\/p>\n\n\n\n<p class=\"wp-block-paragraph\">Ailelerimizin hik\u00e2yeleridir.<\/p>\n\n\n\n<p class=\"wp-block-paragraph\">Dudayev&#8217;in, Maskhadov&#8217;un d\u00f6nemlerinin tart\u0131\u015fmalar\u0131yla s\u0131n\u0131rl\u0131 olmayan uzun bir tarihtir.<\/p>\n\n\n\n<p class=\"wp-block-paragraph\">Ve bug\u00fcn \u00c7e\u00e7enistan&#8217;da ya\u015fayan insanlar da yaln\u0131zca mevcut y\u00f6netimin vatanda\u015flar\u0131 de\u011fildir; onlar bizim halk\u0131m\u0131z\u0131n ya\u015fayan par\u00e7as\u0131d\u0131r.<\/p>\n\n\n\n<p class=\"wp-block-paragraph\">Bu ayr\u0131m\u0131 yapmad\u0131\u011f\u0131m\u0131z zaman b\u00fcy\u00fck bir hata yapar\u0131z.<\/p>\n\n\n\n<p class=\"wp-block-paragraph\">Bir y\u00f6netim ile bir halk\u0131 birbirine e\u015fitlemeye ba\u015flad\u0131\u011f\u0131m\u0131z anda, halk\u0131n ya\u015fad\u0131\u011f\u0131 ger\u00e7ek sorunlar\u0131 g\u00f6rme kabiliyetimizi de kaybederiz.<\/p>\n\n\n\n<p class=\"wp-block-paragraph\">Jineps\u2019in son y\u0131llardaki yay\u0131nlar\u0131nda \u00c7e\u00e7enistan\u2019daki siyasal yap\u0131, sava\u015flar\u0131n yaratt\u0131\u011f\u0131 travmalar ve Kadirov y\u00f6netiminin Rusya ile ili\u015fkisi konusunda farkl\u0131 haber ve de\u011ferlendirmeler yay\u0131mland\u0131. \u00d6rne\u011fin 2023\u2019te yay\u0131mlanan bir de\u011ferlendirme, \u00c7e\u00e7enya\u2019n\u0131n sava\u015f sonras\u0131 ekonomik modelinin federal merkezden gelen kaynaklara dayand\u0131\u011f\u0131na dikkat \u00e7ekiyordu. Ayn\u0131 y\u0131l yay\u0131mlanan ba\u015fka bir s\u00f6yle\u015fide ise \u00c7e\u00e7enya\u2019daki sava\u015f deneyimi ile Ukrayna sava\u015f\u0131 aras\u0131ndaki paralellikler ve Kadirov y\u00f6netiminin konumu tart\u0131\u015f\u0131l\u0131yordu.<\/p>\n\n\n\n<p class=\"wp-block-paragraph\">O halde bug\u00fcn sormam\u0131z gereken soru \u00e7ok basit:<\/p>\n\n\n\n<p class=\"wp-block-paragraph\">Anavatanla ba\u011f kurmak m\u0131, kurmamak m\u0131?<\/p>\n\n\n\n<p class=\"wp-block-paragraph\">Hay\u0131r.<\/p>\n\n\n\n<p class=\"wp-block-paragraph\">Anavatanla nas\u0131l ba\u011f kuraca\u011f\u0131z?<\/p>\n\n\n\n<p class=\"wp-block-paragraph\">Bence \u00c7e\u00e7en diasporas\u0131n\u0131n as\u0131l s\u0131nav\u0131 budur.<\/p>\n\n\n\n<p class=\"wp-block-paragraph\">\u00c7\u00fcnk\u00fc diaspora zaten anavatan\u0131n\u0131 b\u0131rakmad\u0131.<\/p>\n\n\n\n<p class=\"wp-block-paragraph\">B\u0131rakmayacak da.<\/p>\n\n\n\n<p class=\"wp-block-paragraph\">Bir insan\u0131n memleketine olan sevgisini bir y\u00f6netimin siyasi program\u0131na ba\u011flamak, anavatan sevgisini k\u00fc\u00e7\u00fcltmektir.<\/p>\n\n\n\n<p class=\"wp-block-paragraph\">Bizim memleket sevgimiz herhangi bir h\u00fck\u00fcmetin b\u00fct\u00e7esine muhta\u00e7 de\u011fildir.<\/p>\n\n\n\n<p class=\"wp-block-paragraph\">Bir y\u00f6netim bug\u00fcn vard\u0131r, yar\u0131n de\u011fi\u015fir.<\/p>\n\n\n\n<p class=\"wp-block-paragraph\">Ama halk kal\u0131r.<\/p>\n\n\n\n<p class=\"wp-block-paragraph\">Dil kal\u0131r.<\/p>\n\n\n\n<p class=\"wp-block-paragraph\">Mezarlar kal\u0131r.<\/p>\n\n\n\n<p class=\"wp-block-paragraph\">Haf\u0131za kal\u0131r.<\/p>\n\n\n\n<p class=\"wp-block-paragraph\">Ve diaspora kal\u0131r.<\/p>\n\n\n\n<p class=\"wp-block-paragraph\">Bu nedenle diasporan\u0131n ekonomik ba\u011f\u0131ms\u0131zl\u0131\u011f\u0131 yaln\u0131zca mali bir mesele de\u011fildir; ayn\u0131 zamanda siyasal ba\u011f\u0131ms\u0131zl\u0131\u011f\u0131n temelidir.<\/p>\n\n\n\n<p class=\"wp-block-paragraph\">Kendi paras\u0131n\u0131 \u00fcretemeyen kurum, bir s\u00fcre sonra kendi s\u00f6z\u00fcn\u00fc de \u00fcretemez.<\/p>\n\n\n\n<p class=\"wp-block-paragraph\">Kendi faaliyetlerini ba\u011f\u0131ms\u0131z bi\u00e7imde finanse edemeyen yap\u0131, bir s\u00fcre sonra kimin yan\u0131nda konu\u015faca\u011f\u0131n\u0131, kimin kar\u015f\u0131s\u0131nda susaca\u011f\u0131n\u0131 hesaplamak zorunda kalabilir.<\/p>\n\n\n\n<p class=\"wp-block-paragraph\">Bu nedenle \u201cyard\u0131m ald\u0131k, ne var bunda?\u201d sorusu bana yeterli gelmiyor.<\/p>\n\n\n\n<p class=\"wp-block-paragraph\">As\u0131l soru \u015fudur:<\/p>\n\n\n\n<p class=\"wp-block-paragraph\">Yard\u0131m\u0131n kar\u015f\u0131l\u0131\u011f\u0131nda neyi kaybediyoruz?<\/p>\n\n\n\n<p class=\"wp-block-paragraph\">\u00c7\u00fcnk\u00fc bazen para kazan\u0131rken s\u00f6z\u00fcm\u00fcz\u00fc kaybederiz.<\/p>\n\n\n\n<p class=\"wp-block-paragraph\">Bazen bir kap\u0131 a\u00e7\u0131l\u0131rken ba\u015fka bir kap\u0131 kapan\u0131r.<\/p>\n\n\n\n<p class=\"wp-block-paragraph\">Bazen \u00e7ok g\u00fczel bir foto\u011fraf karesinde g\u00f6r\u00fcn\u00fcr\u00fcz ama o foto\u011fraf\u0131n d\u0131\u015f\u0131nda kalan insanlar\u0131n ac\u0131s\u0131n\u0131 g\u00f6rmezden gelmeye ba\u015flar\u0131z.<\/p>\n\n\n\n<p class=\"wp-block-paragraph\">\u0130\u015fte diasporan\u0131n s\u0131nav\u0131 burada ba\u015fl\u0131yor.<\/p>\n\n\n\n<p class=\"wp-block-paragraph\">Yak\u0131n tarihimizde ya\u015fanan sava\u015flar\u0131, s\u00fcrg\u00fcnleri, kay\u0131plar\u0131 ve ma\u011fduriyetleri hat\u0131rlamak kolayd\u0131r. \u00c7\u00fcnk\u00fc bunlar\u0131n \u00fczerinden y\u0131llar ge\u00e7mi\u015ftir. Anma g\u00fcnlerinde herkes ayn\u0131 ac\u0131n\u0131n etraf\u0131nda birle\u015febilir.<\/p>\n\n\n\n<p class=\"wp-block-paragraph\">Fakat hen\u00fcz ya\u015fayan insanlar\u0131n ma\u011fduriyetleri s\u00f6z konusu oldu\u011funda ayn\u0131 cesareti g\u00f6sterebilmek daha zordur.<\/p>\n\n\n\n<p class=\"wp-block-paragraph\">\u00c7\u00fcnk\u00fc ya\u015fayanlar\u0131n ac\u0131s\u0131 siyasal olarak h\u00e2l\u00e2 risklidir.<\/p>\n\n\n\n<p class=\"wp-block-paragraph\">Bug\u00fcn bir insan\u0131n ba\u015f\u0131na gelen haks\u0131zl\u0131\u011f\u0131 s\u00f6ylemek, yar\u0131m as\u0131r \u00f6nce ya\u015fanm\u0131\u015f bir trajediyi anmaktan daha zor olabilir.<\/p>\n\n\n\n<p class=\"wp-block-paragraph\">\u0130\u015fte ger\u00e7ek vicdan burada s\u0131nan\u0131r.<\/p>\n\n\n\n<p class=\"wp-block-paragraph\">Benim i\u00e7in tutarl\u0131l\u0131k tam da budur.<\/p>\n\n\n\n<p class=\"wp-block-paragraph\">D\u00fcn s\u00fcrg\u00fcn\u00fc konu\u015fuyorsam bug\u00fcn de sava\u015f\u0131 konu\u015fabilmeliyim.<\/p>\n\n\n\n<p class=\"wp-block-paragraph\">D\u00fcn Rusya&#8217;n\u0131n \u00c7e\u00e7en halk\u0131na yapt\u0131\u011f\u0131 zulm\u00fc anlat\u0131yorsam bug\u00fcn ba\u015fka bir akt\u00f6r\u00fcn yapt\u0131\u011f\u0131 haks\u0131zl\u0131k kar\u015f\u0131s\u0131nda da susmamal\u0131y\u0131m.<\/p>\n\n\n\n<p class=\"wp-block-paragraph\">D\u00fcn halk\u0131n iradesini savunuyorsam bug\u00fcn de halk\u0131n iradesini savunmal\u0131y\u0131m.<\/p>\n\n\n\n<p class=\"wp-block-paragraph\">D\u00fcn siyasi cinayetleri ele\u015ftiriyorsam bug\u00fcn de siyasi cinayetleri ele\u015ftirmeliyim.<\/p>\n\n\n\n<p class=\"wp-block-paragraph\">Ve bunu kim yaparsa yaps\u0131n s\u00f6yleyebilmeliyim.<\/p>\n\n\n\n<p class=\"wp-block-paragraph\">\u00c7\u00fcnk\u00fc ilke, taraftarl\u0131k de\u011fildir.<\/p>\n\n\n\n<p class=\"wp-block-paragraph\">\u0130lke, kendi taraf\u0131n\u0131n yanl\u0131\u015f\u0131na da \u201cyanl\u0131\u015f\u201d diyebilmektir.<\/p>\n\n\n\n<p class=\"wp-block-paragraph\">Bu nedenle diasporan\u0131n \u00f6n\u00fcndeki mesele asl\u0131nda \u201cbirle\u015fmek veya b\u00f6l\u00fcnmek\u201d de de\u011fildir.<\/p>\n\n\n\n<p class=\"wp-block-paragraph\">Bana g\u00f6re as\u0131l mesele, nas\u0131l bir birlik istedi\u011fimizdir.<\/p>\n\n\n\n<p class=\"wp-block-paragraph\">Kendi i\u00e7erisinde farkl\u0131 d\u00fc\u015f\u00fcnenleri susturan bir birlik mi?<\/p>\n\n\n\n<p class=\"wp-block-paragraph\">Yoksa farkl\u0131 g\u00f6r\u00fc\u015fleri ta\u015f\u0131yabilecek kadar g\u00fc\u00e7l\u00fc bir birlik mi?<\/p>\n\n\n\n<p class=\"wp-block-paragraph\">Bir y\u00f6netimin etraf\u0131nda kenetlenen bir diaspora m\u0131?<\/p>\n\n\n\n<p class=\"wp-block-paragraph\">Yoksa kendi halk\u0131n\u0131n tarihsel \u00e7\u0131karlar\u0131 etraf\u0131nda birle\u015fen ba\u011f\u0131ms\u0131z bir diaspora m\u0131?<\/p>\n\n\n\n<p class=\"wp-block-paragraph\">Bunlar ayn\u0131 \u015fey de\u011fildir.<\/p>\n\n\n\n<p class=\"wp-block-paragraph\">Ger\u00e7ek birlik, farkl\u0131 d\u00fc\u015f\u00fcnenlerin susturulmas\u0131yla de\u011fil, farkl\u0131l\u0131klar\u0131n ortak bir ilkesel zeminde ya\u015fayabilmesiyle kurulur.<\/p>\n\n\n\n<p class=\"wp-block-paragraph\">Jineps\u2019te y\u0131llard\u0131r tart\u0131\u015f\u0131lan diaspora \u00f6rg\u00fctlenmesi meselesinin de bence \u00f6z\u00fc budur. Ge\u00e7mi\u015fte Kafkas diasporas\u0131n\u0131n \u00f6rg\u00fctsel da\u011f\u0131n\u0131kl\u0131\u011f\u0131, kurumlar aras\u0131ndaki kopukluk ve ortak hareket etme zay\u0131fl\u0131\u011f\u0131 ele\u015ftirilirken; ayn\u0131 zamanda anavatanla ili\u015fkilerin sa\u011fl\u0131kl\u0131 bir zeminde kurulmas\u0131n\u0131n gereklili\u011fi de vurguland\u0131.<\/p>\n\n\n\n<p class=\"wp-block-paragraph\">Dolay\u0131s\u0131yla bug\u00fcn ihtiyac\u0131m\u0131z olan \u015fey daha fazla temas de\u011fil sadece.<\/p>\n\n\n\n<p class=\"wp-block-paragraph\">Daha ba\u011f\u0131ms\u0131z temas.<\/p>\n\n\n\n<p class=\"wp-block-paragraph\">Daha fazla ziyaret de\u011fil sadece.<\/p>\n\n\n\n<p class=\"wp-block-paragraph\">Daha \u015feffaf ili\u015fki.<\/p>\n\n\n\n<p class=\"wp-block-paragraph\">Daha fazla maddi destek de\u011fil.<\/p>\n\n\n\n<p class=\"wp-block-paragraph\">Daha ba\u011f\u0131ms\u0131z kaynak.<\/p>\n\n\n\n<p class=\"wp-block-paragraph\">Daha fazla foto\u011fraf de\u011fil.<\/p>\n\n\n\n<p class=\"wp-block-paragraph\">Daha fazla \u00f6zg\u00fcr s\u00f6z.<\/p>\n\n\n\n<p class=\"wp-block-paragraph\">\u00c7e\u00e7en diasporas\u0131n\u0131n b\u00fcy\u00fckl\u00fc\u011f\u00fc yaln\u0131zca ka\u00e7 derne\u011fimiz oldu\u011fuyla \u00f6l\u00e7\u00fclmemeli.<\/p>\n\n\n\n<p class=\"wp-block-paragraph\">As\u0131l g\u00fcc\u00fcm\u00fcz, gerekti\u011finde kimsenin paras\u0131na, makam\u0131na, siyasi deste\u011fine ihtiya\u00e7 duymadan kendi s\u00f6z\u00fcm\u00fcz\u00fc s\u00f6yleyebilmemizdir.<\/p>\n\n\n\n<p class=\"wp-block-paragraph\">\u00c7\u00fcnk\u00fc diaspora bir y\u00f6netimin uzant\u0131s\u0131 de\u011fil, halk\u0131n haf\u0131zas\u0131d\u0131r.<\/p>\n\n\n\n<p class=\"wp-block-paragraph\">Ve haf\u0131za kiralanamaz.<\/p>\n\n\n\n<p class=\"wp-block-paragraph\">Anavatanla ba\u011flar\u0131m\u0131z\u0131 koparmayal\u0131m.<\/p>\n\n\n\n<p class=\"wp-block-paragraph\">Tam tersine, daha g\u00fc\u00e7l\u00fc kural\u0131m.<\/p>\n\n\n\n<p class=\"wp-block-paragraph\">Ama bu ba\u011flar\u0131 hi\u00e7bir siyasi yap\u0131n\u0131n g\u00f6lgesinde kurmayal\u0131m.<\/p>\n\n\n\n<p class=\"wp-block-paragraph\">\u00c7ocuklar\u0131m\u0131z memlekete gitsin.<\/p>\n\n\n\n<p class=\"wp-block-paragraph\">Gen\u00e7lerimiz anadilini \u00f6\u011frensin.<\/p>\n\n\n\n<p class=\"wp-block-paragraph\">Aileler birbirine kavu\u015fsun.<\/p>\n\n\n\n<p class=\"wp-block-paragraph\">Ticaret yap\u0131ls\u0131n.<\/p>\n\n\n\n<p class=\"wp-block-paragraph\">Sanat ve k\u00fclt\u00fcr geli\u015fsin.<\/p>\n\n\n\n<p class=\"wp-block-paragraph\">Bilim insanlar\u0131m\u0131z ortak \u00e7al\u0131\u015fmalar yaps\u0131n.<\/p>\n\n\n\n<p class=\"wp-block-paragraph\">Fakat diaspora gerekti\u011finde \u015funu da s\u00f6yleyebilsin:<\/p>\n\n\n\n<p class=\"wp-block-paragraph\">\u201cBu yanl\u0131\u015ft\u0131r.\u201d<\/p>\n\n\n\n<p class=\"wp-block-paragraph\">\u201cBu haks\u0131zl\u0131kt\u0131r.\u201d<\/p>\n\n\n\n<p class=\"wp-block-paragraph\">\u201cBu halk\u0131n iradesi de\u011fildir.\u201d<\/p>\n\n\n\n<p class=\"wp-block-paragraph\">\u201cBu y\u00f6ntem bizim de\u011ferlerimizle ba\u011fda\u015fmaz.\u201d<\/p>\n\n\n\n<p class=\"wp-block-paragraph\">\u0130\u015fte o zaman ger\u00e7ekten \u00f6zg\u00fcr bir diaspora oluruz.<\/p>\n\n\n\n<p class=\"wp-block-paragraph\">\u00c7\u00fcnk\u00fc benim anavatan sevgim, herhangi bir y\u00f6netime duydu\u011fum ba\u011fl\u0131l\u0131ktan daha b\u00fcy\u00fckt\u00fcr.<\/p>\n\n\n\n<p class=\"wp-block-paragraph\">Benim i\u00e7in \u00c7e\u00e7enistan bir y\u00f6netim binas\u0131ndan ibaret de\u011fildir.<\/p>\n\n\n\n<p class=\"wp-block-paragraph\">\u00c7e\u00e7enistan, s\u00fcrg\u00fcnde \u00f6len dedemin ta\u015f\u0131d\u0131\u011f\u0131 haf\u0131zad\u0131r.<\/p>\n\n\n\n<p class=\"wp-block-paragraph\">\u00c7e\u00e7enistan, y\u0131llarca d\u00f6nmeyi bekleyenlerin r\u00fcyas\u0131d\u0131r.<\/p>\n\n\n\n<p class=\"wp-block-paragraph\">\u00c7e\u00e7enistan, dilini unutmamaya \u00e7al\u0131\u015fan \u00e7ocu\u011fun a\u011fz\u0131ndaki ilk kelimedir.<\/p>\n\n\n\n<p class=\"wp-block-paragraph\">\u00c7e\u00e7enistan, sava\u015flarda kaybolanlar\u0131n ard\u0131ndan yak\u0131lan a\u011f\u0131tt\u0131r.<\/p>\n\n\n\n<p class=\"wp-block-paragraph\">Ve \u00c7e\u00e7enistan, bug\u00fcn h\u00e2l\u00e2 kendi hayat\u0131n\u0131 kurmaya \u00e7al\u0131\u015fan halkt\u0131r.<\/p>\n\n\n\n<p class=\"wp-block-paragraph\">Bu nedenle anavatanla ba\u011flar\u0131m\u0131z\u0131 hi\u00e7bir h\u00fck\u00fcmetin tekeline b\u0131rakmayal\u0131m.<\/p>\n\n\n\n<p class=\"wp-block-paragraph\">\u00c7\u00fcnk\u00fc yar\u0131n y\u00f6netimler de\u011fi\u015fir.<\/p>\n\n\n\n<p class=\"wp-block-paragraph\">Ama biz yine orada olaca\u011f\u0131z.<\/p>\n\n\n\n<p class=\"wp-block-paragraph\">Yine ayn\u0131 da\u011flara bakaca\u011f\u0131z.<\/p>\n\n\n\n<p class=\"wp-block-paragraph\">Yine ayn\u0131 mezarlarda dedelerimizi arayaca\u011f\u0131z.<\/p>\n\n\n\n<p class=\"wp-block-paragraph\">Yine \u00e7ocuklar\u0131m\u0131za ayn\u0131 hik\u00e2yeyi anlataca\u011f\u0131z.<\/p>\n\n\n\n<p class=\"wp-block-paragraph\">Ve \u00e7ocuklar\u0131m\u0131z bize bir g\u00fcn \u015fu soruyu soracak:<\/p>\n\n\n\n<p class=\"wp-block-paragraph\">\u201cBaba, siz o y\u0131llarda ne yapt\u0131n\u0131z?\u201d<\/p>\n\n\n\n<p class=\"wp-block-paragraph\">\u0130\u015fte o g\u00fcn verece\u011fimiz cevab\u0131 bug\u00fcnden haz\u0131rl\u0131yoruz.<\/p>\n\n\n\n<p class=\"wp-block-paragraph\">Benim cevab\u0131m\u0131n \u015fu olmas\u0131n\u0131 isterim:<\/p>\n\n\n\n<p class=\"wp-block-paragraph\">\u201cAnavatan\u0131m\u0131zdan vazge\u00e7medik. Ama onu y\u00f6netenlerin g\u00f6lgesine de s\u0131\u011f\u0131nmad\u0131k. Halk\u0131m\u0131zla ba\u011f\u0131m\u0131z\u0131 koruduk, yanl\u0131\u015f g\u00f6rd\u00fc\u011f\u00fcm\u00fcz yerde susturulmad\u0131k, kendi s\u00f6z\u00fcm\u00fcz\u00fc kendimiz s\u00f6yledik ve ne pahas\u0131na olursa olsun vicdan\u0131m\u0131z\u0131 satmad\u0131k.\u201d<\/p>\n\n\n\n<p class=\"wp-block-paragraph\">Bence \u00c7e\u00e7en diasporas\u0131n\u0131n ger\u00e7ek s\u0131nav\u0131 tam olarak budur.<\/p>\n\n\n\n<p class=\"wp-block-paragraph\">Mesele anavatanla temas kurup kurmamak de\u011fildir. Mesele, anavatanla ili\u015fki kurarken kendi irademizi, vicdan\u0131m\u0131z\u0131 ve ba\u011f\u0131ms\u0131zl\u0131\u011f\u0131m\u0131z\u0131 kaybedip kaybetmeyece\u011fimizdir.<\/p>\n\n\n\n<p class=\"wp-block-paragraph\">\u00c7\u00fcnk\u00fc sonu\u00e7 kadar y\u00f6ntem de \u00f6nemlidir.<\/p>\n\n\n\n<p class=\"wp-block-paragraph\">Ve bazen insan\u0131 tarihte ya\u015fatacak olan, ula\u015ft\u0131\u011f\u0131 sonu\u00e7 de\u011fil; o sonuca giderken hangi yoldan y\u00fcr\u00fcd\u00fc\u011f\u00fcd\u00fcr.<\/p>\n\n\n\n<p class=\"has-text-align-right wp-block-paragraph\">27.08.2026<\/p>\n\n\n\n<p class=\"has-text-align-right wp-block-paragraph\"><strong>Sel\u00e7uk Polat<\/strong><\/p>\n\n\n\n<p class=\"has-text-align-right wp-block-paragraph\">Facebook<\/p>\n","protected":false},"excerpt":{"rendered":"<p>H\u00fcseyin Altunbay\u2019\u0131n \u201c\u00c7e\u00e7en Diasporas\u0131n\u0131n S\u0131nav\u0131: Y\u00f6ntem mi Sonu\u00e7 mu?\u201d ba\u015fl\u0131kl\u0131 yaz\u0131s\u0131n\u0131 okudu\u011fumda, asl\u0131nda bug\u00fcn \u00c7e\u00e7en diasporas\u0131n\u0131n tart\u0131\u015fmas\u0131 gereken \u00e7ok daha derin bir meselenin etraf\u0131nda dola\u015ft\u0131\u011f\u0131m\u0131z\u0131 d\u00fc\u015f\u00fcnd\u00fcm.<\/p>\n<p>Meseleyi \u201cAnavatanla temas kural\u0131m m\u0131, kurmayal\u0131m m\u0131?\u201d noktas\u0131na s\u0131k\u0131\u015ft\u0131rmak, bana &#8230;<\/p>\n","protected":false},"author":1,"featured_media":0,"comment_status":"open","ping_status":"open","sticky":false,"template":"","format":"standard","meta":{"ngg_post_thumbnail":0,"footnotes":""},"categories":[1],"tags":[],"class_list":["post-14211","post","type-post","status-publish","format-standard","hentry","category-haberler"],"views":220,"_links":{"self":[{"href":"http:\/\/www.waynakh.com\/tr\/wp-json\/wp\/v2\/posts\/14211","targetHints":{"allow":["GET"]}}],"collection":[{"href":"http:\/\/www.waynakh.com\/tr\/wp-json\/wp\/v2\/posts"}],"about":[{"href":"http:\/\/www.waynakh.com\/tr\/wp-json\/wp\/v2\/types\/post"}],"author":[{"embeddable":true,"href":"http:\/\/www.waynakh.com\/tr\/wp-json\/wp\/v2\/users\/1"}],"replies":[{"embeddable":true,"href":"http:\/\/www.waynakh.com\/tr\/wp-json\/wp\/v2\/comments?post=14211"}],"version-history":[{"count":1,"href":"http:\/\/www.waynakh.com\/tr\/wp-json\/wp\/v2\/posts\/14211\/revisions"}],"predecessor-version":[{"id":14212,"href":"http:\/\/www.waynakh.com\/tr\/wp-json\/wp\/v2\/posts\/14211\/revisions\/14212"}],"wp:attachment":[{"href":"http:\/\/www.waynakh.com\/tr\/wp-json\/wp\/v2\/media?parent=14211"}],"wp:term":[{"taxonomy":"category","embeddable":true,"href":"http:\/\/www.waynakh.com\/tr\/wp-json\/wp\/v2\/categories?post=14211"},{"taxonomy":"post_tag","embeddable":true,"href":"http:\/\/www.waynakh.com\/tr\/wp-json\/wp\/v2\/tags?post=14211"}],"curies":[{"name":"wp","href":"https:\/\/api.w.org\/{rel}","templated":true}]}}