{"id":1446,"date":"2007-06-18T15:51:33","date_gmt":"2007-06-18T13:51:33","guid":{"rendered":"http:\/\/www.zelimhan.com\/?p=1049"},"modified":"2007-06-18T15:51:33","modified_gmt":"2007-06-18T13:51:33","slug":"kafkasya-kokenli-ressamlar-bulusmasi","status":"publish","type":"post","link":"http:\/\/www.waynakh.com\/tr\/2007\/06\/kafkasya-kokenli-ressamlar-bulusmasi\/","title":{"rendered":"Kafkasya K\u00f6kenli Ressamlar Bulu\u015fmas\u0131"},"content":{"rendered":"<p>Ankara Kafkas Derne\u011fi&#8217; nce organize edilen bir resim sergisi Kafkasya k\u00f6kenli ressamlar\u0131 biraraya getirdi. 16 Haziran Cumartesi g\u00fcn\u00fc Ankara&#8217; daki \u0130ntes Sanat Galerisi&#8217; nde diasporam\u0131z\u0131n ve resim tutkunlar\u0131n\u0131n ziyaretine a\u00e7\u0131ld\u0131.<\/p>\n<div>23 Haziran&#8217; a kadar ziyarete a\u00e7\u0131k kalacak sergide:<\/div>\n<p align=\"justify\">&#8220;Keramettin D\u00f6nmez, Alberk Y\u0131ld\u0131r, Erol Y\u0131ld\u0131r, Faruk Kutlu,\u00a0 Setenay G\u00fcr\u00e7e\u015fme, Ahmet \u00d6zel, \u0130hsan \u015eurdum, Cihat Aral, \u015eenis Aksoy, M\u00fccella Ar\u0131kan, Kaz\u0131m Artut, Kamil Aslanger, Serap Atala, G\u00fczin Ayranc\u0131o\u011flu, M\u00fcnevver Mine Ba\u011f, Aynur Balkaro\u011flu, Beng\u00fc Batu, Feride Binicio\u011flu, Servet Bozkurt, \u00dclk\u00fc C\u0131l\u0131zo\u011flu, \u015euay\u0131p Da\u011f\u0131stanl\u0131, Hakan Demir, Canan Demir, Elmas Dilber, Bedia Dip\u015fow, Merih Ercan, Cemil Erg\u00fcn, Medinet Erg\u00fcn, Leyla Evirgen, Beng\u00fcn G\u00fcl, \u0130lhan G\u00fcndo\u011fdu, Cidal Hazar, Feriha Kanko\u00e7, Song\u00fcl K\u0131n\u0131k, Setenay \u00d6zbek, Zuhal \u00d6zcan, Belgin \u00d6zda\u011f, Kenan \u00d6zg\u00fcr, Sertap Sayd\u0131, \u0130pek S\u0131\u00e7rar, Miray Tok, Mustafa \u015eener, \u00d6mer \u00dcnsal, Ahmet Tayyar Vako, Tanju Ya\u011fan, Aysun Yazan ve Ayla Ye\u015fildal&#8221; \u0131n \u00e7al\u0131\u015fmalar\u0131 yer al\u0131yor.<\/p>\n<p align=\"justify\"><strong>&#8220;Kafkas As\u0131ll\u0131 Ressamlar Bulu\u015fmas\u0131&#8221;: 16 &#8211; 23 Haziran 2007 <\/strong><\/p>\n<p align=\"justify\"><strong>\u0130ntes Sanat Galerisi<\/strong><\/p>\n<p align=\"justify\"><strong>4.Cadde 84.Sokak No:3 Y\u0131ld\u0131z\/\u00c7ankaya\/Ankara<\/strong><\/p>\n<p align=\"justify\"><strong>Telefon: 0312 441 43 50 Fax: 0312 446 30 36 \u00a0<\/strong><\/p>\n","protected":false},"excerpt":{"rendered":"<p>Ankara Kafkas Derne\u011fi&#8217; nce organize edilen bir resim sergisi Kafkasya k\u00f6kenli ressamlar\u0131 biraraya getirdi. 16 Haziran Cumartesi g\u00fcn\u00fc Ankara&#8217; daki \u0130ntes Sanat Galerisi&#8217; nde diasporam\u0131z\u0131n ve resim tutkunlar\u0131n\u0131n ziyaretine a\u00e7\u0131ld\u0131.<br \/>\n23 Haziran&#8217; a kadar ziyarete a\u00e7\u0131k &#8230;<\/p>\n","protected":false},"author":1,"featured_media":0,"comment_status":"open","ping_status":"open","sticky":false,"template":"","format":"standard","meta":{"ngg_post_thumbnail":0,"footnotes":""},"categories":[1],"tags":[],"views":5780,"_links":{"self":[{"href":"http:\/\/www.waynakh.com\/tr\/wp-json\/wp\/v2\/posts\/1446"}],"collection":[{"href":"http:\/\/www.waynakh.com\/tr\/wp-json\/wp\/v2\/posts"}],"about":[{"href":"http:\/\/www.waynakh.com\/tr\/wp-json\/wp\/v2\/types\/post"}],"author":[{"embeddable":true,"href":"http:\/\/www.waynakh.com\/tr\/wp-json\/wp\/v2\/users\/1"}],"replies":[{"embeddable":true,"href":"http:\/\/www.waynakh.com\/tr\/wp-json\/wp\/v2\/comments?post=1446"}],"version-history":[{"count":0,"href":"http:\/\/www.waynakh.com\/tr\/wp-json\/wp\/v2\/posts\/1446\/revisions"}],"wp:attachment":[{"href":"http:\/\/www.waynakh.com\/tr\/wp-json\/wp\/v2\/media?parent=1446"}],"wp:term":[{"taxonomy":"category","embeddable":true,"href":"http:\/\/www.waynakh.com\/tr\/wp-json\/wp\/v2\/categories?post=1446"},{"taxonomy":"post_tag","embeddable":true,"href":"http:\/\/www.waynakh.com\/tr\/wp-json\/wp\/v2\/tags?post=1446"}],"curies":[{"name":"wp","href":"https:\/\/api.w.org\/{rel}","templated":true}]}}