{"id":1453,"date":"2007-06-23T16:12:21","date_gmt":"2007-06-23T14:12:21","guid":{"rendered":"http:\/\/www.zelimhan.com\/?p=1081"},"modified":"2007-06-23T16:12:21","modified_gmt":"2007-06-23T14:12:21","slug":"moskova-da-kavga-bir-cecen-yarali-yirmi-uc-kisi-gozaltinda","status":"publish","type":"post","link":"http:\/\/www.waynakh.com\/tr\/2007\/06\/moskova-da-kavga-bir-cecen-yarali-yirmi-uc-kisi-gozaltinda\/","title":{"rendered":"Moskova&#8217; da Kavga: Bir \u00c7e\u00e7en Yaral\u0131, Yirmi \u00dc\u00e7 Ki\u015fi G\u00f6zalt\u0131nda"},"content":{"rendered":"<p>22 Haziran g\u00fcn\u00fc ak\u015fam saat 21.00 sular\u0131nda Rusya Federasyonu&#8217; nun ba\u015fkenti Moskova&#8217; da, \u015fehir merkezindeki Kitaygorodskiy Pasaj\u0131 yak\u0131nlar\u0131nda \u00e7o\u011funlu\u011funu \u00c7e\u00e7enlerin olu\u015fturdu\u011fu Kafkasyal\u0131 gen\u00e7ler ile \u0131rk\u00e7\u0131 dazlak Ruslar aras\u0131nda bir kavga ya\u015fand\u0131.<\/p>\n<p align=\"justify\">Elimize ula\u015fan bilgilere g\u00f6re 21 Haziran g\u00fcn\u00fc binicilik okulu alan\u0131na gelen \u0131rk\u00e7\u0131 dazlak Ruslar, geleneksel Kafkas halk danslar\u0131n\u0131 yapan Kafkasyal\u0131 gen\u00e7lere burada Kafkas danslar\u0131n\u0131n yap\u0131lmas\u0131n\u0131n yasak oldu\u011funu s\u00f6yleyerek alan\u0131 terk etmelerini istedi. Say\u0131lar\u0131 \u0131rk\u00e7\u0131lara g\u00f6re olduk\u00e7a az olan Kafkasyal\u0131 gen\u00e7ler alan\u0131 terk etti. Ancak, bir sonraki g\u00fcn yani 22 Haziran g\u00fcn\u00fc Kafkasyal\u0131 gen\u00e7ler, Okhotnyy Ryad Ticaret Merkezi yak\u0131nlar\u0131nda \u0131rk\u00e7\u0131 dazlak Ruslarla kavga etmek i\u00e7in topland\u0131.<\/p>\n<p align=\"justify\">Elli ya da altm\u0131\u015f ki\u015finin kat\u0131ld\u0131\u011f\u0131 tahmin edilen kavgada bir \u00c7e\u00e7en b\u0131\u00e7akland\u0131 ve hastahaneye kald\u0131r\u0131ld\u0131. Olay yerine onbe\u015f-yirmi dakika i\u00e7inde ula\u015fan bir ka\u00e7 otob\u00fcs OMON birli\u011fi yirmi\u00fc\u00e7 ki\u015fiyi g\u00f6zalt\u0131na ald\u0131.<\/p>\n<p align=\"justify\">&#8220;Sava\u015f Kar\u015f\u0131t\u0131 Hareket&#8221; \u00fcyeleri taraf\u0131ndan kavgayla ilgili video g\u00f6r\u00fcnt\u00fcleri \u00e7ekildi. Bu g\u00f6r\u00fcnt\u00fcleri izlemek i\u00e7in <a href=\"http:\/\/www.youtube.com\/watch?v=qjescLwnIPM\" target=\"_blank\">BURAYI<\/a> t\u0131klay\u0131n\u0131z.<\/p>\n","protected":false},"excerpt":{"rendered":"<p>22 Haziran g\u00fcn\u00fc ak\u015fam saat 21.00 sular\u0131nda Rusya Federasyonu&#8217; nun ba\u015fkenti Moskova&#8217; da, \u015fehir merkezindeki Kitaygorodskiy Pasaj\u0131 yak\u0131nlar\u0131nda \u00e7o\u011funlu\u011funu \u00c7e\u00e7enlerin olu\u015fturdu\u011fu Kafkasyal\u0131 gen\u00e7ler ile \u0131rk\u00e7\u0131 dazlak Ruslar aras\u0131nda bir kavga ya\u015fand\u0131.<br \/>\nElimize ula\u015fan bilgilere g\u00f6re 21 &#8230;<\/p>\n","protected":false},"author":1,"featured_media":0,"comment_status":"open","ping_status":"open","sticky":false,"template":"","format":"standard","meta":{"ngg_post_thumbnail":0,"footnotes":""},"categories":[1],"tags":[],"views":5879,"_links":{"self":[{"href":"http:\/\/www.waynakh.com\/tr\/wp-json\/wp\/v2\/posts\/1453"}],"collection":[{"href":"http:\/\/www.waynakh.com\/tr\/wp-json\/wp\/v2\/posts"}],"about":[{"href":"http:\/\/www.waynakh.com\/tr\/wp-json\/wp\/v2\/types\/post"}],"author":[{"embeddable":true,"href":"http:\/\/www.waynakh.com\/tr\/wp-json\/wp\/v2\/users\/1"}],"replies":[{"embeddable":true,"href":"http:\/\/www.waynakh.com\/tr\/wp-json\/wp\/v2\/comments?post=1453"}],"version-history":[{"count":0,"href":"http:\/\/www.waynakh.com\/tr\/wp-json\/wp\/v2\/posts\/1453\/revisions"}],"wp:attachment":[{"href":"http:\/\/www.waynakh.com\/tr\/wp-json\/wp\/v2\/media?parent=1453"}],"wp:term":[{"taxonomy":"category","embeddable":true,"href":"http:\/\/www.waynakh.com\/tr\/wp-json\/wp\/v2\/categories?post=1453"},{"taxonomy":"post_tag","embeddable":true,"href":"http:\/\/www.waynakh.com\/tr\/wp-json\/wp\/v2\/tags?post=1453"}],"curies":[{"name":"wp","href":"https:\/\/api.w.org\/{rel}","templated":true}]}}