{"id":1465,"date":"2007-06-29T16:33:01","date_gmt":"2007-06-29T14:33:01","guid":{"rendered":"http:\/\/www.zelimhan.com\/?p=1119"},"modified":"2007-06-29T16:33:01","modified_gmt":"2007-06-29T14:33:01","slug":"kabardey-balkar-da-kavga","status":"publish","type":"post","link":"http:\/\/www.waynakh.com\/tr\/2007\/06\/kabardey-balkar-da-kavga\/","title":{"rendered":"Kabardey-Balkar&#8217; da Kavga"},"content":{"rendered":"<p>Kabardey-Balkar Cumhuriyeti ba\u015fkenti Nalchik yak\u0131nlar\u0131nda bulunan Voskhod&#8217; daki &#8220;Yaz Sa\u011fl\u0131k Kamp\u0131&#8221; nda 27 Haziran g\u00fcn\u00fc yerel Balkarlar ile Kadirov rejiminin futbol kulub\u00fc olan &#8220;Terek&#8221; tak\u0131m\u0131n\u0131n oyuncular\u0131 aras\u0131nda b\u00fcy\u00fck bir kavga ya\u015fand\u0131.<\/p>\n<div>\u00a0<\/div>\n<div>G\u00f6rg\u00fc tan\u0131klar\u0131na g\u00f6re, iki &#8211; \u00fc\u00e7 g\u00fcn boyunca yerel Balkar gen\u00e7ler ile \u00c7e\u00e7en gen\u00e7ler aras\u0131nda \u00e7e\u015fitli at\u0131\u015fmalar ya\u015fand\u0131. 27 Haziran g\u00fcn\u00fc de saat 19.00 sular\u0131nda kamp alan\u0131na gelen Balkar gen\u00e7ler 15 kadar \u00c7e\u00e7en genci kamp yan\u0131ndaki ormanl\u0131k alanda konu\u015fmaya \u00e7a\u011f\u0131rd\u0131. Ormanl\u0131k alanda tuzak kurarak bekleyen 100 kadar Balkar gen\u00e7, \u00c7e\u00e7enlere b\u0131\u00e7aklar, demir sopalar ve askeri joplarla sald\u0131rd\u0131.<\/div>\n<div>\u00a0<\/div>\n<div>Kavga neticesinde 3 \u00c7e\u00e7en a\u011f\u0131r yaralanarak hastaneye kald\u0131r\u0131l\u0131rken, di\u011fer \u00c7e\u00e7enler ise \u00e7e\u015fitli yerlerinden yaralan\u0131rken kavgan\u0131n neden meydana geldi\u011fi konusunda net bir bilgi yok.\u00a0<\/div>\n","protected":false},"excerpt":{"rendered":"<p>Kabardey-Balkar Cumhuriyeti ba\u015fkenti Nalchik yak\u0131nlar\u0131nda bulunan Voskhod&#8217; daki &#8220;Yaz Sa\u011fl\u0131k Kamp\u0131&#8221; nda 27 Haziran g\u00fcn\u00fc yerel Balkarlar ile Kadirov rejiminin futbol kulub\u00fc olan &#8220;Terek&#8221; tak\u0131m\u0131n\u0131n oyuncular\u0131 aras\u0131nda b\u00fcy\u00fck bir kavga ya\u015fand\u0131.<br \/>\n\u00a0<br \/>\nG\u00f6rg\u00fc tan\u0131klar\u0131na g\u00f6re, iki &#8211; &#8230;<\/p>\n","protected":false},"author":1,"featured_media":0,"comment_status":"open","ping_status":"open","sticky":false,"template":"","format":"standard","meta":{"ngg_post_thumbnail":0,"footnotes":""},"categories":[1],"tags":[],"views":4118,"_links":{"self":[{"href":"http:\/\/www.waynakh.com\/tr\/wp-json\/wp\/v2\/posts\/1465"}],"collection":[{"href":"http:\/\/www.waynakh.com\/tr\/wp-json\/wp\/v2\/posts"}],"about":[{"href":"http:\/\/www.waynakh.com\/tr\/wp-json\/wp\/v2\/types\/post"}],"author":[{"embeddable":true,"href":"http:\/\/www.waynakh.com\/tr\/wp-json\/wp\/v2\/users\/1"}],"replies":[{"embeddable":true,"href":"http:\/\/www.waynakh.com\/tr\/wp-json\/wp\/v2\/comments?post=1465"}],"version-history":[{"count":0,"href":"http:\/\/www.waynakh.com\/tr\/wp-json\/wp\/v2\/posts\/1465\/revisions"}],"wp:attachment":[{"href":"http:\/\/www.waynakh.com\/tr\/wp-json\/wp\/v2\/media?parent=1465"}],"wp:term":[{"taxonomy":"category","embeddable":true,"href":"http:\/\/www.waynakh.com\/tr\/wp-json\/wp\/v2\/categories?post=1465"},{"taxonomy":"post_tag","embeddable":true,"href":"http:\/\/www.waynakh.com\/tr\/wp-json\/wp\/v2\/tags?post=1465"}],"curies":[{"name":"wp","href":"https:\/\/api.w.org\/{rel}","templated":true}]}}