{"id":16,"date":"2007-07-05T14:51:24","date_gmt":"2007-07-05T12:51:24","guid":{"rendered":"http:\/\/www.zelimhan.com\/?p=1171"},"modified":"2007-07-05T14:51:24","modified_gmt":"2007-07-05T12:51:24","slug":"ichkeria-hukumeti-disisleri-bakanligi-ndan-aciklama","status":"publish","type":"post","link":"http:\/\/www.waynakh.com\/tr\/2007\/07\/ichkeria-hukumeti-disisleri-bakanligi-ndan-aciklama\/","title":{"rendered":"\u0130chkeria H\u00fck\u00fcmeti D\u0131\u015fi\u015fleri Bakanl\u0131\u011f\u0131&#8217; ndan A\u00e7\u0131klama"},"content":{"rendered":"<p>\u00c7e\u00e7en Cumhuriyeti \u0130chkeria H\u00fck\u00fcmeti D\u0131\u015fi\u015fleri Bakanl\u0131\u011f\u0131 taraf\u0131ndan yay\u0131nlanan bas\u0131n bildirisi ile D\u0131\u015fi\u015fleri Bakan\u0131 Akhmad Zakaev&#8217; in Avrupa \u00fclkelerine yapt\u0131\u011f\u0131 ziyaretler hakk\u0131nda bilgi verilirken, d\u00fcnyadaki siyasi geli\u015fmelerle ilgili bir brifing d\u00fczenlendi\u011fi a\u00e7\u0131kland\u0131.<\/p>\n<div>Bas\u0131n bildirisinde \u0130chkeria H\u00fck\u00fcmeti D\u0131\u015fi\u015fleri Bakan\u0131 Akhmad Zakaev&#8217; in, \u0130sve\u00e7li senat\u00f6r Dick Marti&#8217; nin \u00c7e\u00e7enya&#8217; daki gizli hapishaneler konusunda haz\u0131rlad\u0131\u011f\u0131 raporu Avrupa Parlementosu oturumunda dinlemek \u00fczere Strasbourg&#8217; a k\u0131sa s\u00fcreli bir ziyaret ger\u00e7ekle\u015ftirdi\u011fi, oturumun ard\u0131ndan Akhmad Zakaev&#8217; in Dick Marti ile \u00f6zel olarak g\u00f6r\u00fc\u015ft\u00fc\u011f\u00fc belirtildi.Strasbourg&#8217; dan Br\u00fcksel&#8217; e ge\u00e7en Akhmad Zakaev&#8217; in burada da \u00f6zel bir komite ile g\u00f6r\u00fc\u015ft\u00fc\u011f\u00fc, ayr\u0131ca Zakaev&#8217; in burada Bel\u00e7ika meclisinin yeni vekilleri ile de tan\u0131\u015fma f\u0131rsat\u0131 edindi\u011fi ifade edildi. Zakaev&#8217; in ziyaretleri boyunca \u00c7e\u00e7en diasporas\u0131n\u0131n liderleri, \u0130chkeria H\u00fck\u00fcmeti Konsoloslar\u0131 ve Avrupal\u0131 temsilcilerce kar\u015f\u0131lanarak a\u011f\u0131rland\u0131\u011f\u0131 da vurguland\u0131.<\/div>\n<div><\/div>\n<div>\u00d6te yandan D\u0131\u015fi\u015fleri Bakan\u0131 Akhmad Zakaev&#8217; in, Danimarka&#8217; n\u0131n ba\u015fkenti Kopenhag&#8217; ta, \u00c7e\u00e7en milletvekilleri \u0130lyas Musaev ve Usman Ferzuli taraf\u0131ndan organize edilmi\u015f olan bir oturuma kat\u0131ld\u0131\u011f\u0131n\u0131, burada k\u0131sa s\u00fcreli ancak etkili ge\u00e7en Avrupa \u00fclkeleri ziyaretlerinin yan\u0131 s\u0131ra d\u00fcnyadaki siyasi geli\u015fmelerin de\u011ferlendirildi\u011fi a\u00e7\u0131kland\u0131. Oturumda \u00c7e\u00e7en Cumhuriyeti \u0130chkeria Devlet Ba\u015fkan\u0131 Dokka Umarov&#8217; un yurtd\u0131\u015f\u0131 temsilcileri konusundaki atamalar\u0131 da g\u00f6z \u00f6n\u00fcnde bulundurularak yeni temsilciler ve konsoloslarla birlikte izlenecek stratejiler \u00fczerinde \u00e7al\u0131\u015fmalar yap\u0131ld\u0131.<\/div>\n","protected":false},"excerpt":{"rendered":"<p>\u00c7e\u00e7en Cumhuriyeti \u0130chkeria H\u00fck\u00fcmeti D\u0131\u015fi\u015fleri Bakanl\u0131\u011f\u0131 taraf\u0131ndan yay\u0131nlanan bas\u0131n bildirisi ile D\u0131\u015fi\u015fleri Bakan\u0131 Akhmad Zakaev&#8217; in Avrupa \u00fclkelerine yapt\u0131\u011f\u0131 ziyaretler hakk\u0131nda bilgi verilirken, d\u00fcnyadaki siyasi geli\u015fmelerle ilgili bir brifing d\u00fczenlendi\u011fi a\u00e7\u0131kland\u0131.<br \/>\nBas\u0131n bildirisinde \u0130chkeria H\u00fck\u00fcmeti D\u0131\u015fi\u015fleri &#8230;<\/p>\n","protected":false},"author":1,"featured_media":0,"comment_status":"open","ping_status":"open","sticky":false,"template":"","format":"standard","meta":{"ngg_post_thumbnail":0,"footnotes":""},"categories":[1],"tags":[],"views":3809,"_links":{"self":[{"href":"http:\/\/www.waynakh.com\/tr\/wp-json\/wp\/v2\/posts\/16"}],"collection":[{"href":"http:\/\/www.waynakh.com\/tr\/wp-json\/wp\/v2\/posts"}],"about":[{"href":"http:\/\/www.waynakh.com\/tr\/wp-json\/wp\/v2\/types\/post"}],"author":[{"embeddable":true,"href":"http:\/\/www.waynakh.com\/tr\/wp-json\/wp\/v2\/users\/1"}],"replies":[{"embeddable":true,"href":"http:\/\/www.waynakh.com\/tr\/wp-json\/wp\/v2\/comments?post=16"}],"version-history":[{"count":0,"href":"http:\/\/www.waynakh.com\/tr\/wp-json\/wp\/v2\/posts\/16\/revisions"}],"wp:attachment":[{"href":"http:\/\/www.waynakh.com\/tr\/wp-json\/wp\/v2\/media?parent=16"}],"wp:term":[{"taxonomy":"category","embeddable":true,"href":"http:\/\/www.waynakh.com\/tr\/wp-json\/wp\/v2\/categories?post=16"},{"taxonomy":"post_tag","embeddable":true,"href":"http:\/\/www.waynakh.com\/tr\/wp-json\/wp\/v2\/tags?post=16"}],"curies":[{"name":"wp","href":"https:\/\/api.w.org\/{rel}","templated":true}]}}