{"id":225,"date":"2007-11-01T14:08:59","date_gmt":"2007-11-01T12:08:59","guid":{"rendered":"http:\/\/www.zelimhan.com\/?p=2261"},"modified":"2007-11-01T14:08:59","modified_gmt":"2007-11-01T12:08:59","slug":"cecen-cocuklar-bir-polonyali-cocugu-yaraladi","status":"publish","type":"post","link":"http:\/\/www.waynakh.com\/tr\/2007\/11\/cecen-cocuklar-bir-polonyali-cocugu-yaraladi\/","title":{"rendered":"\u00c7e\u00e7en \u00c7ocuklar Bir Polonyal\u0131 \u00c7ocu\u011fu Yaralad\u0131"},"content":{"rendered":"<p>Polonya&#8217; n\u0131n Podlaskie Eyaleti&#8217; nin ba\u015fkenti Bialystok&#8217; ta bug\u00fcn d\u00f6rt \u00c7e\u00e7en \u00e7ocuk Leh \u00e7ocuklarla okulda kavga etti.\u00a0Bir Leh \u00e7ocuk ald\u0131\u011f\u0131 b\u0131\u00e7ak yaras\u0131 nedeniyle hastahaneye kald\u0131r\u0131ld\u0131.<\/p>\n<p align=\"justify\"><span style=\"font-family: Verdana; color: #000000;\">Portal\u0131m\u0131za ula\u015ft\u0131r\u0131lan bilgiye g\u00f6re Bialystok&#8217; ta bir m\u00fclteci hostelinde ikamet edip, 47 numaral\u0131 ortaokula devam eden Bekhan S. (12), Adlan S. (11), Musa H. (12) ve Adam M. (12) okulda tart\u0131\u015ft\u0131klar\u0131 Leh \u00f6\u011frencilerle kavga etmeye ba\u015flad\u0131. B\u00fcy\u00fcyen kavga s\u0131ras\u0131nda Leh \u00e7ocuklardan birisi b\u0131\u00e7akla yaraland\u0131. Olay yerine gelen\u00a0amb\u00fclansla hemen hastahaneye kald\u0131r\u0131lan Leh \u00e7ocu\u011fun\u00a0hayati tehlikeyi atlatt\u0131\u011f\u0131 bildirildi.<\/span><\/p>\n<p align=\"justify\"><span style=\"font-family: Verdana; color: #000000;\">Kavgan\u0131n sebebinin ne oldu\u011fu konusunda \u00c7e\u00e7en \u00e7ocuklar konu\u015fmak istemezken, okul idaresi 13 Kas\u0131m g\u00fcn\u00fc m\u00fclteci \u00c7e\u00e7en \u00f6\u011frencilerin durumu ile ilgili olarak yap\u0131lacak toplant\u0131ya m\u00fclteci hosteli y\u00f6neticilerini de davet etti.<\/span><\/p>\n","protected":false},"excerpt":{"rendered":"<p>Polonya&#8217; n\u0131n Podlaskie Eyaleti&#8217; nin ba\u015fkenti Bialystok&#8217; ta bug\u00fcn d\u00f6rt \u00c7e\u00e7en \u00e7ocuk Leh \u00e7ocuklarla okulda kavga etti.\u00a0Bir Leh \u00e7ocuk ald\u0131\u011f\u0131 b\u0131\u00e7ak yaras\u0131 nedeniyle hastahaneye kald\u0131r\u0131ld\u0131.<br \/>\nPortal\u0131m\u0131za ula\u015ft\u0131r\u0131lan bilgiye g\u00f6re Bialystok&#8217; ta bir m\u00fclteci hostelinde ikamet edip, &#8230;<\/p>\n","protected":false},"author":1,"featured_media":0,"comment_status":"open","ping_status":"open","sticky":false,"template":"","format":"standard","meta":{"ngg_post_thumbnail":0,"footnotes":""},"categories":[1],"tags":[],"views":3561,"_links":{"self":[{"href":"http:\/\/www.waynakh.com\/tr\/wp-json\/wp\/v2\/posts\/225"}],"collection":[{"href":"http:\/\/www.waynakh.com\/tr\/wp-json\/wp\/v2\/posts"}],"about":[{"href":"http:\/\/www.waynakh.com\/tr\/wp-json\/wp\/v2\/types\/post"}],"author":[{"embeddable":true,"href":"http:\/\/www.waynakh.com\/tr\/wp-json\/wp\/v2\/users\/1"}],"replies":[{"embeddable":true,"href":"http:\/\/www.waynakh.com\/tr\/wp-json\/wp\/v2\/comments?post=225"}],"version-history":[{"count":0,"href":"http:\/\/www.waynakh.com\/tr\/wp-json\/wp\/v2\/posts\/225\/revisions"}],"wp:attachment":[{"href":"http:\/\/www.waynakh.com\/tr\/wp-json\/wp\/v2\/media?parent=225"}],"wp:term":[{"taxonomy":"category","embeddable":true,"href":"http:\/\/www.waynakh.com\/tr\/wp-json\/wp\/v2\/categories?post=225"},{"taxonomy":"post_tag","embeddable":true,"href":"http:\/\/www.waynakh.com\/tr\/wp-json\/wp\/v2\/tags?post=225"}],"curies":[{"name":"wp","href":"https:\/\/api.w.org\/{rel}","templated":true}]}}