{"id":2342,"date":"2009-03-09T00:46:24","date_gmt":"2009-03-08T22:46:24","guid":{"rendered":"http:\/\/www.waynakh.com\/tr\/?p=2342"},"modified":"2009-03-09T11:03:31","modified_gmt":"2009-03-09T09:03:31","slug":"ismail-erdoganbuyuk-sehidimizi-rahmetle-aniyoruz","status":"publish","type":"post","link":"http:\/\/www.waynakh.com\/tr\/2009\/03\/ismail-erdoganbuyuk-sehidimizi-rahmetle-aniyoruz\/","title":{"rendered":"\u0130smail Erdo\u011fan:&#8221;B\u00fcy\u00fck \u015eehidimizi Rahmetle An\u0131yoruz&#8230;&#8221;"},"content":{"rendered":"<p style=\"text-align: justify;\">\u0130stanbul&#8217; da faaliyet g\u00f6steren Kafkas \u00c7e\u00e7en K\u00fclt\u00fcr Derne\u011fi ad\u0131na dernek y\u00f6netim kurulu ba\u015fkan\u0131 \u0130smail Erdo\u011fan, Aslan Maskhadov&#8217; un \u015fehit olu\u015funun d\u00f6rd\u00fcnc\u00fc y\u0131ld\u00f6n\u00fcm\u00fc nedeniyle bir mesaj yay\u0131nlad\u0131.<\/p>\n<p style=\"text-align: justify;\"><!--more--><\/p>\n<p style=\"text-align: justify;\">&#8220;Aslan Maskhadov sadece \u00c7e\u00e7enistan&#8217; da de\u011fil, t\u00fcm Kafkasya&#8217; da bar\u0131\u015f\u0131n hakim olmas\u0131n\u0131 istiyordu. Ancak onun bu iyi niyetli \u00e7abalar\u0131 ne bat\u0131l\u0131 devletler ne de sivil toplum \u00f6rg\u00fctlerince desteklenmedi. Halen \u00c7e\u00e7enistan&#8217; da \u00e7ekilen ac\u0131lar\u0131n, Kafkasya&#8217; daki kaosun temel nedenlerinden birisi budur.<\/p>\n<p style=\"text-align: justify;\">Aslan Maskhadov, \u00c7e\u00e7en halk\u0131n\u0131n sorunlar\u0131n\u0131 anlayan ve halk\u0131n\u0131n huzuru i\u00e7in m\u00fccadele veren bir devlet adam\u0131yd\u0131. Bu duru\u015fuyla \u00c7e\u00e7en halk\u0131n\u0131n hakl\u0131 \u00f6zg\u00fcrl\u00fck m\u00fccadelesini her ortamda savundu. Birlik ve beraberli\u011fimizin daha s\u0131k\u0131 olmas\u0131n\u0131n ac\u0131y\u0131 da, mutlulu\u011fu da ortakla\u015ft\u0131raca\u011f\u0131 inanc\u0131na sahip olan Maskhadov ile ba\u011f\u0131ms\u0131z bir \u00c7e\u00e7enistan i\u00e7in verdi\u011fimiz m\u00fccadele azmimiz artt\u0131.<\/p>\n<p style=\"text-align: justify;\">Aradan d\u00f6rt y\u0131l ge\u00e7mi\u015f olsa da onu kaybetmenin ac\u0131s\u0131n\u0131 halen i\u00e7imizde hissediyoruz. \u015eehit Aslan Maskhadov gibi liderlerin varl\u0131\u011f\u0131 t\u00fcm Kafkasya&#8217; da \u00f6zlenen bar\u0131\u015f ve huzur ortam\u0131n\u0131 geri getirecektir. B\u00fcy\u00fck \u015fehidimizi \u00f6zlemle ve rahmetle an\u0131yoruz.<\/p>\n<p style=\"text-align: justify;\">Sayg\u0131lar\u0131mla,<\/p>\n<p style=\"text-align: justify;\"><strong>\u0130smail Erdo\u011fan<\/strong><\/p>\n<p style=\"text-align: justify;\"><strong>K\u00c7KD Y\u00f6netim Kurulu Ba\u015fkan\u0131<\/strong><\/p>\n<p style=\"text-align: justify;\">08 Mart 2009&#8243;<\/p>\n","protected":false},"excerpt":{"rendered":"<p>\u0130stanbul&#8217; da faaliyet g\u00f6steren Kafkas \u00c7e\u00e7en K\u00fclt\u00fcr Derne\u011fi ad\u0131na dernek y\u00f6netim kurulu ba\u015fkan\u0131 \u0130smail Erdo\u011fan, Aslan Maskhadov&#8217; un \u015fehit olu\u015funun d\u00f6rd\u00fcnc\u00fc y\u0131ld\u00f6n\u00fcm\u00fc nedeniyle bir mesaj yay\u0131nlad\u0131.<\/p>\n","protected":false},"author":1,"featured_media":0,"comment_status":"open","ping_status":"open","sticky":false,"template":"","format":"standard","meta":{"ngg_post_thumbnail":0,"footnotes":""},"categories":[1],"tags":[180,183,167],"views":3985,"_links":{"self":[{"href":"http:\/\/www.waynakh.com\/tr\/wp-json\/wp\/v2\/posts\/2342"}],"collection":[{"href":"http:\/\/www.waynakh.com\/tr\/wp-json\/wp\/v2\/posts"}],"about":[{"href":"http:\/\/www.waynakh.com\/tr\/wp-json\/wp\/v2\/types\/post"}],"author":[{"embeddable":true,"href":"http:\/\/www.waynakh.com\/tr\/wp-json\/wp\/v2\/users\/1"}],"replies":[{"embeddable":true,"href":"http:\/\/www.waynakh.com\/tr\/wp-json\/wp\/v2\/comments?post=2342"}],"version-history":[{"count":4,"href":"http:\/\/www.waynakh.com\/tr\/wp-json\/wp\/v2\/posts\/2342\/revisions"}],"predecessor-version":[{"id":2346,"href":"http:\/\/www.waynakh.com\/tr\/wp-json\/wp\/v2\/posts\/2342\/revisions\/2346"}],"wp:attachment":[{"href":"http:\/\/www.waynakh.com\/tr\/wp-json\/wp\/v2\/media?parent=2342"}],"wp:term":[{"taxonomy":"category","embeddable":true,"href":"http:\/\/www.waynakh.com\/tr\/wp-json\/wp\/v2\/categories?post=2342"},{"taxonomy":"post_tag","embeddable":true,"href":"http:\/\/www.waynakh.com\/tr\/wp-json\/wp\/v2\/tags?post=2342"}],"curies":[{"name":"wp","href":"https:\/\/api.w.org\/{rel}","templated":true}]}}