{"id":247,"date":"2007-11-23T13:37:24","date_gmt":"2007-11-23T11:37:24","guid":{"rendered":"http:\/\/www.zelimhan.com\/?p=2194"},"modified":"2012-07-10T18:28:21","modified_gmt":"2012-07-10T15:28:21","slug":"zakaev-basbakan-olarak-gorevlendirildi","status":"publish","type":"post","link":"http:\/\/www.waynakh.com\/tr\/2007\/11\/zakaev-basbakan-olarak-gorevlendirildi\/","title":{"rendered":"Zakaev Ba\u015fbakan Olarak G\u00f6revlendirildi"},"content":{"rendered":"<p style=\"text-align: justify;\">\u00c7e\u00e7en Cumhuriyeti \u0130chkeria Parlamentosu ad\u0131na Ba\u015fkan Zhaloudi Saralyapov taraf\u0131ndan bug\u00fcn yay\u0131nlanan bir kararname ile eski D\u0131\u015fi\u015fleri Bakan\u0131 Akhmad Zakaev &#8220;Ba\u015fbakan&#8221; olarak atand\u0131.<!--more--><\/p>\n<p style=\"text-align: justify;\"><strong><span style=\"text-decoration: underline;\">\u0130chkeria Parlamentosu&#8217; nun kararnamesi: <\/span><\/strong><\/p>\n<p style=\"text-align: justify;\">&#8220;\u00c7e\u00e7en Cumhuriyeti \u0130chkeria Parlamentosu&#8217; nun\u00a07-B Numaral\u0131 Kararnamesidir:<\/p>\n<p style=\"text-align: justify;\">Esirgeyen ve Ba\u011f\u0131\u015flayan Allah&#8217; \u0131n Ad\u0131yla,<\/p>\n<p style=\"text-align: justify;\">\u0130chkeria Anayasas\u0131&#8217; n\u0131n 62.maddesi ve \u0130chkeria Parlamentosu&#8217; nun 1-B Numaral\u0131 Kararnamesi gere\u011fi \u00c7e\u00e7en Cumhuriyeti \u0130chkeria Parlamentosu&#8217; nun karar\u0131d\u0131r:<\/p>\n<p style=\"text-align: justify;\">1. \u0130chkeria Anayasas\u0131&#8217; n\u0131n 78.maddesinde belirlendi\u011fi \u00fczere, \u00c7e\u00e7en Cumhuriyeti \u0130chkeria H\u00fck\u00fcmeti&#8217; nin Bakanlar Kurulu Ba\u015fkan\u0131 olarak Akhmad Zakaev g\u00f6revlendirilmi\u015ftir.<\/p>\n<p style=\"text-align: justify;\">2. \u0130chkeria Anayasas\u0131&#8217; n\u0131n 64.maddesinin 3.bendinde belirtildi\u011fi \u015fekilde, Bakanlar Kurulu Ba\u015fkan\u0131 Akhmad Zakaev&#8217; in Bakanlar Kurulu&#8217; nu olu\u015fturmas\u0131 ve iki hafta i\u00e7erisinde \u0130chkeria Parlamentosu&#8217; nun onay\u0131na sunmas\u0131 gerekmektedir.<\/p>\n<p style=\"text-align: justify;\">3. \u0130\u015f bu kararname imzaland\u0131\u011f\u0131 anda y\u00fcr\u00fcrl\u00fc\u011fe girer.<\/p>\n<p style=\"text-align: justify;\">23\u00a0Kas\u0131m 2007<\/p>\n<p style=\"text-align: justify;\">\u00c7e\u00e7en Cumhuriyeti \u0130chkeria Parlamentosu Ba\u015fkan\u0131<\/p>\n<p style=\"text-align: justify;\"><strong>Zhaloudi Saralyapov<\/strong>&#8220;<\/p>\n","protected":false},"excerpt":{"rendered":"<p>\u00c7e\u00e7en Cumhuriyeti \u0130chkeria Parlamentosu ad\u0131na Ba\u015fkan Zhaloudi Saralyapov taraf\u0131ndan bug\u00fcn yay\u0131nlanan bir kararname ile eski D\u0131\u015fi\u015fleri Bakan\u0131 Akhmad Zakaev &#8220;Ba\u015fbakan&#8221; olarak atand\u0131.<\/p>\n","protected":false},"author":1,"featured_media":0,"comment_status":"open","ping_status":"open","sticky":false,"template":"","format":"standard","meta":{"ngg_post_thumbnail":0,"footnotes":""},"categories":[1],"tags":[],"views":3001,"_links":{"self":[{"href":"http:\/\/www.waynakh.com\/tr\/wp-json\/wp\/v2\/posts\/247"}],"collection":[{"href":"http:\/\/www.waynakh.com\/tr\/wp-json\/wp\/v2\/posts"}],"about":[{"href":"http:\/\/www.waynakh.com\/tr\/wp-json\/wp\/v2\/types\/post"}],"author":[{"embeddable":true,"href":"http:\/\/www.waynakh.com\/tr\/wp-json\/wp\/v2\/users\/1"}],"replies":[{"embeddable":true,"href":"http:\/\/www.waynakh.com\/tr\/wp-json\/wp\/v2\/comments?post=247"}],"version-history":[{"count":3,"href":"http:\/\/www.waynakh.com\/tr\/wp-json\/wp\/v2\/posts\/247\/revisions"}],"predecessor-version":[{"id":11986,"href":"http:\/\/www.waynakh.com\/tr\/wp-json\/wp\/v2\/posts\/247\/revisions\/11986"}],"wp:attachment":[{"href":"http:\/\/www.waynakh.com\/tr\/wp-json\/wp\/v2\/media?parent=247"}],"wp:term":[{"taxonomy":"category","embeddable":true,"href":"http:\/\/www.waynakh.com\/tr\/wp-json\/wp\/v2\/categories?post=247"},{"taxonomy":"post_tag","embeddable":true,"href":"http:\/\/www.waynakh.com\/tr\/wp-json\/wp\/v2\/tags?post=247"}],"curies":[{"name":"wp","href":"https:\/\/api.w.org\/{rel}","templated":true}]}}