{"id":253,"date":"2007-11-29T13:30:32","date_gmt":"2007-11-29T11:30:32","guid":{"rendered":"http:\/\/www.zelimhan.com\/?p=2176"},"modified":"2007-11-29T13:30:32","modified_gmt":"2007-11-29T11:30:32","slug":"kurban-olanlara-bir-kurbanda-sizden","status":"publish","type":"post","link":"http:\/\/www.waynakh.com\/tr\/2007\/11\/kurban-olanlara-bir-kurbanda-sizden\/","title":{"rendered":"Kurban Olanlara Bir Kurbanda Sizden"},"content":{"rendered":"<p>Sivas \u00c7e\u00e7en Kafkas K\u00fclt\u00fcr Ve Dayan\u0131\u015fma Derne\u011fi Ba\u015fkan\u0131 Say\u0131n Ramazan \u00d6z\u00e7e\u00e7en bir a\u00e7\u0131klama yaparak bu y\u0131l kurbanlar\u0131n\u0131z\u0131 d\u00fcnyan\u0131n d\u00f6rt bir yan\u0131na savrulan \u00c7e\u00e7en m\u00fcltecilere iletmek \u00fczere bir kampanya ba\u015flatt\u0131klar\u0131n\u0131 ifade etti.<\/p>\n<p align=\"justify\"><strong>Kampanyaya kat\u0131lmak isteyenler Sivas \u00c7e\u00e7en Kafkas K\u00fclt\u00fcr Ve Dayan\u0131\u015fma Derne\u011fi&#8217; nin Vak\u0131fbank Sivas \u015eubesi&#8217; nde bulunan 201 32 55 numaral\u0131 heab\u0131na ya da 535 09 04 numaral\u0131 posta \u00e7eki hesab\u0131na &#8220;Kurban Bedeli&#8221; a\u00e7\u0131klamas\u0131 ile 180,00 YTL yat\u0131rmas\u0131 yeterli olacakt\u0131r. Ayr\u0131nt\u0131l\u0131 bilgi i\u00e7in irtibat telefonlar\u0131: 0346 221 23 54 ve 0505 771 44 79<\/strong><\/p>\n<p align=\"justify\"><strong>Sivas \u00c7e\u00e7en Kafkas K\u00fclt\u00fcr Ve Dayan\u0131\u015fma Derne\u011fi&#8217; nin resmi internet sitesi <a href=\"http:\/\/cecenonline.com\/tr\/default.asp\" target=\"_blank\">\u00c7e\u00e7en-Online&#8217;<\/a> da konuya ili\u015fkin olarak dernek ba\u015fkan\u0131 Ramazan \u00d6Z\u00c7E\u00c7EN taraf\u0131ndan yap\u0131lan a\u00e7\u0131klama\u00a027 Kas\u0131m tarihinde\u00a0yay\u0131nland\u0131.<\/strong><\/p>\n<p align=\"justify\"><strong><span style=\"text-decoration: underline;\">Ramazan \u00d6Z\u00c7E\u00c7EN&#8217; in a\u00e7\u0131klamas\u0131:<\/span><\/strong><\/p>\n<p align=\"justify\">&#8220;Kalpleri imanla, g\u00f6n\u00fclleri h\u00fcz\u00fcnle dolu olan \u00e7ok de\u011ferli inananlar; Yakla\u015fmakta olan m\u00fcbarek kurban bayram\u0131n\u0131z\u0131 en i\u00e7ten dileklerimle kutlar\u0131m. Ne yaz\u0131k ki bu bayramda da bar\u0131\u015f, karde\u015flik ve insan haklar\u0131, d\u00fcnya Siyonist d\u00fczenini elinde bulunduran, ac\u0131mas\u0131z, insanl\u0131k d\u0131\u015f\u0131 uygulamalar\u0131 ile \u00f6ne \u00e7\u0131kan, d\u00fcnya d\u00fczenini kendi g\u00f6r\u00fc\u015fleri do\u011frultusunda kurmaya \u00e7al\u0131\u015fan yarat\u0131klar\u0131n zulm\u00fc alt\u0131nda kayba u\u011fram\u0131\u015ft\u0131r.<\/p>\n<p align=\"justify\">Tabidir ki bu durum, ilelebet devam etmeyecektir. Mutlaka yap\u0131lan bu insanl\u0131k d\u0131\u015f\u0131 uygulamalar\u0131n bir sonu olacakt\u0131r.. D\u00fcnyan\u0131n her yerinde yap\u0131lan bu zul\u00fcm ve al\u00e7akl\u0131klar, M\u00fcsl\u00fcmanlara y\u00f6nelik yap\u0131lmaktad\u0131r. Bunu b\u00fct\u00fcn d\u00fcnya inananlar\u0131 bilmektedirler.<\/p>\n<p align=\"justify\">O zaman ne yap\u0131lmal\u0131d\u0131r; Art\u0131k aya\u011fa kalkma zaman\u0131 gelmi\u015f ge\u00e7mi\u015ftir bile. Yap\u0131lan bu zulme DUR demenin zaman\u0131 gelmi\u015ftir. Birlik ve beraberlik zaman\u0131d\u0131r. Bayramlar\u0131m\u0131z bu birlik ve beraberli\u011fimizin teminat\u0131d\u0131r. M\u00fcbarek g\u00fcnlerde beraber oldu\u011fumuz gibi her zaman beraberli\u011fimizi muhafaza etmeliyiz.<\/p>\n<p align=\"justify\">Bir yanda \u00c7e\u00e7enya, Filistin, Irak, Afganistan, Do\u011fu T\u00fcrkistan, Ke\u015fmir gibi bir \u00e7ok yerlerde g\u00f6z ya\u015f\u0131 akmaya devam ederken,di\u011fer yanda bizler bayram yapmaya devam ediyoruz. Bu nedenle g\u00f6n\u00fcllerimiz k\u0131r\u0131k, g\u00f6zlerimiz ya\u015fl\u0131, b\u00fcy\u00fck bir h\u00fcz\u00fcn i\u00e7erisindeyiz. Ne yaz\u0131k ki bekledi\u011fimiz m\u00fcbarek bayramlar\u0131 hu\u015fu i\u00e7erisinde kutlayamamaktay\u0131z.<\/p>\n<p align=\"justify\">D\u00fcnyan\u0131n bir \u00e7ok M\u00fcsl\u00fcman \u00fclkelerinde inan\u0131lmaz bir \u015fekilde israf ve zevk\u00fc sefa s\u00fcrd\u00fcr\u00fcl\u00fcrken,yine ayn\u0131 d\u00fcnya i\u00e7inde ya\u015famaya \u00e7al\u0131\u015fan insanlar bir par\u00e7a ekmek u\u011fruna birbirlerini \u00f6ld\u00fcrmekte, veyahut ba\u015fka \u00fclkelerde k\u00f6le olarak \u00e7al\u0131\u015ft\u0131r\u0131lmaktad\u0131r. Peygamber efendimizin bir hadisi \u015ferifinde \u201dKom\u015fusu a\u00e7ken, tok yatan bizden de\u011fildir\u201d buyurmu\u015ftur.Bu hadise uyan ka\u00e7 M\u00fcsl\u00fcman var acaba merak ediyorum. Dolarlar\u0131 ile \u00f6v\u00fcnen zengin \u0130slam alemi Allah&#8217; a nas\u0131l hesap verecekler.<\/p>\n<p align=\"justify\">Sava\u015f nedeniyle yurtlar\u0131ndan olan y\u00fcz binlerce \u00c7e\u00e7en d\u00fcnyan\u0131n bir \u00e7ok yerine da\u011f\u0131lm\u0131\u015f, m\u00fclteci durumunda \u00e7ok zor \u015fartlar alt\u0131nda ya\u015famaya \u00e7al\u0131\u015fmaktad\u0131rlar. Bu insanlar y\u0131llard\u0131r vatanlar\u0131na hasret, yurtlar\u0131nda ge\u00e7irecekleri bir bayram\u0131n \u00f6zlemini \u00e7ekmekteler.<\/p>\n<p align=\"justify\">T\u00fcrkiye&#8217; de, Azerbaycan&#8217; da, \u0130ngu\u015fetya&#8217; da, hatta \u00c7e\u00e7enya&#8217; da ya\u015fayan \u00c7e\u00e7en halk\u0131 i\u00e7in bu kurban bayram\u0131nda ne yapabiliriz diye d\u00fc\u015f\u00fcnmek, bir M\u00fcsl\u00fcman olarak bizim g\u00f6revimiz olmal\u0131. Onlara hi\u00e7 olmazsa y\u0131l da bir kez et yemelerini sa\u011flamal\u0131y\u0131z. Kurban kesebilecek durumda olan her M\u00fcsl\u00fcman&#8217; a farz olan kurban kesimini bu y\u0131l da kurban olanlar i\u00e7in kesebiliriz&#8230;<\/p>\n<p align=\"justify\">Yapaca\u011f\u0131n\u0131z kurban yard\u0131mlar\u0131n\u0131z\u0131 Sivas \u00c7e\u00e7en Kafkas Dayan\u0131\u015fma Ve Yard\u0131mla\u015fma Derne\u011fi&#8217; nin Vak\u0131fbank Sivas \u015eubesi&#8217; ndeki 201 32 55 nolu hesaba, 535 09 04 nolu posta \u00e7ek hesab\u0131na 180,00 YTL yat\u0131rman\u0131z yeterli olacakt\u0131r. Yapaca\u011f\u0131n\u0131z kurban yard\u0131mlar\u0131n\u0131z Allah kat\u0131nda kabul olacakt\u0131r in\u015fallah. \u015eimdiden b\u00fct\u00fcn \u0130slam aleminim kurban bayram\u0131 m\u00fcbarek olsun, yapm\u0131\u015f oldu\u011funuz hay\u0131r ve hasenatlar kabul olsun.<\/p>\n<p align=\"justify\">Bu kurban bayram\u0131 yurdundan vatan\u0131ndan, akrabas\u0131ndan ve yak\u0131nlar\u0131ndan ayr\u0131 ge\u00e7irenler i\u00e7in son bayram olmas\u0131 i\u00e7in Allah\u2019 dua edelim.<\/p>\n<p align=\"justify\">AM\u0130N&#8230;<\/p>\n<p align=\"justify\">S\u0130VAS \u00c7E\u00c7EN KAFKAS K\u00dcLT\u00dcR VE DAYANI\u015eMA DERNE\u011e\u0130 BA\u015eKANI<\/p>\n<p align=\"justify\">Ramazan \u00d6Z\u00c7E\u00c7EN&#8221;<\/p>\n","protected":false},"excerpt":{"rendered":"<p>Sivas \u00c7e\u00e7en Kafkas K\u00fclt\u00fcr Ve Dayan\u0131\u015fma Derne\u011fi Ba\u015fkan\u0131 Say\u0131n Ramazan \u00d6z\u00e7e\u00e7en bir a\u00e7\u0131klama yaparak bu y\u0131l kurbanlar\u0131n\u0131z\u0131 d\u00fcnyan\u0131n d\u00f6rt bir yan\u0131na savrulan \u00c7e\u00e7en m\u00fcltecilere iletmek \u00fczere bir kampanya ba\u015flatt\u0131klar\u0131n\u0131 ifade etti.<br \/>\nKampanyaya kat\u0131lmak isteyenler Sivas \u00c7e\u00e7en &#8230;<\/p>\n","protected":false},"author":1,"featured_media":0,"comment_status":"open","ping_status":"open","sticky":false,"template":"","format":"standard","meta":{"ngg_post_thumbnail":0,"footnotes":""},"categories":[1],"tags":[],"views":4168,"_links":{"self":[{"href":"http:\/\/www.waynakh.com\/tr\/wp-json\/wp\/v2\/posts\/253"}],"collection":[{"href":"http:\/\/www.waynakh.com\/tr\/wp-json\/wp\/v2\/posts"}],"about":[{"href":"http:\/\/www.waynakh.com\/tr\/wp-json\/wp\/v2\/types\/post"}],"author":[{"embeddable":true,"href":"http:\/\/www.waynakh.com\/tr\/wp-json\/wp\/v2\/users\/1"}],"replies":[{"embeddable":true,"href":"http:\/\/www.waynakh.com\/tr\/wp-json\/wp\/v2\/comments?post=253"}],"version-history":[{"count":0,"href":"http:\/\/www.waynakh.com\/tr\/wp-json\/wp\/v2\/posts\/253\/revisions"}],"wp:attachment":[{"href":"http:\/\/www.waynakh.com\/tr\/wp-json\/wp\/v2\/media?parent=253"}],"wp:term":[{"taxonomy":"category","embeddable":true,"href":"http:\/\/www.waynakh.com\/tr\/wp-json\/wp\/v2\/categories?post=253"},{"taxonomy":"post_tag","embeddable":true,"href":"http:\/\/www.waynakh.com\/tr\/wp-json\/wp\/v2\/tags?post=253"}],"curies":[{"name":"wp","href":"https:\/\/api.w.org\/{rel}","templated":true}]}}