{"id":257,"date":"2007-12-01T15:19:26","date_gmt":"2007-12-01T13:19:26","guid":{"rendered":"http:\/\/www.zelimhan.com\/?p=2159"},"modified":"2012-07-10T18:28:45","modified_gmt":"2012-07-10T15:28:45","slug":"basbakan-zakaev-den-birlik-cagrisi","status":"publish","type":"post","link":"http:\/\/www.waynakh.com\/tr\/2007\/12\/basbakan-zakaev-den-birlik-cagrisi\/","title":{"rendered":"Ba\u015fbakan Zakaev&#8217; den Birlik \u00c7a\u011fr\u0131s\u0131"},"content":{"rendered":"<p style=\"text-align: justify;\">\u00c7e\u00e7en Cumhuriyeti \u0130chkeria H\u00fck\u00fcmeti Bakanlar Kurulu Ba\u015fkan\u0131 Akhmad Zakaev, 30 Kas\u0131m 2007 tarihinde devlet haber ajans\u0131 Chechenpress vas\u0131tas\u0131 ile \u00c7e\u00e7en halk\u0131na birlik \u00e7aA\u011fr\u0131s\u0131nda bulunurken, yeni h\u00fck\u00fcmetin program\u0131 hakk\u0131nda da bilgi verdi.<!--more--><\/p>\n<p style=\"text-align: justify;\"><span style=\"font-family: Verdana; color: #000000;\"><span style=\"text-decoration: underline;\"><strong>Akhmad Zakaev&#8217; in Ba\u015fbakan s\u0131fat\u0131 ile yay\u0131nlad\u0131\u011f\u0131 ilk mesaj\u0131n tam metni:<\/strong><\/span><\/span><\/p>\n<p style=\"text-align: justify;\"><span style=\"font-family: Verdana; color: #000000;\">&#8220;Esirgeyen ve Ba\u011f\u0131\u015flayan Allah&#8217; \u0131n Ad\u0131yla!<\/span><\/p>\n<p style=\"text-align: justify;\"><span style=\"font-family: Verdana; color: #000000;\">De\u011ferli\u00a0Vatanda\u015flar!<\/span><\/p>\n<p style=\"text-align: justify;\"><span style=\"font-family: Verdana; color: #000000;\">\u00c7e\u00e7en Cumhuriyeti \u0130chkeria Parlamentosu Ba\u015fkan\u0131 taraf\u0131ndan \u00c7e\u00e7en Cumhuriyeti \u0130chkeria H\u00fck\u00fcmeti Bakanlar Kurulu Ba\u015fkan\u0131 olarak atanm\u0131\u015f olmam sebebiyle bu a\u00e7\u0131klamay\u0131 yap\u0131yorum.<\/span><\/p>\n<p style=\"text-align: justify;\"><span style=\"font-family: Verdana; color: #000000;\">Biz \u00c7e\u00e7enlerin\u00a0ne denli zor g\u00fcnler ya\u015fad\u0131\u011f\u0131m\u0131z\u0131, uzun y\u0131llard\u0131r devam eden sava\u015f\u0131n bizlere\u00a0ya\u015fatt\u0131\u011f\u0131 kay\u0131plar\u0131 bizlerden daha iyi bilen ve anlayabilecek kimse\u00a0olmad\u0131\u011f\u0131 gibi,\u00a0bu zor d\u00f6nemlere\u00a0ra\u011fmen irademizi yitirmedi\u011fimizi, d\u00fc\u015fmalar\u0131m\u0131z\u0131n elde etmek istediklerine kar\u015f\u0131n de\u011ferlerimizden zerre kadar \u00f6d\u00fcn vermeyece\u011fimizi de bizden iyi bilebilecek kimse yoktur.<\/span><\/p>\n<p style=\"text-align: justify;\"><span style=\"font-family: Verdana; color: #000000;\">Rusya topraklar\u0131m\u0131za ve topraklar\u0131m\u0131z \u00fczerinde tam s\u00f6z sahibi olma hakk\u0131m\u0131za tecav\u00fcz ederek b\u00f6yle bir hakk\u0131 oldu\u011funu iddia etti. S\u00f6m\u00fcrgeciler, onsekizinci ve ondokuzuncu y\u00fczy\u0131llarda as\u0131rl\u0131k ormanlar\u0131m\u0131z\u0131 yok edip, k\u00f6ylerimizi yak\u0131p talan ederek \u00c7e\u00e7enya&#8217; n\u0131n i\u00e7lerine do\u011fru yava\u015f yava\u015f ilerlerken de bu b\u00f6yle olmu\u015ftu. Bug\u00fcn Kafkasya&#8217; daki\u00a0t\u00fcm Rus yerle\u015fim alanlar\u0131, gayriinsani etnik temizliklerin sonucu olu\u015fmu\u015ftur.<\/span><\/p>\n<p style=\"text-align: justify;\"><span style=\"font-family: Verdana; color: #000000;\">Ve \u00c7e\u00e7enlerin 1944&#8242; te Sibirya&#8217; ya ve Kazakistan&#8217; a s\u00fcrg\u00fcn edilmeleri, bu tarihten yirmi otuz y\u0131l \u00f6ncesinde\u00a0anavatan\u0131m\u0131zda ya\u015fam\u0131n\u0131 s\u00fcrd\u00fcren halk\u0131m\u0131z\u0131n bu topraklardan temizlenmesi konusunda ba\u015flat\u0131lan bir \u00e7al\u0131\u015fman\u0131n devam\u0131yd\u0131. Sonunda, 1991 y\u0131l\u0131ndan bug\u00fcne kadar Rusya kirli ve su\u00e7lu eylemlerde bulunuyor, bo\u015f \u00fcmitlerle tarihin tekerini durdurmaya, \u00c7e\u00e7en halk\u0131n\u0131 s\u00f6m\u00fcrgenin boyunduru\u011fu alt\u0131na almaya \u00e7abal\u0131yor.<\/span><\/p>\n<p style=\"text-align: justify;\"><span style=\"font-family: Verdana; color: #000000;\">Binlerce erkek ve k\u0131z karde\u015fimiz\u00a0ya\u015famlar\u0131n\u0131 vatanlar\u0131n\u0131n \u00f6zg\u00fcrl\u00fc\u011f\u00fc ve \u015ferefi i\u00e7in verdi. Bug\u00fcn i\u015fgalciler taraf\u0131ndan askeri\u00a0\u00fcs kurulan\u00a0yerler d\u0131\u015f\u0131nda \u00c7e\u00e7enlerin \u00fclkelerinin neredeyse tamam\u0131 \u00fczerinde kontrol\u00fc elinde tuttu\u011funu g\u00f6r\u00fcyoruz.\u00a0\u00d6zg\u00fcrl\u00fck inanc\u0131na kar\u015f\u0131 koymak i\u00e7in Ruslar binlerce Rus yanl\u0131s\u0131 \u00c7e\u00e7eni silahland\u0131rd\u0131, neticede \u00c7e\u00e7enler tarihin hi\u00e7bir d\u00f6neminde olmad\u0131\u011f\u0131 kadar silahland\u0131r\u0131lm\u0131\u015f ve sava\u015f i\u00e7in e\u011fitilmi\u015f oldu. <\/span><\/p>\n<p style=\"text-align: justify;\"><span style=\"font-family: Verdana; color: #000000;\">H\u00fck\u00fcmetimizin \u00f6ncelikli olarak \u00fczerinde duraca\u011f\u0131 konu Rusya&#8217; y\u0131 bar\u0131\u015fa ikna etmek olacakt\u0131r. Bunun i\u00e7inde askeri ve politik metotlar\u0131m\u0131z\u0131 ekonomik eylemlerle birle\u015ftirece\u011fiz. Rusya ile bar\u0131\u015f\u0131n Rus halk\u0131n\u0131n iradesinin kar\u015f\u0131s\u0131nda yer alan totaliter rejimin de\u011fi\u015fmesinin ard\u0131ndan hemen ger\u00e7ekle\u015fece\u011fine inan\u0131yorum. Moskova&#8217; da, Kafkasya&#8217; daki sava\u015f\u0131n Rusya&#8217; n\u0131n uzun soluklu gelece\u011fe y\u00f6nelik\u00a0planlar\u0131nda bir yarar sa\u011flamayaca\u011f\u0131n\u0131 anlayabilen sa\u011fl\u0131kl\u0131 g\u00fc\u00e7ler bulunuyor.<\/span><\/p>\n<p style=\"text-align: justify;\"><span style=\"font-family: Verdana; color: #000000;\">Bizim milli birli\u011fimizi g\u00f6stermemiz, ayn\u0131 zamanda Rus-\u00c7e\u00e7en sava\u015f\u0131n\u0131n\u00a0h\u0131zl\u0131 bar\u0131\u015f\u00e7\u0131l \u00e7\u00f6z\u00fcm\u00fcn\u00fcn de anahtar\u0131 olacakt\u0131r. Su\u00e7lu Rus askerleri ile tek ba\u015f\u0131na kalan \u00c7e\u00e7enlerden bir\u00e7o\u011funun\u00a0kendisini ve ailesini korumak amac\u0131yla i\u015fgalcilerin zorbal\u0131klar\u0131na raz\u0131 olduklar\u0131n\u0131 g\u00f6stermek\u00a0zorunda kald\u0131\u011f\u0131 g\u00fcnler\u00a0geride kald\u0131. Her\u015feyi kendi ad\u0131yla adland\u0131rman\u0131n zaman\u0131 gelmi\u015ftir. H\u00fck\u00fcmetimiz \u00c7e\u00e7en toplumunun, elini kana bula\u015ft\u0131rmayan\u00a0her\u00a0kesimi ile geni\u015f kapsaml\u0131 bir diyalog y\u00fcr\u00fctmeyi\u00a0hedeflemektedir.<\/span><\/p>\n<p style=\"text-align: justify;\"><span style=\"font-family: Verdana; color: #000000;\">G\u00fc\u00e7 hareketlerinin yan\u0131 s\u0131ra bizlere y\u00f6nelik ideolojik sabotajlarda y\u00fcr\u00fct\u00fcld\u00fc. 27 Kas\u0131m 1990&#8242; da \u00c7e\u00e7en \u0130ngu\u015f \u00d6zerk Sovyet Sosyalist Cumhuriyeti\u00a0Y\u00fcksek Konseyi&#8217; nin \u00c7e\u00e7en \u0130ngu\u015f Cumhuriyeti&#8217; nin egemenli\u011fini ilan etmesinin ard\u0131ndan Rusya t\u00fcrl\u00fc bahanelerle bizleri\u00a0par\u00e7alad\u0131.\u00a0\u00d6nce \u0130ngu\u015flara Prigorodni b\u00f6lgesini geri verece\u011fi\u00a0vaatleri ile \u0130ngu\u015flar\u0131 bizlerden ay\u0131rd\u0131. Daha sonra\u00a0particiler\u00a0ve demokratlar yani Zavgaevciler ile Dudaevciler \u015feklinde\u00a0bir ayr\u0131\u015fma sa\u011fland\u0131. Benzeri ayr\u0131l\u0131klar i\u00e7erisinde\u00a0en a\u011f\u0131r olan\u0131 ise dini alanda\u00a0sa\u011flanan ayr\u0131\u015fma oldu. Kimi yerlerde S\u00fcnni ve \u015eiilerin kendi aralar\u0131nda sava\u015ft\u0131\u011f\u0131n\u0131 duymu\u015ftuk,\u00a0\u00a0bizlerin t\u00fcm\u00fc S\u00fcnni olmam\u0131za ra\u011fmen bizleri de b\u00f6ylesi bir \u015feyin i\u00e7ine ittiler. Bug\u00fcn herkes a\u00e7\u0131k\u00e7a g\u00f6rebiliyor ki, her iki taraf\u0131nda provokat\u00f6rleri ayn\u0131 merkezden tek bir ama\u00e7 i\u00e7in idare ediliyor. Rusya&#8217; n\u0131n\u00a0y\u00fczy\u0131llard\u0131r de\u011fi\u015fmeyen amac\u0131 \u00c7e\u00e7enlerin ba\u011f\u0131ms\u0131z bir millet olmas\u0131n\u0131 engellemek oldu.<\/span><\/p>\n<p style=\"text-align: justify;\"><span style=\"font-family: Verdana; color: #000000;\">Kadirovcu geleneksel \u0130slam ideolojisi ile Udugovcu \u0130slam d\u00fczeni e\u015fit \u015fekilde \u00c7e\u00e7en halk\u0131n\u0131n ayr\u0131\u015ft\u0131r\u0131lmas\u0131 i\u00e7in kullan\u0131l\u0131rken, \u00f6nceden tayin ve tespit edilen\u00a0her iki harekette\u00a0ba\u011f\u0131ms\u0131zl\u0131\u011fa kar\u015f\u0131yd\u0131.\u00a0Kadirov grubu ikinci sava\u015f\u0131n ba\u015f\u0131nda a\u00e7\u0131ld\u0131ysa da, Udugov karde\u015flerin &#8220;Emirlik&#8221; ismini ta\u015f\u0131yan yeni ayr\u0131\u015fma \u00f6rg\u00fct\u00fcn\u00fc kurarak \u00c7e\u00e7en silahl\u0131 direni\u015fini etkisiz hale getirmek \u015feklinde daha uzun soluklu bir g\u00f6revi vard\u0131. Ac\u0131 tecr\u00fcbelerimiz dini de\u011ferlerle manip\u00fclasyona izin verilemeyece\u011fini g\u00f6steriyor. Yeni h\u00fck\u00fcmetin en \u00f6nemli g\u00f6revlerinden birisi de, \u00c7e\u00e7en Cumhuriyeti \u0130chkeria Silahl\u0131 Kuvvetleri&#8217; ne ait g\u00fc\u00e7ler aras\u0131nda birli\u011fi korumak olacakt\u0131r.<\/span><\/p>\n<p style=\"text-align: justify;\"><span style=\"font-family: Verdana; color: #000000;\">Birinci Rus-\u00c7e\u00e7en sava\u015f\u0131nda edindi\u011fimiz tecr\u00fcbelerden \u00f6t\u00fcr\u00fc \u00e7ok iyi biliyoruz ki, bar\u0131\u015f d\u00f6nemine bar\u0131\u015f\u0131 elde etmeden \u00f6nce haz\u0131rl\u0131kl\u0131 olmal\u0131y\u0131z. H\u00fck\u00fcmetimiz sosyo-ekonomik yat\u0131r\u0131m geli\u015fimi programlar\u0131n\u0131n haz\u0131rlanmas\u0131na ciddi \u015fekilde a\u011f\u0131rl\u0131k verecektir. Bu nedenle de, \u00c7e\u00e7enlerin\u00a0ko\u015fullar\u0131na d\u00fcnyadaki en iyi sava\u015f sonras\u0131 dirili\u015f tecr\u00fcbeleri adapte edilecektir.<\/span><\/p>\n<p style=\"text-align: justify;\"><span style=\"font-family: Verdana; color: #000000;\">Sava\u015f sonras\u0131 toplumsal mutabakat\u0131n anahtar\u0131 olarak, \u00c7e\u00e7en Cumhuriyeti \u0130chkeria&#8217; n\u0131n\u00a0devlet y\u00f6netimini devam ettirecek\u00a0otoritelerin se\u00e7ilece\u011fi\u00a0ba\u011f\u0131ms\u0131z se\u00e7imleri \u00f6neriyoruz. \u00c7e\u00e7en halk\u0131 hakl\u0131 olarak, bizlerde hi\u00e7bir zaman k\u00f6lelik ya da aristokratik s\u0131n\u0131f\u0131n olmamas\u0131ndan yani toplumun bey ve hizmetli diye ayr\u0131lmamas\u0131ndan\u00a0\u00f6t\u00fcr\u00fc guru duyuyor. \u00c7e\u00e7en halk\u0131 y\u00fczy\u0131llar boyunca e\u015fit haklara sahip oldular ve yaln\u0131zca y\u00fcce Allah&#8217; \u0131n iktidar\u0131n\u0131 kabul etti. \u00c7e\u00e7enler ki\u015fisel \u00f6zg\u00fcrl\u00fcklerini korurken,\u00a0bir ba\u015fkas\u0131n\u0131n\u00a0\u00f6zg\u00fcrl\u00fcklerine de sayg\u0131 duydu ki bu durum her zaman gelenek ve g\u00f6reneklerimize yans\u0131m\u0131\u015ft\u0131r.<\/span><\/p>\n<p style=\"text-align: justify;\"><span style=\"font-family: Verdana; color: #000000;\">\u00c7e\u00e7en\u00a0halk\u0131 uluslararas\u0131 hukuk kaidelerine ve o d\u00f6nemde y\u00fcr\u00fcrl\u00fckte olan SSCB&#8217; nin yasal metinlerine uygun olarak ba\u011f\u0131ms\u0131zl\u0131\u011f\u0131n\u0131 yeniden elde etmi\u015ftir.\u00a0\u00c7e\u00e7en Cumhuriyeti, uluslararas\u0131 ili\u015fkilerde kendisini e\u015fit stat\u00fcde g\u00f6r\u00fcyor, Rusya&#8217; n\u0131n da i\u00e7inde oldu\u011fu kom\u015fular\u0131m\u0131z ile ise gelecekte bar\u0131\u015f ve kar\u015f\u0131l\u0131kl\u0131 i\u015fbirli\u011fini hedefliyoruz.<\/span><\/p>\n<p style=\"text-align: justify;\"><span style=\"font-family: Verdana; color: #000000;\">Evet, her\u015feye g\u00fcc\u00fc yeten Allah bizlere yard\u0131m etsin!<\/span><\/p>\n<p style=\"text-align: justify;\"><span style=\"font-family: Verdana; color: #000000;\"><strong>\u00c7e\u00e7en Cumhuriyeti \u0130chkeria H\u00fck\u00fcmeti Bakanlar Kurulu Ba\u015fkan\u0131<\/strong><\/span><\/p>\n<p style=\"text-align: justify;\"><span style=\"font-family: Verdana; color: #000000;\"><strong>Ahmad Zakaev<\/strong>&#8220;<\/span><\/p>\n","protected":false},"excerpt":{"rendered":"<p>\u00c7e\u00e7en Cumhuriyeti \u0130chkeria H\u00fck\u00fcmeti Bakanlar Kurulu Ba\u015fkan\u0131 Akhmad Zakaev, 30 Kas\u0131m 2007 tarihinde devlet haber ajans\u0131 Chechenpress vas\u0131tas\u0131 ile \u00c7e\u00e7en halk\u0131na birlik \u00e7aA\u011fr\u0131s\u0131nda bulunurken, yeni h\u00fck\u00fcmetin program\u0131 hakk\u0131nda da bilgi verdi.<\/p>\n","protected":false},"author":1,"featured_media":0,"comment_status":"closed","ping_status":"closed","sticky":false,"template":"","format":"standard","meta":{"ngg_post_thumbnail":0,"footnotes":""},"categories":[1],"tags":[],"views":2776,"_links":{"self":[{"href":"http:\/\/www.waynakh.com\/tr\/wp-json\/wp\/v2\/posts\/257"}],"collection":[{"href":"http:\/\/www.waynakh.com\/tr\/wp-json\/wp\/v2\/posts"}],"about":[{"href":"http:\/\/www.waynakh.com\/tr\/wp-json\/wp\/v2\/types\/post"}],"author":[{"embeddable":true,"href":"http:\/\/www.waynakh.com\/tr\/wp-json\/wp\/v2\/users\/1"}],"replies":[{"embeddable":true,"href":"http:\/\/www.waynakh.com\/tr\/wp-json\/wp\/v2\/comments?post=257"}],"version-history":[{"count":3,"href":"http:\/\/www.waynakh.com\/tr\/wp-json\/wp\/v2\/posts\/257\/revisions"}],"predecessor-version":[{"id":6058,"href":"http:\/\/www.waynakh.com\/tr\/wp-json\/wp\/v2\/posts\/257\/revisions\/6058"}],"wp:attachment":[{"href":"http:\/\/www.waynakh.com\/tr\/wp-json\/wp\/v2\/media?parent=257"}],"wp:term":[{"taxonomy":"category","embeddable":true,"href":"http:\/\/www.waynakh.com\/tr\/wp-json\/wp\/v2\/categories?post=257"},{"taxonomy":"post_tag","embeddable":true,"href":"http:\/\/www.waynakh.com\/tr\/wp-json\/wp\/v2\/tags?post=257"}],"curies":[{"name":"wp","href":"https:\/\/api.w.org\/{rel}","templated":true}]}}