{"id":30,"date":"2007-07-14T15:14:31","date_gmt":"2007-07-14T13:14:31","guid":{"rendered":"http:\/\/www.zelimhan.com\/?p=1218"},"modified":"2007-07-14T15:14:31","modified_gmt":"2007-07-14T13:14:31","slug":"gazprom-fransa-dedi","status":"publish","type":"post","link":"http:\/\/www.waynakh.com\/tr\/2007\/07\/gazprom-fransa-dedi\/","title":{"rendered":"Gazprom Fransa Dedi"},"content":{"rendered":"<p>Rusya&#8217; n\u0131n d\u00fcnya politikalar\u0131na y\u00f6n vermesini sa\u011flayan do\u011falgaz kart\u0131n\u0131n idarecisi konumundaki Gazprom \u015firketi deniz alt\u0131ndaki do\u011falgaz yataklar\u0131n\u0131 geli\u015ftirmek i\u00e7in Frans\u0131z Total \u015firketi ile anla\u015fmaya vard\u0131.<\/p>\n<div><span class=\"body\">Frans\u0131z Total \u015eirketi&#8217; nin, <span class=\"body\">Kuzey Buz Denizi&#8217; nin <\/span>Norve\u00e7 ile Rusya aras\u0131nda kalan b\u00f6l\u00fcm\u00fc olan Barents denizindeki ara\u015ft\u0131rmalar i\u00e7in Rus Gazprom \u015firketince kuraca\u011f\u0131 yeni \u015firkette y\u00fczde 25 hisseye sahip olaca\u011f\u0131 a\u00e7\u0131kland\u0131.<\/p>\n<p><\/span>Rus \u015firket Gazprom&#8217; dan yap\u0131lan a\u00e7\u0131klamaya g\u00f6re, projeye ba\u015fka yabanc\u0131 \u015firketlerin de kat\u0131lma ihtimali var ancak bu \u015firketteki hisseleri %51&#8242; den daha az orana inmeyecek.<\/div>\n<div><\/div>\n<div><span class=\"body\">\u015eirketin do\u011falgaz arayaca\u011f\u0131 Barents Denizi&#8217; ndeki \u201cShtokman\u201d ad\u0131 verilen b\u00f6lge d\u00fcnyan\u0131n en zengin do\u011fal gaz yataklar\u0131n\u0131n bulundu\u011fu yer olarak ifade ediliyor. Rus yetkililere g\u00f6re proje 2013 y\u0131l\u0131nda tamamlanacak ve b\u00f6lgeden y\u0131lda 24 milyar metre k\u00fcp do\u011falgaz \u00e7\u0131kar\u0131lacak. \u00dcretimin \u00f6nemli bir b\u00f6l\u00fcm\u00fc ise boru hatt\u0131yla Avrupa\u2019ya ve tankerlerle Amerika\u2019ya sevk edilecek.<\/p>\n<p>Bu anla\u015fma ile birlikte Fransa ve Rusya aras\u0131ndaki ili\u015fkilerin de daha s\u0131cak bir hale gelece\u011fi konu\u015fuluyor. Bu durum Sarkozy&#8217; nin se\u00e7ilmesinden sonra gelecekleri konusunda endi\u015feye kap\u0131lan \u00c7e\u00e7en m\u00fclteciler i\u00e7in ikinci k\u00f6t\u00fc haber oldu.<\/p>\n<p><\/span><\/div>\n","protected":false},"excerpt":{"rendered":"<p>Rusya&#8217; n\u0131n d\u00fcnya politikalar\u0131na y\u00f6n vermesini sa\u011flayan do\u011falgaz kart\u0131n\u0131n idarecisi konumundaki Gazprom \u015firketi deniz alt\u0131ndaki do\u011falgaz yataklar\u0131n\u0131 geli\u015ftirmek i\u00e7in Frans\u0131z Total \u015firketi ile anla\u015fmaya vard\u0131.<br \/>\nFrans\u0131z Total \u015eirketi&#8217; nin, Kuzey Buz Denizi&#8217; nin Norve\u00e7 ile Rusya &#8230;<\/p>\n","protected":false},"author":1,"featured_media":0,"comment_status":"open","ping_status":"open","sticky":false,"template":"","format":"standard","meta":{"ngg_post_thumbnail":0,"footnotes":""},"categories":[1],"tags":[],"views":3551,"_links":{"self":[{"href":"http:\/\/www.waynakh.com\/tr\/wp-json\/wp\/v2\/posts\/30"}],"collection":[{"href":"http:\/\/www.waynakh.com\/tr\/wp-json\/wp\/v2\/posts"}],"about":[{"href":"http:\/\/www.waynakh.com\/tr\/wp-json\/wp\/v2\/types\/post"}],"author":[{"embeddable":true,"href":"http:\/\/www.waynakh.com\/tr\/wp-json\/wp\/v2\/users\/1"}],"replies":[{"embeddable":true,"href":"http:\/\/www.waynakh.com\/tr\/wp-json\/wp\/v2\/comments?post=30"}],"version-history":[{"count":0,"href":"http:\/\/www.waynakh.com\/tr\/wp-json\/wp\/v2\/posts\/30\/revisions"}],"wp:attachment":[{"href":"http:\/\/www.waynakh.com\/tr\/wp-json\/wp\/v2\/media?parent=30"}],"wp:term":[{"taxonomy":"category","embeddable":true,"href":"http:\/\/www.waynakh.com\/tr\/wp-json\/wp\/v2\/categories?post=30"},{"taxonomy":"post_tag","embeddable":true,"href":"http:\/\/www.waynakh.com\/tr\/wp-json\/wp\/v2\/tags?post=30"}],"curies":[{"name":"wp","href":"https:\/\/api.w.org\/{rel}","templated":true}]}}