{"id":3082,"date":"2009-04-26T19:03:04","date_gmt":"2009-04-26T17:03:04","guid":{"rendered":"http:\/\/www.waynakh.com\/tr\/?p=3082"},"modified":"2009-04-26T19:03:04","modified_gmt":"2009-04-26T17:03:04","slug":"danimarkada-uluslararasi-kafkasya-konferansi","status":"publish","type":"post","link":"http:\/\/www.waynakh.com\/tr\/2009\/04\/danimarkada-uluslararasi-kafkasya-konferansi\/","title":{"rendered":"Danimarka&#8217;da Uluslararas\u0131 Kafkasya Konferans\u0131"},"content":{"rendered":"<p style=\"text-align: justify;\">25 Nisan 2009 Cumartesi g\u00fcn\u00fc Danimarka&#8217;n\u0131n Heerlen kentinde Ba\u011f\u0131ms\u0131z Kafkasya isimli olu\u015fum taraf\u0131ndan &#8220;D\u00fcnya haritas\u0131 \u00fczerine ba\u011f\u0131ms\u0131z ve demokratik bir Kafkasya bulmak m\u00fcmk\u00fcn m\u00fc?&#8221; konulu uluslararas\u0131 bir konferans organize edildi.<\/p>\n<p style=\"text-align: justify;\"><!--more--><\/p>\n<p style=\"text-align: justify;\">Bir s\u00fcre \u00f6nce Danimarka&#8217;daki \u00c7e\u00e7en, G\u00fcrc\u00fc ve Azeri diasporas\u0131 taraf\u0131ndan kurulan ve \u00e7e\u015fitli etkinlikler organize eden &#8220;Ba\u011f\u0131ms\u0131z Kafkasya&#8221; isimli bir olu\u015fum, bu kez uluslararas\u0131 bir konferans d\u00fczenlendi. Konferans\u0131n a\u00e7\u0131l\u0131\u015f konu\u015fmas\u0131n\u0131 Ba\u011f\u0131ms\u0131z Kafkasya Olu\u015fumu Ba\u015fkan\u0131 olan \u00c7e\u00e7en \u0130sa Munaev yapt\u0131. \u0130sa Munaev konu\u015fmas\u0131nda, art\u0131k Kafkasya halk\u0131n\u0131n gelecekleri konusundaki ger\u00e7ekleri ve Kafkas halklar\u0131n\u0131n ortak bir k\u00fclt\u00fcr ve tarihe sahip olduklar\u0131n\u0131 anlamaya ba\u015flad\u0131\u011f\u0131n\u0131 ifade ederek, bu durumun Avrupa&#8217;n\u0131n bir par\u00e7as\u0131 olan Kafkasya&#8217;da ba\u011f\u0131ms\u0131z, demokratik birle\u015fik Kafkasya idealinin hayata ge\u00e7mesi i\u00e7in olduk\u00e7a \u00f6nemli oldu\u011funa de\u011findi. Munaev konu\u015fmas\u0131n\u0131 bu hedefe ula\u015fmak amac\u0131yla t\u00fcm d\u00fcnyadaki demokratik hareketlerle i\u015fbirli\u011fi i\u00e7erisinde olacaklar\u0131n\u0131 belirterek bitirdi.<\/p>\n<p style=\"text-align: justify;\">Konferasa Avrupa&#8217;daki \u00c7e\u00e7enya, \u0130ngu\u015fetya, Da\u011f\u0131stan, G\u00fcrcistan ve Azerbaycan diasporas\u0131ndan temsilciler kat\u0131ld\u0131. Konferansta \u0130sa Munaev&#8217;in yan\u0131 s\u0131ra, tan\u0131nm\u0131\u015f Danimarkal\u0131 tarih\u00e7i ve Danimarka \u00c7e\u00e7enya Destek Komitesi lideri Thomas Bindesbal Larsen, Prof.Karl Erik Foverskov, Sovyetler d\u00f6nemi siyasi s\u0131\u011f\u0131nmac\u0131lardan Boris Vayl, Ukraynal\u0131 siyasi bilimler uzman\u0131 Vacheslav Krilenko konu\u015fmac\u0131 olarak yer ald\u0131. Ba\u011f\u0131ms\u0131z Kafkasya Olu\u015fumu&#8217;nun Ba\u015fkan Yard\u0131mc\u0131s\u0131 G\u00fcrc\u00fc <span>Rusudan Giorgberidze ve Ekaterina Bagdavadze, Azeri \u00fcyeleri temsilen Gulli Dzhanguriva ve \u00c7e\u00e7en \u00fcyelerden \u0130lyas Musayev&#8217; de birer konu\u015fma yapt\u0131.<\/span><\/p>\n<p style=\"text-align: justify;\"><span>Konu\u015fmalar\u0131n ard\u0131ndan G\u00fcrc\u00fc Nicholas Shengelaya taraf\u0131ndan \u00e7ekilen 19.yy&#8217;da Kafkas halklar\u0131n\u0131n maruz kald\u0131\u011f\u0131 s\u00fcrg\u00fcnleri anlatan &#8220;Elsa&#8221; isimli belgesel filmi g\u00f6sterilerek konferans bitirildi. <\/span>Konferansta sonu\u00e7 olarak <span>Rusya&#8217;n\u0131n Kafkasya&#8217;daki emperyal politikalar\u0131na kar\u015f\u0131 ba\u015far\u0131 elde edebilmek i\u00e7in g\u00fc\u00e7l\u00fc bir birliktelik olu\u015fturarak yo\u011fun bir \u00e7al\u0131\u015fma program\u0131 haz\u0131rlanmas\u0131 fikri kabul g\u00f6rd\u00fc.<\/span><\/p>\n","protected":false},"excerpt":{"rendered":"<p>25 Nisan 2009 Cumartesi g\u00fcn\u00fc Danimarka&#8217;n\u0131n Heerlen kentinde Ba\u011f\u0131ms\u0131z Kafkasya isimli olu\u015fum taraf\u0131ndan &#8220;D\u00fcnya haritas\u0131 \u00fczerine ba\u011f\u0131ms\u0131z ve demokratik bir Kafkasya bulmak m\u00fcmk\u00fcn m\u00fc?&#8221; konulu uluslararas\u0131 bir konferans organize edildi.<\/p>\n","protected":false},"author":1,"featured_media":0,"comment_status":"open","ping_status":"open","sticky":false,"template":"","format":"standard","meta":{"ngg_post_thumbnail":0,"footnotes":""},"categories":[1],"tags":[405,403,404,400,60,67,401,402,111,406],"views":3837,"_links":{"self":[{"href":"http:\/\/www.waynakh.com\/tr\/wp-json\/wp\/v2\/posts\/3082"}],"collection":[{"href":"http:\/\/www.waynakh.com\/tr\/wp-json\/wp\/v2\/posts"}],"about":[{"href":"http:\/\/www.waynakh.com\/tr\/wp-json\/wp\/v2\/types\/post"}],"author":[{"embeddable":true,"href":"http:\/\/www.waynakh.com\/tr\/wp-json\/wp\/v2\/users\/1"}],"replies":[{"embeddable":true,"href":"http:\/\/www.waynakh.com\/tr\/wp-json\/wp\/v2\/comments?post=3082"}],"version-history":[{"count":1,"href":"http:\/\/www.waynakh.com\/tr\/wp-json\/wp\/v2\/posts\/3082\/revisions"}],"predecessor-version":[{"id":3084,"href":"http:\/\/www.waynakh.com\/tr\/wp-json\/wp\/v2\/posts\/3082\/revisions\/3084"}],"wp:attachment":[{"href":"http:\/\/www.waynakh.com\/tr\/wp-json\/wp\/v2\/media?parent=3082"}],"wp:term":[{"taxonomy":"category","embeddable":true,"href":"http:\/\/www.waynakh.com\/tr\/wp-json\/wp\/v2\/categories?post=3082"},{"taxonomy":"post_tag","embeddable":true,"href":"http:\/\/www.waynakh.com\/tr\/wp-json\/wp\/v2\/tags?post=3082"}],"curies":[{"name":"wp","href":"https:\/\/api.w.org\/{rel}","templated":true}]}}