{"id":3085,"date":"2009-04-26T20:12:26","date_gmt":"2009-04-26T18:12:26","guid":{"rendered":"http:\/\/www.waynakh.com\/tr\/?p=3085"},"modified":"2009-04-26T20:16:47","modified_gmt":"2009-04-26T18:16:47","slug":"azerbaycandaki-cecen-multecilerden-avrupa-konseyine-basvuru","status":"publish","type":"post","link":"http:\/\/www.waynakh.com\/tr\/2009\/04\/azerbaycandaki-cecen-multecilerden-avrupa-konseyine-basvuru\/","title":{"rendered":"Azerbaycan&#8217;daki \u00c7e\u00e7en M\u00fcltecilerden Avrupa Konseyi&#8217;ne Ba\u015fvuru"},"content":{"rendered":"<p style=\"text-align: justify;\">Azerbaycan \u00c7e\u00e7en M\u00fclteciler Konseyi Ba\u015fkan\u0131 Ramzan Molaev, Avrupa Konseyi \u0130nsan Haklar\u0131 Komiseri Thomas Hammerberg&#8217;e yazd\u0131\u011f\u0131 bir dilek\u00e7e ile Azerbaycan&#8217;daki gayriinsani ko\u015fullar\u0131n d\u00fczeltimesi i\u00e7in yard\u0131m talep etti.<\/p>\n<p><!--more--><\/p>\n<p style=\"text-align: justify;\">Azerbaycan&#8217;daki \u00c7e\u00e7en M\u00fclteci Konseyi Ba\u015fkan\u0131 olarak Azerbaycan&#8217;daki t\u00fcm \u00c7e\u00e7en m\u00fclteciler ad\u0131na dilek\u00e7eyi g\u00f6nderen Ramzan Molayev, Azerbaycan&#8217;daki \u00c7e\u00e7en m\u00fcltecilerin durumunda m\u00fcltecilik stat\u00fcs\u00fc verilmesi ve m\u00fcltecilerin can g\u00fcvenliklerinin sa\u011flanmas\u0131 i\u00e7in t\u00fcm yasal yollar\u0131 t\u00fcketmi\u015f olmalar\u0131na ra\u011fmen herhangi bir geli\u015fme ya\u015fanmad\u0131\u011f\u0131n\u0131 vurgulayarak uluslararas\u0131 \u00f6rg\u00fctlerinde bu konuda Azerbaycan H\u00fck\u00fcmeti&#8217;ne ve Devlet Ba\u015fkan\u0131&#8217;na pek \u00e7ok kez ba\u015fvuruda bulundu\u011funu ancak onlar\u0131n da m\u00fcspet ya da menfi bir cevap alamad\u0131\u011f\u0131n\u0131 belirtti. Molayev, Azerbaycan&#8217;daki \u00c7e\u00e7en m\u00fcltecilerin ka\u00e7\u0131r\u0131lmalar\u0131, ortadan kaybolmalar\u0131 ve \u00f6ld\u00fcr\u00fclmeleri ile ilgili haz\u0131rlad\u0131klar\u0131 bir listeyi endi\u015felerinin hakl\u0131 arg\u00fcman\u0131 olarak \u00e7e\u015fitli zamanlarda ilgili makamlara sunduklar\u0131n\u0131 ancak her ba\u015fvurular\u0131ndan sonra m\u00fcltecilerin ko\u015fullar\u0131n\u0131n gittik\u00e7e daha da k\u00f6t\u00fcle\u015fti\u011fine dikkat \u00e7ekti.<\/p>\n<p style=\"text-align: justify;\">Ramzan Molayev, Azerbaycan y\u00f6netiminin hem uluslararas\u0131 hukuk kurallar\u0131n\u0131 hem de Azerbaycan yasalar\u0131n\u0131 ihlal etti\u011fine de\u011finirken, Azerbaycan&#8217;daki Birle\u015fmi\u015f Milletler M\u00fclteciler Y\u00fcksek Komiserli\u011fi&#8217;ni (BMMYK) de \u00c7e\u00e7en m\u00fcltecilerin Rusya&#8217;ya iade edilerek \u00f6l\u00fcm kamplar\u0131na g\u00f6nderilmesine g\u00f6z yumdu\u011fu i\u00e7in ele\u015ftirdi. Molayev, BMMYK&#8217; nin kurulu\u015f amac\u0131n\u0131n m\u00fcltecilere hukuksal ve ya\u015famsal alanlarda yard\u0131m ederek ihtiya\u00e7lar\u0131n\u0131 gidermek oldu\u011funa de\u011findi ancak \u00f6rg\u00fct\u00fcn bu hedeflerinin ancak bir hayal olarak kald\u0131\u011f\u0131n\u0131 vurgulad\u0131.<\/p>\n<p style=\"text-align: justify;\">BMMYK&#8217;nin ve yerel y\u00f6neticilerin \u00c7e\u00e7en m\u00fcltecilerin \u00c7e\u00e7enya&#8217;ya geri d\u00f6nmesi i\u00e7in de u\u011fra\u015f verdi\u011fine dikkat \u00e7eken Ramzan Molayev, bu durumun kabul edilemez oldu\u011funu ifade etti. Molayev, \u00c7e\u00e7en m\u00fcltecilerin Azerbaycan&#8217;dan ayr\u0131lmas\u0131n\u0131 sa\u011flamak i\u00e7in Danimarkal\u0131 bir kurulu\u015f taraf\u0131ndan yap\u0131lan d\u00fczenli yard\u0131mlar\u0131n azalt\u0131ld\u0131\u011f\u0131na dikkat \u00e7ekti. Ve ayr\u0131ca \u00c7e\u00e7en Cumhuriyeti \u0130\u00e7kerya&#8217;n\u0131n Azerbaycan&#8217;\u0131 her zaman dost olarak g\u00f6rmesine ve ihtiya\u00e7 duyuldu\u011funda elinden gelen deste\u011fi sunmas\u0131na ra\u011fmen, Azerbaycan&#8217;da olduklar\u0131 10 y\u0131l boyunca \u00c7e\u00e7en m\u00fcltecilerin \u015fartlar\u0131n\u0131n hep daha k\u00f6t\u00fcye gitti\u011fini ifade etti.<\/p>\n<p style=\"text-align: justify;\">Ramzan Molayev, ge\u00e7ti\u011fimiz g\u00fcnlerde G\u00fcrcistan&#8217;\u0131n \u00c7e\u00e7en m\u00fcltecilere seyahat belgesi tanzim etmesini ve oradaki hayat \u015fartlar\u0131n\u0131 iyile\u015ftirmesini \u00f6rnek g\u00f6sterdi ve i\u00e7inde bulunduklar\u0131 durumun ancak b\u00f6yle bir \u00e7al\u0131\u015fmayla d\u00fczelebilece\u011fini vurgulad\u0131 ve G\u00fcrcistan&#8217;daki bu g\u00fczel \u00f6rne\u011fin ba\u015fka \u00fclkelerde de yayg\u0131nla\u015ft\u0131r\u0131lmas\u0131 i\u00e7in Thomas Hammerberg&#8217;in yard\u0131mlar\u0131n\u0131 isteyerek s\u00f6zlerine son verdi.<\/p>\n<p><span style=\"text-decoration: underline;\"><strong>Konuyla ilgili olarak Thomas Hammerberg&#8217;e ula\u015fmak isteyenler i\u00e7in gerekli ileti\u015fim bilgileri:<\/strong><\/span><\/p>\n<p>Avrupa Konseyi \u0130nsan Haklar\u0131 Komiseri<\/p>\n<p>Thomas Hammerberg<\/p>\n<p>Council of Europe<\/p>\n<p>F-67065 Strasbourg\/Fransa<\/p>\n<p><strong>E-posta:<\/strong> commissionerHR.communication@coe.int<\/p>\n<p>pressunit@coe.int<\/p>\n<p><strong>Tel:<\/strong> +33 (0)3 88 41 25 60<\/p>\n<p><strong>Fax:<\/strong> +33 (0)3 88 41 39 11<\/p>\n","protected":false},"excerpt":{"rendered":"<p>Azerbaycan \u00c7e\u00e7en M\u00fclteciler Konseyi Ba\u015fkan\u0131 Ramzan Molaev, Avrupa Konseyi \u0130nsan Haklar\u0131 Komiseri Thomas Hammerberg&#8217;e yazd\u0131\u011f\u0131 bir dilek\u00e7e ile Azerbaycan&#8217;daki gayriinsani ko\u015fullar\u0131n d\u00fczeltimesi i\u00e7in yard\u0131m talep etti.<\/p>\n","protected":false},"author":1,"featured_media":0,"comment_status":"open","ping_status":"open","sticky":false,"template":"","format":"standard","meta":{"ngg_post_thumbnail":0,"footnotes":""},"categories":[1],"tags":[25,35,407,408],"views":4493,"_links":{"self":[{"href":"http:\/\/www.waynakh.com\/tr\/wp-json\/wp\/v2\/posts\/3085"}],"collection":[{"href":"http:\/\/www.waynakh.com\/tr\/wp-json\/wp\/v2\/posts"}],"about":[{"href":"http:\/\/www.waynakh.com\/tr\/wp-json\/wp\/v2\/types\/post"}],"author":[{"embeddable":true,"href":"http:\/\/www.waynakh.com\/tr\/wp-json\/wp\/v2\/users\/1"}],"replies":[{"embeddable":true,"href":"http:\/\/www.waynakh.com\/tr\/wp-json\/wp\/v2\/comments?post=3085"}],"version-history":[{"count":2,"href":"http:\/\/www.waynakh.com\/tr\/wp-json\/wp\/v2\/posts\/3085\/revisions"}],"predecessor-version":[{"id":3088,"href":"http:\/\/www.waynakh.com\/tr\/wp-json\/wp\/v2\/posts\/3085\/revisions\/3088"}],"wp:attachment":[{"href":"http:\/\/www.waynakh.com\/tr\/wp-json\/wp\/v2\/media?parent=3085"}],"wp:term":[{"taxonomy":"category","embeddable":true,"href":"http:\/\/www.waynakh.com\/tr\/wp-json\/wp\/v2\/categories?post=3085"},{"taxonomy":"post_tag","embeddable":true,"href":"http:\/\/www.waynakh.com\/tr\/wp-json\/wp\/v2\/tags?post=3085"}],"curies":[{"name":"wp","href":"https:\/\/api.w.org\/{rel}","templated":true}]}}