{"id":318,"date":"2008-01-09T14:33:41","date_gmt":"2008-01-09T12:33:41","guid":{"rendered":"http:\/\/www.zelimhan.com\/?p=1972"},"modified":"2009-10-20T19:59:23","modified_gmt":"2009-10-20T16:59:23","slug":"zakaev-den-saakashvili-ye-tebrik-mesaji","status":"publish","type":"post","link":"http:\/\/www.waynakh.com\/tr\/2008\/01\/zakaev-den-saakashvili-ye-tebrik-mesaji\/","title":{"rendered":"Zakaev&#8217; den Saakashvili&#8217; ye Tebrik Mesaj\u0131"},"content":{"rendered":"<p>\u00c7e\u00e7en Cumhuriyeti \u0130\u00e7kerya eski D\u0131\u015fi\u015fleri Bakan\u0131 Akhmad Zakaev, G\u00fcrcistan&#8217; da\u00a05 Ocak&#8217;\u00a0ta\u00a0yap\u0131lan Devlet Ba\u015fkanl\u0131\u011f\u0131 se\u00e7iminden zaferle ayr\u0131lan Mikail Sakaashvili&#8217; ye bir tebrik mesaj\u0131 g\u00f6nderdi.<!--more--><\/p>\n<p align=\"justify\">\n<p align=\"justify\"><strong><span style=\"text-decoration: underline;\">Akhmad Zakaev taraf\u0131ndan g\u00f6nderilen tebrik mesaj\u0131n\u0131n tamam\u0131:<\/span><\/strong><\/p>\n<p align=\"justify\"><strong>G\u00fcrcistan Cumhuriyeti Devlet Ba\u015fkan\u0131<\/strong><\/p>\n<p align=\"justify\"><strong>Bay Mikail Saakashvili<\/strong><\/p>\n<p align=\"justify\">\n<p align=\"justify\">Say\u0131n Bay Ba\u015fkan,<\/p>\n<p align=\"justify\">Uluslararas\u0131 g\u00f6zlemcilerce takdir edilen\u00a0\u00fclkenizdeki Ba\u015fkanl\u0131k Se\u00e7imi, \u00c7e\u00e7en y\u00f6netimi taraf\u0131ndan b\u00fcy\u00fck memnuniyetle kar\u015f\u0131lanm\u0131\u015ft\u0131r.<\/p>\n<p align=\"justify\">\u00dclkelerimizden birisinde meydana gelen sosyopolitik ortam her zaman bir di\u011ferine yans\u0131d\u0131. \u00d6zellikle, 19.yy hat\u0131rlarsak, \u00c7e\u00e7enya&#8217; n\u0131n\u00a0zaferi, ancak\u00a0G\u00fcrcistan Rusya&#8217; dan ayr\u0131larak ba\u011f\u0131ms\u0131zl\u0131\u011f\u0131n\u0131 ilan etti\u011finde ger\u00e7ekle\u015fmi\u015ftir. Bu nedenle, \u00c7e\u00e7enler, \u00f6zg\u00fcr ve demokratik bir G\u00fcrcistan&#8217; \u0131,\u00a0Rus i\u015fgaline kar\u015f\u0131 verilen \u00f6zg\u00fcrl\u00fck\u00a0m\u00fccadelesinin bir zaferi olarak\u00a0alg\u0131lam\u0131\u015flard\u0131r.<\/p>\n<p align=\"justify\">\u015eahs\u0131n\u0131zda t\u00fcm\u00a0G\u00fcrc\u00fc halk\u0131na birlik ve refah dilemekteyim.<\/p>\n<p align=\"justify\">Sayg\u0131lar<\/p>\n<p align=\"justify\"><strong>Akhmad\u00a0Zakaev<\/strong><\/p>\n","protected":false},"excerpt":{"rendered":"<p>\u00c7e\u00e7en Cumhuriyeti \u0130\u00e7kerya eski D\u0131\u015fi\u015fleri Bakan\u0131 Akhmad Zakaev, G\u00fcrcistan&#8217; da\u00a05 Ocak&#8217;\u00a0ta\u00a0yap\u0131lan Devlet Ba\u015fkanl\u0131\u011f\u0131 se\u00e7iminden zaferle ayr\u0131lan Mikail Sakaashvili&#8217; ye bir tebrik mesaj\u0131 g\u00f6nderdi.<\/p>\n","protected":false},"author":1,"featured_media":0,"comment_status":"open","ping_status":"open","sticky":false,"template":"","format":"standard","meta":{"ngg_post_thumbnail":0,"footnotes":""},"categories":[1],"tags":[],"views":3651,"_links":{"self":[{"href":"http:\/\/www.waynakh.com\/tr\/wp-json\/wp\/v2\/posts\/318"}],"collection":[{"href":"http:\/\/www.waynakh.com\/tr\/wp-json\/wp\/v2\/posts"}],"about":[{"href":"http:\/\/www.waynakh.com\/tr\/wp-json\/wp\/v2\/types\/post"}],"author":[{"embeddable":true,"href":"http:\/\/www.waynakh.com\/tr\/wp-json\/wp\/v2\/users\/1"}],"replies":[{"embeddable":true,"href":"http:\/\/www.waynakh.com\/tr\/wp-json\/wp\/v2\/comments?post=318"}],"version-history":[{"count":2,"href":"http:\/\/www.waynakh.com\/tr\/wp-json\/wp\/v2\/posts\/318\/revisions"}],"predecessor-version":[{"id":6037,"href":"http:\/\/www.waynakh.com\/tr\/wp-json\/wp\/v2\/posts\/318\/revisions\/6037"}],"wp:attachment":[{"href":"http:\/\/www.waynakh.com\/tr\/wp-json\/wp\/v2\/media?parent=318"}],"wp:term":[{"taxonomy":"category","embeddable":true,"href":"http:\/\/www.waynakh.com\/tr\/wp-json\/wp\/v2\/categories?post=318"},{"taxonomy":"post_tag","embeddable":true,"href":"http:\/\/www.waynakh.com\/tr\/wp-json\/wp\/v2\/tags?post=318"}],"curies":[{"name":"wp","href":"https:\/\/api.w.org\/{rel}","templated":true}]}}