{"id":3881,"date":"2009-06-02T15:31:35","date_gmt":"2009-06-02T12:31:35","guid":{"rendered":"http:\/\/www.waynakh.com\/tr\/?p=3881"},"modified":"2009-06-02T15:31:35","modified_gmt":"2009-06-02T12:31:35","slug":"istanbul-belgesel-gunleri-basladi","status":"publish","type":"post","link":"http:\/\/www.waynakh.com\/tr\/2009\/06\/istanbul-belgesel-gunleri-basladi\/","title":{"rendered":"\u0130stanbul Belgesel G\u00fcnleri Ba\u015flad\u0131"},"content":{"rendered":"<p style=\"text-align: justify;\">2-7 Haziran 2009 tarihleri aras\u0131nda izleyicilerle bulu\u015facak olan Documentarist 2009 isimli \u0130stanbul Belgesel G\u00fcnleri bug\u00fcn ba\u015flad\u0131. Festival kapsam\u0131nda Melankoli&#8217;nin \u00dc\u00e7 Odas\u0131 ve Grozny R\u00fcyas\u0131 isimli \u00c7e\u00e7enlerle ilgili belgesellerin de g\u00f6sterimi yap\u0131lacak.<!--more--><\/p>\n<p style=\"text-align: justify;\">Documentarist, bir grup ba\u011f\u0131ms\u0131z belgeselcinin inisiyatifiyle Avrasya Sanat Kolektifi \u00e7at\u0131s\u0131 alt\u0131nda ger\u00e7ekle\u015ftirilen bir etkinlik. Bu y\u0131l 2-7 Haziran 2009 tarihleri aras\u0131nda d\u00fczenlenen festivalin organizat\u00f6rleri ama\u00e7lar\u0131n\u0131, <span class=\"bodyText\">belgeselin, sosyal bir sorumluluk alan\u0131 oldu\u011fu kadar sinemasal bir yarat\u0131m arac\u0131 oldu\u011funa inand\u0131klar\u0131n\u0131, d\u00fcnyan\u0131n her k\u00f6\u015fesinde benzer bir kayg\u0131yla hareket eden belgeselcilerin i\u015flerini merak ettiklerini ve bu \u00fcr\u00fcnleri T\u00fcrkiye&#8217;deki belgesel merakl\u0131lar\u0131yla da payla\u015fmay\u0131 istemeleri olarak ifade ediyorlar.<\/span><\/p>\n<p style=\"text-align: justify;\">Festivalde yer alan Melankoli&#8217;nin \u00dc\u00e7 Odas\u0131 isimli film, 3 Haziran 2009 \u00c7ar\u015famba g\u00fcn\u00fc Tar\u0131k Zafer Tuna K\u00fclt\u00fcr Merkezi&#8217;nde saat 14.00&#8217;de, 4 Haziran 2009 Per\u015fembe g\u00fcn\u00fc Frans\u0131z K\u00fclt\u00fcr Merkezi&#8217;nde saat 16.00&#8217;da ve 7 Haziran 2009 Pazar g\u00fcn\u00fc Goethe Institut Istanbul&#8217;da saat 18.00&#8217;de izlenilebilir.<\/p>\n<p style=\"text-align: justify;\">Grozny R\u00fcyas\u0131 isimli belgesel film ise, 3 Haziran 2009 \u00c7ar\u015famba g\u00fcn\u00fc Tar\u0131k Zafer Tuna K\u00fclt\u00fcr Merkezi&#8217;nde saat 16.00&#8217;da, 5 Haziran 2009 Per\u015fembe g\u00fcn\u00fc\u00a0 Tar\u0131k Zafer Tuna K\u00fclt\u00fcr Merkezi&#8217;nde saat 20.00&#8217;de ve 7 Haziran 2009 Pazar g\u00fcn\u00fc Goethe Institut Istanbul&#8217;da saat 20.00&#8217;de izlenilebilir.<\/p>\n<p style=\"text-align: justify;\"><img loading=\"lazy\" decoding=\"async\" class=\"alignnone size-full wp-image-3883\" title=\"three-rooms-of-melancholia\" src=\"http:\/\/www.waynakh.com\/tr\/wp-content\/uploads\/2009\/06\/three-rooms-of-melancholia.jpg\" alt=\"three-rooms-of-melancholia\" width=\"144\" height=\"200\" \/><\/p>\n<p style=\"text-align: justify;\"><span style=\"text-decoration: underline;\"><strong>Melankoli&#8217;nin \u00dc\u00e7 Odas\u0131 (Three Rooms of Melancholia)<\/strong><\/span><\/p>\n<p style=\"text-align: justify;\">2004 y\u0131l\u0131 Finlandiya yap\u0131m\u0131 olan 104 dakikal\u0131k belgeselin y\u00f6netmeni Finlandiyal\u0131 Pirjo Honkasala. Belgesel, \u00c7e\u00e7enistan ve \u0130ngu\u015fya\u2019daki, kendisini anneleri olarak kendisini adad\u0131\u011f\u0131 63 yetimi i\u00e7ine alan Hadizhat Gataeva\u2019n\u0131n ailesindeki \u00c7e\u00e7en \u00e7ocuklar\u0131 anlat\u0131yor. Hadizhat, \u00e7ocuklar\u0131, y\u0131k\u0131ma u\u011fram\u0131\u015f Grozny\u2019den getirmi\u015f. Hemen hepsinin ebeveynleri Ruslar taraf\u0131ndan \u00f6ld\u00fcr\u00fclm\u00fc\u015f. D\u00fc\u015fman\u0131n simgeleri, her iki tarafa da ac\u0131mas\u0131zca aktar\u0131lmaktad\u0131r.<\/p>\n<p style=\"text-align: justify;\"><img loading=\"lazy\" decoding=\"async\" class=\"size-full wp-image-3882 alignnone\" title=\"grozny-dreaming\" src=\"http:\/\/www.waynakh.com\/tr\/wp-content\/uploads\/2009\/06\/grozny-dreaming.jpg\" alt=\"grozny-dreaming\" width=\"180\" height=\"122\" \/><\/p>\n<p style=\"text-align: justify;\"><span style=\"text-decoration: underline;\"><strong>Grozny R\u00fcyas\u0131 (Grozny Dreaming)<\/strong><\/span><\/p>\n<p style=\"text-align: justify;\">2008 y\u0131l\u0131 \u0130svi\u00e7re yap\u0131m\u0131 olan 95 dakikal\u0131k belgeselin y\u00f6netmenleri \u0130sve\u00e7li Mario Casella ve Fulvio Mariani. Belgesel, 2005 y\u0131l\u0131nda Alman orkestra \u015fefi Uwe Berkemer liderli\u011finde Kafkasya&#8217;n\u0131n de\u011fi\u015fik yerlerinden sanat\u00e7\u0131lar\u0131n kat\u0131l\u0131m\u0131yla G\u00fcrcistan&#8217;da kurulan Caucassian Chamber isimli bir orkestran\u0131n yapt\u0131\u011f\u0131 turu anlat\u0131yor. Ekibin r\u00fcyas\u0131 \u00c7e\u00e7enya&#8217;\u0131nn ba\u015fkenti Grozny&#8217;de bir konser vermek. Film sanat\u00e7\u0131lar\u0131n \u00e7\u0131kt\u0131klar\u0131 bu yolculuktaki g\u00fcnl\u00fc\u011f\u00fc olarak nitelendirilebilir, kar\u015f\u0131\u015falt\u0131klar\u0131 engeller, konuk olduklar\u0131 evlerde dinledikleri hikayeler ile ilgi \u00e7ekici bir belgesel.<\/p>\n","protected":false},"excerpt":{"rendered":"<p>2-7 Haziran 2009 tarihleri aras\u0131nda izleyicilerle bulu\u015facak olan Documentarist 2009 isimli \u0130stanbul Belgesel G\u00fcnleri bug\u00fcn ba\u015flad\u0131. Festival kapsam\u0131nda Melankoli&#8217;nin \u00dc\u00e7 Odas\u0131 ve Grozny R\u00fcyas\u0131 isimli \u00c7e\u00e7enlerle ilgili belgesellerin de g\u00f6sterimi yap\u0131lacak.<\/p>\n","protected":false},"author":3,"featured_media":0,"comment_status":"open","ping_status":"open","sticky":false,"template":"","format":"standard","meta":{"ngg_post_thumbnail":0,"footnotes":""},"categories":[1],"tags":[662,661,660],"views":5474,"_links":{"self":[{"href":"http:\/\/www.waynakh.com\/tr\/wp-json\/wp\/v2\/posts\/3881"}],"collection":[{"href":"http:\/\/www.waynakh.com\/tr\/wp-json\/wp\/v2\/posts"}],"about":[{"href":"http:\/\/www.waynakh.com\/tr\/wp-json\/wp\/v2\/types\/post"}],"author":[{"embeddable":true,"href":"http:\/\/www.waynakh.com\/tr\/wp-json\/wp\/v2\/users\/3"}],"replies":[{"embeddable":true,"href":"http:\/\/www.waynakh.com\/tr\/wp-json\/wp\/v2\/comments?post=3881"}],"version-history":[{"count":1,"href":"http:\/\/www.waynakh.com\/tr\/wp-json\/wp\/v2\/posts\/3881\/revisions"}],"predecessor-version":[{"id":3885,"href":"http:\/\/www.waynakh.com\/tr\/wp-json\/wp\/v2\/posts\/3881\/revisions\/3885"}],"wp:attachment":[{"href":"http:\/\/www.waynakh.com\/tr\/wp-json\/wp\/v2\/media?parent=3881"}],"wp:term":[{"taxonomy":"category","embeddable":true,"href":"http:\/\/www.waynakh.com\/tr\/wp-json\/wp\/v2\/categories?post=3881"},{"taxonomy":"post_tag","embeddable":true,"href":"http:\/\/www.waynakh.com\/tr\/wp-json\/wp\/v2\/tags?post=3881"}],"curies":[{"name":"wp","href":"https:\/\/api.w.org\/{rel}","templated":true}]}}