{"id":3886,"date":"2009-06-02T18:29:22","date_gmt":"2009-06-02T15:29:22","guid":{"rendered":"http:\/\/www.waynakh.com\/tr\/?p=3886"},"modified":"2009-06-02T18:29:22","modified_gmt":"2009-06-02T15:29:22","slug":"multeci-merkezindeki-cecen-cocuklarin-yuzu-guldu","status":"publish","type":"post","link":"http:\/\/www.waynakh.com\/tr\/2009\/06\/multeci-merkezindeki-cecen-cocuklarin-yuzu-guldu\/","title":{"rendered":"M\u00fclteci Merkezindeki \u00c7e\u00e7en \u00c7ocuklar\u0131n Y\u00fcz\u00fc G\u00fcld\u00fc"},"content":{"rendered":"<p style=\"text-align: justify;\">Polonya&#8217;n\u0131n g\u00fcneybat\u0131s\u0131ndaki Siedlec kentinde bulunan Lukowie m\u00fclteci merkezinde 1 Haziran D\u00fcnya \u00c7ocuk G\u00fcn\u00fc nedeniyle d\u00fczenlenen etkinlikte sava\u015f\u0131n masum kurbanlar\u0131 \u00e7ocuklar e\u011flenceli dakikalar ge\u00e7irdi.<!--more--><\/p>\n<p style=\"text-align: justify;\">Polonya&#8217;n\u0131n b\u00f6lgesel gazetelerinden birisi olan Tygodnik Siedlecki&#8217;nin haberine g\u00f6re, Siedlec, Sokolowa ve Var\u015fova&#8217;dan \u00e7e\u015fitli kurumlar\u0131n kat\u0131l\u0131m\u0131 ile Lukowie m\u00fclteci merkezinde kalmakta olan \u00c7e\u00e7en \u00e7ocuklar 1 Haziran 2009 Pazartesi g\u00fcn\u00fc hem misafirlerini a\u011f\u0131rlad\u0131 hem de kendilerine getirilen hediyelerle mutlu oldu.<\/p>\n<p style=\"text-align: justify;\">D\u00fcnya \u00c7ocuk G\u00fcn\u00fc nedeniyle Gazete Podlaskie Vakf\u0131,\u00a0 Polonya \u00c7e\u00e7enya Komitesi, Siedlice Ba\u011f\u0131ms\u0131zl\u0131k Derne\u011fi&#8217;nce organize edilen mini etkinli\u011fe Siedlec Valisi ve 6 numaral\u0131 yerel liseden \u00f6\u011frenciler hediyeleri ve \u015fekerleri ile kat\u0131ld\u0131.<\/p>\n<p style=\"text-align: justify;\">Podlaskie Gazetesi Vakf\u0131 temsilcilerinden Tomasz Olko, \u00c7e\u00e7enya&#8217;da ya\u015fanan zul\u00fcm ve soyk\u0131r\u0131m\u0131 anlatmakta zorland\u0131\u011f\u0131n\u0131, bu m\u00fclteci merkezinde ya\u015fayan \u00c7e\u00e7en ailelerin ve \u00e7ocuklar\u0131n bir g\u00fcnl\u00fc\u011f\u00fcne bile olsa ya\u015fad\u0131klar\u0131 ac\u0131 hat\u0131ralardan uzakla\u015ft\u0131rabilmenin \u00f6nemli oldu\u011funu ifade etti.<\/p>\n","protected":false},"excerpt":{"rendered":"<p>Polonya&#8217;n\u0131n g\u00fcneybat\u0131s\u0131ndaki Siedlec kentinde bulunan Lukowie m\u00fclteci merkezinde 1 Haziran D\u00fcnya \u00c7ocuk G\u00fcn\u00fc nedeniyle d\u00fczenlenen etkinlikte sava\u015f\u0131n masum kurbanlar\u0131 \u00e7ocuklar e\u011flenceli dakikalar ge\u00e7irdi.<\/p>\n","protected":false},"author":3,"featured_media":0,"comment_status":"open","ping_status":"open","sticky":false,"template":"","format":"standard","meta":{"ngg_post_thumbnail":0,"footnotes":""},"categories":[1],"tags":[663],"views":3745,"_links":{"self":[{"href":"http:\/\/www.waynakh.com\/tr\/wp-json\/wp\/v2\/posts\/3886"}],"collection":[{"href":"http:\/\/www.waynakh.com\/tr\/wp-json\/wp\/v2\/posts"}],"about":[{"href":"http:\/\/www.waynakh.com\/tr\/wp-json\/wp\/v2\/types\/post"}],"author":[{"embeddable":true,"href":"http:\/\/www.waynakh.com\/tr\/wp-json\/wp\/v2\/users\/3"}],"replies":[{"embeddable":true,"href":"http:\/\/www.waynakh.com\/tr\/wp-json\/wp\/v2\/comments?post=3886"}],"version-history":[{"count":1,"href":"http:\/\/www.waynakh.com\/tr\/wp-json\/wp\/v2\/posts\/3886\/revisions"}],"predecessor-version":[{"id":3888,"href":"http:\/\/www.waynakh.com\/tr\/wp-json\/wp\/v2\/posts\/3886\/revisions\/3888"}],"wp:attachment":[{"href":"http:\/\/www.waynakh.com\/tr\/wp-json\/wp\/v2\/media?parent=3886"}],"wp:term":[{"taxonomy":"category","embeddable":true,"href":"http:\/\/www.waynakh.com\/tr\/wp-json\/wp\/v2\/categories?post=3886"},{"taxonomy":"post_tag","embeddable":true,"href":"http:\/\/www.waynakh.com\/tr\/wp-json\/wp\/v2\/tags?post=3886"}],"curies":[{"name":"wp","href":"https:\/\/api.w.org\/{rel}","templated":true}]}}