{"id":415,"date":"2008-03-02T15:09:03","date_gmt":"2008-03-02T13:09:03","guid":{"rendered":"http:\/\/www.zelimhan.com\/?p=1616"},"modified":"2008-03-02T15:09:03","modified_gmt":"2008-03-02T13:09:03","slug":"anavatan-savunucularinin-gunu","status":"publish","type":"post","link":"http:\/\/www.waynakh.com\/tr\/2008\/03\/anavatan-savunucularinin-gunu\/","title":{"rendered":"Anavatan Savunucular\u0131n\u0131n G\u00fcn\u00fc"},"content":{"rendered":"<p>23 \u015eubat 2008 Cumartesi g\u00fcn\u00fc \u0130talyan Radikal Parti taraf\u0131ndan organize edilen &#8220;\u00c7e\u00e7enya: S\u00fcregelen Soyk\u0131r\u0131m&#8221; isimli konferans\u0131n konu\u015fmac\u0131lar\u0131ndan olan muhalif \u0130talyan gazeteci Andrea Riscassi Waynakh.com i\u00e7in bu konferans ile ilgili bir makale kaleme ald\u0131.<\/p>\n<p align=\"center\"><strong>Anavatan Savunucular\u0131n\u0131n G\u00fcn\u00fc<\/strong><\/p>\n<p align=\"justify\">Tarihler ve tatiller Do\u011fu Avrupa \u00fclkelerinde Bat\u0131 \u00fclkelerinden daha \u00f6nemlidir, t\u0131pk\u0131 &#8220;\u00c7e\u00e7enya bir soyk\u0131r\u0131md\u0131r!&#8221; denilen Torino&#8217; daki konferans\u0131n d\u00fczenlendi\u011fi 23 \u015eubat g\u00fcn\u00fc gibi.<\/p>\n<p align=\"justify\">\u0130lk kez \u00e7ok say\u0131da \u0130talyan \u00f6\u011frenci, \u00c7e\u00e7enlerin\u00a0s\u00fcrg\u00fcnlerinin tarihini\u00a0ve Ruslara kar\u015f\u0131 verdi\u011fi iki sava\u015f gibi\u00a0kitaplarda yaz\u0131lmayan bilgileri \u00f6\u011frendi.<\/p>\n<p align=\"justify\">Anlaml\u0131 tarihler hakk\u0131nda konu\u015fuldu: T\u00fcm \u00c7e\u00e7en halk\u0131n\u0131n Rus askerleri taraf\u0131ndan Sibirya ve Kazakistan&#8217; a g\u00f6nderildi\u011fi ve ancak yar\u0131s\u0131n\u0131n evine geri d\u00f6nebildi\u011fi 23 \u015eubat 1944&#8242; te ya\u015fanan bug\u00fcne kadar ki en b\u00fcy\u00fck kitlesel s\u00fcrg\u00fcn.<\/p>\n<p align=\"justify\">23 \u015eubat Rusya&#8217; da ulusal tatil g\u00fcn\u00fcd\u00fcr, Yuri Andropov (eski SSCB lideri)\u00a0y\u00f6netiminde K\u0131z\u0131l Ordu G\u00fcn\u00fc&#8217; yd\u00fc, \u015fimdilerde ise Anavatan Savunucular\u0131n\u0131n G\u00fcn\u00fc.<\/p>\n<p align=\"justify\">Ne Sovyetler Birli\u011fi zaman\u0131nda ne de bug\u00fcn, hi\u00e7 kimse y\u00fczbinlerce \u00c7e\u00e7enin Nazilerin filtrasyon kamplar\u0131na \u00e7ok benzer\u00a0deh\u015fet dolu yolculuklar\u0131 boyunca \u00f6ld\u00fc\u011f\u00fcn\u00fc hat\u0131rlamad\u0131.<\/p>\n<p align=\"justify\">7\u00a0Ekim 2006 tarihinde Moskova&#8217; da Putin&#8217; in do\u011fum g\u00fcn\u00fcnde, Kafkas halklar\u0131na kar\u015f\u0131 \u0131rk\u00e7\u0131l\u0131\u011f\u0131 k\u0131nayabilen ve ya\u015fan\u0131lan rejimden Putin&#8217; i sorumlu tutabilen tek Rus gazeteci olan Anna Politkovskaya apartman\u0131n\u0131n\u00a0asans\u00f6r\u00fcnde \u00f6ld\u00fcr\u00fcld\u00fc.<\/p>\n<p align=\"justify\">Milan ve Torino&#8217; daki &#8220;\u0130yi \u0130nsanlar Bah\u00e7esi&#8221; ndeki birer a\u011fa\u00e7, onun cesareti ve ba\u011f\u0131ms\u0131z gazetecili\u011fine adanacak. Konferans\u0131n y\u00f6neticisi Pasquale Totaro, insan haklar\u0131 i\u00e7in sava\u015fmaktan asla vazge\u00e7meyen insanlar\u0131 hat\u0131rlatmak i\u00e7in Torino&#8217; daki bah\u00e7enin yak\u0131nda a\u00e7\u0131laca\u011f\u0131n\u0131 s\u00f6yledi.<\/p>\n<p align=\"justify\">Aslan Maskhadov&#8217; un demokratik h\u00fck\u00fcmetinde bir d\u00f6nem Sa\u011fl\u0131k Bakan\u0131 olarak g\u00f6rev yapan Dr. Umar Khambiev konferans\u0131n ana konu\u015fmac\u0131s\u0131yd\u0131.<\/p>\n<p align=\"justify\">\u0130talyan Radikal Parti milletvekili Bruno Bello&#8217; ya g\u00f6re Khambiev&#8217; de sava\u015f d\u00f6neminde binlerce insan\u0131n hayat\u0131n\u0131 kurtard\u0131\u011f\u0131 ve k\u0131sa s\u00fcren ba\u011f\u0131ms\u0131zl\u0131k d\u00f6neminde demokrasi i\u00e7in verdi\u011fi sava\u015f nedeniyle &#8220;iyi insanlar&#8221; listesinde yer almal\u0131yd\u0131. Konu\u015fmas\u0131 s\u0131ras\u0131nda Khambiev \u00c7e\u00e7en halk\u0131n\u0131n ger\u00e7ek n\u00fcfusunun kimi yetkililerin iddia etti\u011fi gibi 1 milyondan fazla de\u011fil\u00a0400 bin oldu\u011funu, aradaki fark\u0131n \u00f6l\u00fcler ve s\u00fcrg\u00fcn edilenlerden kaynakland\u0131\u011f\u0131n\u0131 ifade etti.<\/p>\n<p align=\"justify\">\u0130talya&#8217; n\u0131n sadece insani koruma garantisi verdi\u011fi Khambiev, Avrupa&#8217; n\u0131n hi\u00e7 bir \u015fey yapmad\u0131\u011f\u0131n\u0131 fakat petrol ve do\u011fal gaz ile ilgilendi\u011fini, \u00c7e\u00e7enya&#8217; n\u0131n Kosova gibi ba\u011f\u0131ms\u0131zl\u0131k hakk\u0131n\u0131n\u00a0tan\u0131nmas\u0131\u00a0gerekti\u011fini s\u00f6yledi.<\/p>\n<p align=\"justify\">Khambiev&#8217; in iyi insanlar listesinde\u00a0d\u00fc\u015f\u00fcn\u00fcl\u00fcp d\u00fc\u015f\u00fcn\u00fclemeyece\u011fini bilmiyorum; fakat \u015fundan eminim ki\u00a0Moskova&#8217; n\u0131n teklifini kabul etmeyen bu adam \u00c7e\u00e7enya&#8217; da ya\u015fan\u0131lanlar\u0131n\u00a0\u00f6nemli bir g\u00f6rg\u00fc tan\u0131\u011f\u0131.<\/p>\n<p align=\"justify\">Bu nedenle Putin &#8220;Anavatan Savunucular\u0131 G\u00fcn\u00fc&#8221; n\u00fc kutlarken, bizler Avrupa Parlamentosu taraf\u0131ndan &#8220;Soyk\u0131r\u0131m&#8221; olarak tan\u0131mlanan &#8220;D\u00fcnya \u00c7e\u00e7enya G\u00fcn\u00fc&#8221; n\u00fc an\u0131yorduk. Anna Politkovskaya \u015f\u00f6yle yazm\u0131\u015ft\u0131: &#8220;Kamunun vicdani neredeyse\u00a0\u00fc\u00e7 y\u0131l boyunca sustu. Bu s\u00fcre\u00e7 boyunca \u00e7o\u011fumuz devletin \u00c7e\u00e7enya politkas\u0131n\u0131 affettik ve tahmin edilebilir sonu\u00e7lar\u0131n\u0131 g\u00f6rmezden geldik.&#8221;<\/p>\n<p align=\"justify\">Herhangi bir uluslararas\u0131 g\u00f6zlemci olmaks\u0131z\u0131n Rusya&#8217; daki ba\u015fkanl\u0131k se\u00e7imleri yak\u0131nda yap\u0131lacak. Daha \u00f6nceki iki se\u00e7im gibi\u00a0bu se\u00e7imlerde\u00a0anti-demokratik olacak. Bununla birlikte, bu kez Anna Politkovskaya&#8217; n\u0131n ve\u00a0Rusya d\u0131\u015f\u0131ndaki muhaliflerin ya da daha k\u00f6t\u00fcs\u00fc hapishanedekilerin ele\u015ftirel g\u00f6r\u00fc\u015flerinin eksikli\u011fi hissedilecek.<\/p>\n<p align=\"justify\">Ger\u00e7ekleri a\u00e7\u0131klamaktan vazge\u00e7meyin, sessizlik bu rejimlerin devam etmesini sa\u011flar.<\/p>\n<p align=\"justify\"><strong>Andrea Riscassi<\/strong><\/p>\n","protected":false},"excerpt":{"rendered":"<p>23 \u015eubat 2008 Cumartesi g\u00fcn\u00fc \u0130talyan Radikal Parti taraf\u0131ndan organize edilen &#8220;\u00c7e\u00e7enya: S\u00fcregelen Soyk\u0131r\u0131m&#8221; isimli konferans\u0131n konu\u015fmac\u0131lar\u0131ndan olan muhalif \u0130talyan gazeteci Andrea Riscassi Waynakh.com i\u00e7in bu konferans ile ilgili bir makale kaleme ald\u0131.<br \/>\nAnavatan Savunucular\u0131n\u0131n G\u00fcn\u00fc<br \/>\nTarihler &#8230;<\/p>\n","protected":false},"author":1,"featured_media":0,"comment_status":"open","ping_status":"open","sticky":false,"template":"","format":"standard","meta":{"ngg_post_thumbnail":0,"footnotes":""},"categories":[1],"tags":[],"views":3942,"_links":{"self":[{"href":"http:\/\/www.waynakh.com\/tr\/wp-json\/wp\/v2\/posts\/415"}],"collection":[{"href":"http:\/\/www.waynakh.com\/tr\/wp-json\/wp\/v2\/posts"}],"about":[{"href":"http:\/\/www.waynakh.com\/tr\/wp-json\/wp\/v2\/types\/post"}],"author":[{"embeddable":true,"href":"http:\/\/www.waynakh.com\/tr\/wp-json\/wp\/v2\/users\/1"}],"replies":[{"embeddable":true,"href":"http:\/\/www.waynakh.com\/tr\/wp-json\/wp\/v2\/comments?post=415"}],"version-history":[{"count":0,"href":"http:\/\/www.waynakh.com\/tr\/wp-json\/wp\/v2\/posts\/415\/revisions"}],"wp:attachment":[{"href":"http:\/\/www.waynakh.com\/tr\/wp-json\/wp\/v2\/media?parent=415"}],"wp:term":[{"taxonomy":"category","embeddable":true,"href":"http:\/\/www.waynakh.com\/tr\/wp-json\/wp\/v2\/categories?post=415"},{"taxonomy":"post_tag","embeddable":true,"href":"http:\/\/www.waynakh.com\/tr\/wp-json\/wp\/v2\/tags?post=415"}],"curies":[{"name":"wp","href":"https:\/\/api.w.org\/{rel}","templated":true}]}}