{"id":427,"date":"2008-03-10T14:52:36","date_gmt":"2008-03-10T12:52:36","guid":{"rendered":"http:\/\/www.zelimhan.com\/?p=1581"},"modified":"2008-03-10T14:52:36","modified_gmt":"2008-03-10T12:52:36","slug":"cecen-kulturunun-kaybolmasi-engellenecek","status":"publish","type":"post","link":"http:\/\/www.waynakh.com\/tr\/2008\/03\/cecen-kulturunun-kaybolmasi-engellenecek\/","title":{"rendered":"\u00c7e\u00e7en K\u00fclt\u00fcr\u00fcn\u00fcn Kaybolmas\u0131 Engellenecek"},"content":{"rendered":"<p>Danimarka \u00c7e\u00e7en Dostluk Derne\u011fi, \u00c7e\u00e7en k\u00fclt\u00fcr\u00fcn\u00fcn\u00a0tahrip olmas\u0131n\u0131\u00a0engellemek i\u00e7in bir k\u00fclt\u00fcr merkezi a\u00e7maya haz\u0131rlan\u0131yor.<\/p>\n<p align=\"justify\">Danimarka \u00c7e\u00e7en Dostluk Derne\u011fi Humulbek isimli \u015fehirde\u00a0d\u00fczenledi\u011fi\u00a0toplant\u0131da, dernek \u00fcyelerinin oy birli\u011fi ile\u00a0H\u0131z\u0131r \u0130bragimov ba\u015fkan olarak se\u00e7elirken, ayn\u0131 toplant\u0131da\u00a0anavatan d\u0131\u015f\u0131ndaki \u00c7e\u00e7enlerin k\u00fclt\u00fcrlerini yitirmemesi i\u00e7in yap\u0131lmas\u0131 gerekenler hakk\u0131nda fikir al\u0131\u015fveri\u015finde bulunuldu.<\/p>\n<p align=\"justify\">Toplant\u0131 sonunda Ba\u015fkan s\u0131fat\u0131 ile bir a\u00e7\u0131klama yapan H\u0131z\u0131r \u0130bragimov, Danimarka&#8217; n\u0131n ba\u015fkenti Kopenhag&#8217; da bulunan ve \u00c7e\u00e7en m\u00fcltecilerin biraraya geldi\u011fi merkezin bir benzerini Humulbek&#8217; te a\u00e7maya karar verdiklerini, bu merkez sayesinde \u00c7e\u00e7en m\u00fcltecilerin \u00c7e\u00e7en dilinden, adetlerinden, gelenek ve g\u00f6reneklerinden uzakla\u015fmamas\u0131n\u0131n sa\u011flanaca\u011f\u0131n\u0131 umut ettiklerini ifade etti. Ayr\u0131ca bu merkez ve dernekleri vas\u0131tas\u0131 ile Danimarkal\u0131lar ile Danimarka&#8217; daki \u00c7e\u00e7enler taraf\u0131ndan organize edilecek ortak organizasyonlar ile her iki toplumun b\u00fct\u00fcnle\u015fmesinin ger\u00e7ekle\u015fece\u011fini inand\u0131klar\u0131n\u0131 vurgulayan H\u0131z\u0131r \u0130bragimov, bu merkez vas\u0131tas\u0131 ile Da\u011f\u0131stanl\u0131lar, Kabardey-Balkarl\u0131lar, G\u00fcrcistanl\u0131lar, Abhazyal\u0131lar gibi benzer k\u00fclt\u00fcre sahip olduklar\u0131 di\u011fer Kafkas halklar\u0131 ile de daha yak\u0131n ili\u015fkiler kurmalar\u0131n\u0131n m\u00fcmk\u00fcn oldu\u011funu d\u00fc\u015f\u00fcnd\u00fcklerini a\u00e7\u0131klad\u0131.<\/p>\n","protected":false},"excerpt":{"rendered":"<p>Danimarka \u00c7e\u00e7en Dostluk Derne\u011fi, \u00c7e\u00e7en k\u00fclt\u00fcr\u00fcn\u00fcn\u00a0tahrip olmas\u0131n\u0131\u00a0engellemek i\u00e7in bir k\u00fclt\u00fcr merkezi a\u00e7maya haz\u0131rlan\u0131yor.<br \/>\nDanimarka \u00c7e\u00e7en Dostluk Derne\u011fi Humulbek isimli \u015fehirde\u00a0d\u00fczenledi\u011fi\u00a0toplant\u0131da, dernek \u00fcyelerinin oy birli\u011fi ile\u00a0H\u0131z\u0131r \u0130bragimov ba\u015fkan olarak se\u00e7elirken, ayn\u0131 toplant\u0131da\u00a0anavatan d\u0131\u015f\u0131ndaki \u00c7e\u00e7enlerin k\u00fclt\u00fcrlerini yitirmemesi i\u00e7in &#8230;<\/p>\n","protected":false},"author":1,"featured_media":0,"comment_status":"open","ping_status":"open","sticky":false,"template":"","format":"standard","meta":{"ngg_post_thumbnail":0,"footnotes":""},"categories":[1],"tags":[],"views":3575,"_links":{"self":[{"href":"http:\/\/www.waynakh.com\/tr\/wp-json\/wp\/v2\/posts\/427"}],"collection":[{"href":"http:\/\/www.waynakh.com\/tr\/wp-json\/wp\/v2\/posts"}],"about":[{"href":"http:\/\/www.waynakh.com\/tr\/wp-json\/wp\/v2\/types\/post"}],"author":[{"embeddable":true,"href":"http:\/\/www.waynakh.com\/tr\/wp-json\/wp\/v2\/users\/1"}],"replies":[{"embeddable":true,"href":"http:\/\/www.waynakh.com\/tr\/wp-json\/wp\/v2\/comments?post=427"}],"version-history":[{"count":0,"href":"http:\/\/www.waynakh.com\/tr\/wp-json\/wp\/v2\/posts\/427\/revisions"}],"wp:attachment":[{"href":"http:\/\/www.waynakh.com\/tr\/wp-json\/wp\/v2\/media?parent=427"}],"wp:term":[{"taxonomy":"category","embeddable":true,"href":"http:\/\/www.waynakh.com\/tr\/wp-json\/wp\/v2\/categories?post=427"},{"taxonomy":"post_tag","embeddable":true,"href":"http:\/\/www.waynakh.com\/tr\/wp-json\/wp\/v2\/tags?post=427"}],"curies":[{"name":"wp","href":"https:\/\/api.w.org\/{rel}","templated":true}]}}