{"id":428,"date":"2008-03-11T14:51:46","date_gmt":"2008-03-11T12:51:46","guid":{"rendered":"http:\/\/www.zelimhan.com\/?p=1578"},"modified":"2008-03-11T14:51:46","modified_gmt":"2008-03-11T12:51:46","slug":"amerika-da-cecenya-daki-savas-suclari-hakkinda-konferans","status":"publish","type":"post","link":"http:\/\/www.waynakh.com\/tr\/2008\/03\/amerika-da-cecenya-daki-savas-suclari-hakkinda-konferans\/","title":{"rendered":"Amerika&#8217; da \u00c7e\u00e7enya&#8217; daki Sava\u015f Su\u00e7lar\u0131 Hakk\u0131nda Konferans"},"content":{"rendered":"<p>Amerika Birle\u015fik Devletleri&#8217; ndeki\u00a0Lafayette Koleji&#8217; nde d\u00fczenlenen bir konferansta Yrd.Prof. Emma Gilligan \u00c7e\u00e7enya&#8217; daki Sava\u015f Su\u00e7lar\u0131 hakk\u0131nda\u00a0bilgi verdi.<\/p>\n<p align=\"justify\">Amerika Birle\u015fik Devletleri&#8217; nin kuzey do\u011fusunda yer alan Pennsylvania Eyaletin&#8217; deki Easton kentinde bulunan Lafayette Koleji&#8217; nde &#8220;\u00c7e\u00e7enya&#8217; daki\u00a0Sava\u015f Su\u00e7lar\u0131&#8221; temal\u0131 bir konferans d\u00fczenlendi. Kolejin Rusya ve Do\u011fu Avrupa \u00c7al\u0131\u015fmalar\u0131, Hukuk ve Y\u00f6netim Departman\u0131 ile Tarih Departman\u0131 taraf\u0131ndan organize edilen konferans, Sivil Haklar\u0131 Kirbi Salonu&#8217; nda 10 Mart 2008 Pazartesi g\u00fcn\u00fc 10.00 ile 16.00 saatleri aras\u0131nda ger\u00e7ekle\u015ftirildi. Konferans\u0131n konu\u015fmac\u0131s\u0131 ise, Connecticut \u00dcniversitesi&#8217; den\u00a0Yrd.Prof. Emma Gilligan idi. Gilligan konferansta Rus askerlerinin \u00c7e\u00e7enya&#8217; daki sivil\u00a0n\u00fcfusa\u00a0kar\u015f\u0131 i\u015fledi\u011fi su\u00e7lar hakk\u0131nda bilgiler ve \u00f6rnekler verdi.<\/p>\n<p align=\"justify\">20.YY Sovyet Tarihi, \u0130nsan Haklar\u0131 ve Soyk\u0131r\u0131m\u00a0uzman\u0131 olan Yrd.Prof. Emma Gilligan,\u00a0uluslararas\u0131\u00a0insan haklar\u0131 hareketleri ve\u00a0yak\u0131n d\u00f6nem\u00a0Rusya \u00e7al\u0131\u015fmalar\u0131 ile \u00c7e\u00e7enya&#8217; daki sava\u015f su\u00e7lar\u0131 \u00fczerine yapt\u0131\u011f\u0131 ara\u015ft\u0131rmalarla tan\u0131n\u0131yor. Ayr\u0131ca, yazd\u0131\u011f\u0131 &#8220;\u00c7e\u00e7enya&#8217; daki Sava\u015f Su\u00e7lar\u0131&#8221; isimli bir kitapta bu y\u0131l i\u00e7erisinde Princeton \u00dcniversitesi taraf\u0131ndan yay\u0131nlanacak.<\/p>\n","protected":false},"excerpt":{"rendered":"<p>Amerika Birle\u015fik Devletleri&#8217; ndeki\u00a0Lafayette Koleji&#8217; nde d\u00fczenlenen bir konferansta Yrd.Prof. Emma Gilligan \u00c7e\u00e7enya&#8217; daki Sava\u015f Su\u00e7lar\u0131 hakk\u0131nda\u00a0bilgi verdi.<br \/>\nAmerika Birle\u015fik Devletleri&#8217; nin kuzey do\u011fusunda yer alan Pennsylvania Eyaletin&#8217; deki Easton kentinde bulunan Lafayette Koleji&#8217; nde &#8220;\u00c7e\u00e7enya&#8217; &#8230;<\/p>\n","protected":false},"author":1,"featured_media":0,"comment_status":"open","ping_status":"open","sticky":false,"template":"","format":"standard","meta":{"ngg_post_thumbnail":0,"footnotes":""},"categories":[1],"tags":[],"views":3739,"_links":{"self":[{"href":"http:\/\/www.waynakh.com\/tr\/wp-json\/wp\/v2\/posts\/428"}],"collection":[{"href":"http:\/\/www.waynakh.com\/tr\/wp-json\/wp\/v2\/posts"}],"about":[{"href":"http:\/\/www.waynakh.com\/tr\/wp-json\/wp\/v2\/types\/post"}],"author":[{"embeddable":true,"href":"http:\/\/www.waynakh.com\/tr\/wp-json\/wp\/v2\/users\/1"}],"replies":[{"embeddable":true,"href":"http:\/\/www.waynakh.com\/tr\/wp-json\/wp\/v2\/comments?post=428"}],"version-history":[{"count":0,"href":"http:\/\/www.waynakh.com\/tr\/wp-json\/wp\/v2\/posts\/428\/revisions"}],"wp:attachment":[{"href":"http:\/\/www.waynakh.com\/tr\/wp-json\/wp\/v2\/media?parent=428"}],"wp:term":[{"taxonomy":"category","embeddable":true,"href":"http:\/\/www.waynakh.com\/tr\/wp-json\/wp\/v2\/categories?post=428"},{"taxonomy":"post_tag","embeddable":true,"href":"http:\/\/www.waynakh.com\/tr\/wp-json\/wp\/v2\/tags?post=428"}],"curies":[{"name":"wp","href":"https:\/\/api.w.org\/{rel}","templated":true}]}}