{"id":4740,"date":"2009-07-17T15:55:59","date_gmt":"2009-07-17T12:55:59","guid":{"rendered":"http:\/\/www.waynakh.com\/tr\/?p=4740"},"modified":"2009-07-18T22:05:42","modified_gmt":"2009-07-18T19:05:42","slug":"estemirova-cinayeti-tum-dunyanin-tepkisini-cekiyor","status":"publish","type":"post","link":"http:\/\/www.waynakh.com\/tr\/2009\/07\/estemirova-cinayeti-tum-dunyanin-tepkisini-cekiyor\/","title":{"rendered":"Estemirova Cinayeti T\u00fcm D\u00fcnyan\u0131n Tepkisini \u00c7ekiyor"},"content":{"rendered":"<p style=\"text-align: justify;\">D\u00fcnya siyasetine y\u00f6n veren isimler, sivil toplum \u00f6rg\u00fctleri ve insan haklar\u0131 aktivistleri Natalya Estemirova&#8217;n\u0131n ka\u00e7\u0131r\u0131larak \u00f6ld\u00fcr\u00fclmesi nedeniyle tepki mesajlar\u0131 yay\u0131nl\u0131yor.<!--more--><\/p>\n<p style=\"text-align: justify;\">Amerika Birle\u015fik Devletleri D\u0131\u015fi\u015fleri Bakanl\u0131\u011f\u0131 S\u00f6zc\u00fcs\u00fc Ian Kelly, Rusya cinayetin sorumlular\u0131n\u0131 bularak ba\u011f\u0131ms\u0131z mahkemelerde yarg\u0131lamal\u0131d\u0131r \u015feklinde bir yorum yaparken; Beyaz Saray Ulusal G\u00fcvenlik Konseyi s\u00f6zc\u00fcs\u00fc Mike Hammer ise, Rus y\u00f6netimini Estemirova cinayetinin sorumlular\u0131n\u0131 adalete teslim etmeye ve kanunsuzlu\u011fa izin verilmedi\u011fini g\u00f6stermeye davet etti.<\/p>\n<p style=\"text-align: justify;\">Uluslararas\u0131 Af \u00d6rg\u00fct\u00fc&#8217;nden Irene Khan yapt\u0131\u011f\u0131 a\u00e7\u0131klamada Estemirova cinayetinin Rusya&#8217;da su\u00e7lular\u0131n dokunulmazl\u0131\u011f\u0131n\u0131n bir neticesi olarak meydana geldi\u011fini ifade etti. Human Rights Watch isimli sivil toplum \u00f6rg\u00fct\u00fcn\u00fcn ba\u015fkan\u0131 Kenneth Roth kamuoyundan bilgilerin saklanmayaca\u011f\u0131 ve ba\u011f\u0131ms\u0131z bir ara\u015ft\u0131rma komisyonun s\u00fcratle kurulmas\u0131 gerekti\u011fini belirterek, Rusya&#8217;da insan haklar\u0131 savunucular\u0131na ve gazetecilere y\u00f6nelik cinayetlere bir son verilip, ger\u00e7ek su\u00e7lular\u0131n adalete teslim edilmesinin zaman\u0131n\u0131n geldi\u011fini vurgulad\u0131.<\/p>\n<p style=\"text-align: justify;\">Avrup Konseyi \u0130nsan Haklar\u0131 Komiseri Thomas Hammerberg cinayeti k\u0131nayarak: &#8220;Bayan Estemirova&#8217;n\u0131n \u00f6ld\u00fcr\u00fclmesi insan haklar\u0131 \u00f6rg\u00fctlerinin aktivist \u00fcyelerinin korunmas\u0131 i\u00e7in daha g\u00fc\u00e7l\u00fc \u00f6nlemler almam\u0131z gerekti\u011fini bizlere hat\u0131rlatt\u0131&#8221; \u015feklinde bir yorum yapt\u0131.<\/p>\n<p style=\"text-align: justify;\">Avrupa Konseyi Genel Sekreteri Tery Davis ise, &#8220;Rusya y\u00f6netiminin gerekli tedbirleri almas\u0131 i\u00e7in Rus halk\u0131n\u0131n haklar\u0131n\u0131 korumaya \u00e7abalayan ka\u00e7 tane Natalia Estemirova ve Anna Politkovskaya \u00f6ld\u00fcr\u00fclecek?&#8221; \u015feklinde bir soruyla cinayetten duydu\u011fu rahats\u0131zl\u0131\u011f\u0131 dile getirdi.<\/p>\n<p style=\"text-align: justify;\">Avrupa Birli\u011fi&#8217;nin d\u00f6nem ba\u015fkanl\u0131\u011f\u0131n\u0131 y\u00fcr\u00fcten \u0130sve\u00e7 y\u00f6netimi ad\u0131na \u0130sve\u00e7 D\u0131\u015fi\u015fleri Bakan\u0131 Carl Bildt yapt\u0131\u011f\u0131 a\u00e7\u0131klamada cinayeti &#8216;vah\u015fi\u2019 olarak nitelendirdi ve cinayeti k\u0131nayarak Moskova y\u00f6netiminden h\u0131zl\u0131 ve etkili bir soru\u015fturma y\u00fcr\u00fctmesini istedi.<\/p>\n<p style=\"text-align: justify;\">Norve\u00e7 D\u0131\u015fi\u015fleri Bakan\u0131 Jonas Gahr Stoere, Estemirova cinayetini Rusya&#8217;da insan haklar\u0131 savunucular\u0131na y\u00f6nelik devam eden cinayetler serisinin sonuncusu olarak nitelendirirken, Rusya&#8217;n\u0131n derin ve etkili bir soru\u015fturma y\u00fcr\u00fctmesi gerekti\u011fini ifade etti.<\/p>\n<p style=\"text-align: justify;\">\u0130ngiltere&#8217;nin Avrupa Bakan\u0131 Glenys Kinnock, \u015fok edici bir cinayet olarak tan\u0131mlad\u0131\u011f\u0131 olay\u0131n \u00e7\u00f6z\u00fclmesi i\u00e7in gereken eforun sarfedilmesi \u00e7a\u011fr\u0131s\u0131nda bulundu.<\/p>\n<p style=\"text-align: justify;\">Birle\u015fmi\u015f Milletler Genel Sekreteri Ban Ki-Moon ad\u0131na sekreteri Michelle Montas taraf\u0131ndan d\u00fczenlenen bir bas\u0131n toplant\u0131s\u0131nda yap\u0131lan a\u00e7\u0131klamada, Estemirova cinayetinden \u00f6t\u00fcr\u00fc derin \u00fcz\u00fcnt\u00fc duyuldu\u011fu belirtilerek, bu korkun\u00e7 cinayetin faillerinin bir an \u00f6nce tespit edilmesi gerekti\u011fi dile getirildi. Michelle Montas: &#8220;Bu \u015fekilde insan haklar\u0131n\u0131 ihlal edenlere tolerans g\u00f6sterilmeyece\u011fine ili\u015fkin net bir cevap verilmi\u015f olacakt\u0131r&#8221; dedi.<\/p>\n<p style=\"text-align: justify;\">Birle\u015fmi\u015f Milletler \u0130nsan Haklar\u0131 Y\u00fcksek Komiseri Navi Pillay, Dmitri Medvedev&#8217;in Estemirova cinayeti i\u00e7in soru\u015fturma talimat\u0131 vermesini memnuniyetle kar\u015f\u0131lad\u0131\u011f\u0131n\u0131 ifade ederken, insan haklar\u0131 savunucular\u0131n\u0131n korunmas\u0131 i\u00e7in h\u00fck\u00fcmetlerin daha fazla efor sarfetmesi gerekti\u011fi ger\u00e7e\u011fini \u00fcz\u00fcc\u00fc bir olayla yeniden g\u00f6rd\u00fcklerini belirtti.<\/p>\n<p style=\"text-align: justify;\">\u00c7e\u00e7en Cumhuriyeti \u0130\u00e7kerya&#8217;n\u0131n I.Devlet Ba\u015fkan\u0131 Cohar Dudaev&#8217;in e\u015fi Alla Dudaeva&#8217;da yay\u0131nlad\u0131\u011f\u0131 bir mesajda, Natalya Estemirova&#8217;n\u0131n tek ba\u015f\u0131na yakla\u015f\u0131k 10 y\u0131ld\u0131r pek \u00e7ok erkekten daha cesur davranarak \u00c7e\u00e7enya&#8217;daki hak ihlallerini t\u00fcm ger\u00e7ekli\u011fiyle belgelemeye \u00e7al\u0131\u015ft\u0131\u011f\u0131n\u0131 ifade ederek, k\u0131z karde\u015flerim Kremlin ter\u00f6r\u00fcn\u00fcn kurban\u0131 oluyorlar dedi.<\/p>\n<p style=\"text-align: justify;\">Fin-Rus Vatanda\u015flar\u0131 Forumu isimli Helsinki merkezli sivil toplu \u00f6rg\u00fct\u00fc yay\u0131nlad\u0131\u011f\u0131 bir a\u00e7\u0131klama ile cinayeti k\u0131nad\u0131 ve bu cinayetin yanl\u0131zca Estemirova&#8217;ya de\u011fil, Avrupa&#8217;n\u0131n insan haklar\u0131 konusundaki de\u011ferlerine inanan t\u00fcm insanlara y\u00f6nelik bir hareket oldu\u011fu vurguland\u0131. Estemirova&#8217;n\u0131n katillerinin bir an \u00f6nce bulunarak yarg\u0131lanmas\u0131n\u0131 isteyen \u00f6rg\u00fct, ayr\u0131ca Kuzey Kafkasya&#8217;daki insan haklar\u0131 ihlallerine de bir son verilmesi \u00e7a\u011fr\u0131s\u0131nda bulundu. Fin-Rus Vatanda\u015flar\u0131 Forumu Genel Sekreteri Mikael Strosj\u00f6&#8217;de YLE isimli Finlandiya televizyon kanal\u0131nda kat\u0131ld\u0131\u011f\u0131 bir programda s\u00f6zde anti-ter\u00f6rizm operasyonlar\u0131n\u0131n sona erdirilmesiyle kukla Kadirov&#8217;un daha rahat hareket etme imkan\u0131 elde etti\u011fini, kukla Kadirov&#8217;un da insan ka\u00e7\u0131rmak gibi su\u00e7lar i\u015fledi\u011fini ve bu olaylar\u0131n g\u00f6rg\u00fc tan\u0131\u011f\u0131 olan Estemirova&#8217;n\u0131n da bu ter\u00f6rden nasibini ald\u0131\u011f\u0131n\u0131 vurgulad\u0131. Bay Storsj\u00f6 1991 y\u0131l\u0131ndan bu yana Rusya&#8217;da katledilen 319 gazetecinin dosyalar\u0131 sonu\u00e7land\u0131r\u0131lamad\u0131\u011f\u0131 gibi Natalya Estemirova&#8217;n\u0131n katillerinin de asla bulunamayaca\u011f\u0131n\u0131 d\u00fc\u015f\u00fcnd\u00fc\u011f\u00fcn\u00fc ifade etti. Ayr\u0131ca bu cinayetten \u00f6t\u00fcr\u00fc yaln\u0131zca Kadirov&#8217;u su\u00e7laman\u0131n da yanl\u0131\u015f oldu\u011funu, \u00e7\u00fcnk\u00fc bu cinayetin bir numaral\u0131 zanl\u0131s\u0131 kukla Kadirov&#8217;un Putin taraf\u0131ndan g\u00f6revlendirildi\u011fini ve Rusya Federasyonu Devlet Ba\u015fkan\u0131 Medvedev taraf\u0131ndan halen g\u00f6revinde tutuldu\u011funa dikkat \u00e7ekerek bu \u00fc\u00e7 ismin cinayetten sorumlu oldu\u011funu vurgulad\u0131.<\/p>\n<p style=\"text-align: justify;\">16 Temmuz 2009 Per\u015fembe g\u00fcn\u00fc Rusya&#8217;n\u0131n ba\u015fkenti Moskova&#8217;daki Pu\u015fkin Meydan\u0131&#8217;nda ve i\u015fgal alt\u0131ndaki \u00c7e\u00e7enya&#8217;n\u0131n ba\u015fkenti Grozny&#8217;de birer g\u00f6steri d\u00fczenlendi. Y\u00fczlerce g\u00f6sterici Natalya Estemirova ve Anna Politkovskaya resimlerini ta\u015f\u0131rken, cinayetlerden \u00f6t\u00fcr\u00fc Rusya y\u00f6netimi su\u00e7land\u0131 ve katillerin bulunmas\u0131 istendi. Natalia Estemirova&#8217;n\u0131n 16 ya\u015f\u0131ndaki k\u0131z\u0131 Lana Estemirova&#8217;da Moskova&#8217;daki g\u00f6steride yer ald\u0131.<\/p>\n<p style=\"text-align: justify;\">T\u00fcrkiye&#8217;de ise Kafkas yap\u0131lanmalar\u0131 dahil olmak \u00fczere sivil toplum \u00f6rg\u00fctlerinden cinayete ili\u015fkin bir k\u0131nama mesaj\u0131 yay\u0131nlanmazken, Berlin Kuzey Kafkas K\u00fclt\u00fcr Derne\u011fi &#8220;Ya\u015fam Hakk\u0131 Kutsald\u0131r!&#8221; ba\u015fl\u0131\u011f\u0131yla bir a\u00e7\u0131klama yapt\u0131. A\u00e7\u0131klaman\u0131n metni:<\/p>\n<p style=\"text-align: center;\"><strong>YASAM HAKKI KUTSALDIR<\/strong><\/p>\n<p style=\"text-align: justify;\">&#8220;\u0130nsan Haklar\u0131 savunucusu Natalya Estemirova\u00b4n\u0131n d\u00fcn sabah her taraf\u0131 polis kontrol merkezlerince denetlenen\u00a0 Grozni \u015fehrindeki evinden silah zoruyla ka\u00e7\u0131r\u0131l\u0131p, ve onca polis\u00a0 kontrol noktas\u0131n\u0131 da ge\u00e7erek, \u0130ngu\u015fetya Cumhuriyetinin ba\u015fkenti Nazran yak\u0131nlar\u0131nda al\u00e7ak\u00e7a katledilmesini k\u0131n\u0131yoruz. Karanl\u0131k g\u00fc\u00e7ler taraf\u0131ndan yap\u0131lan bu hunharca sald\u0131r\u0131 sadece Natalya\u00b4ya de\u011fil ,onun gibi d\u00fc\u015f\u00fcnen &#8220;insan haklar\u0131yla insand\u0131r&#8221; diyen t\u00fcm d\u00fcnya insanlar\u0131nadir.<\/p>\n<p>Bu yap\u0131lan insanl\u0131k d\u0131\u015f\u0131 eylemi ger\u00e7eklestirenleri lanetle k\u0131n\u0131yor,\u00a0 NATALYA ESTEMIROVA&#8217;y\u0131 sayg\u0131yla an\u0131yoruz.<\/p>\n<p><strong>Berlin Kuzey Kafkas K\u00fclt\u00fcr Derne\u011fi<\/strong>&#8220;<\/p>\n","protected":false},"excerpt":{"rendered":"<p>D\u00fcnya siyasetine y\u00f6n veren isimler, sivil toplum \u00f6rg\u00fctleri ve insan haklar\u0131 aktivistleri Natalya Estemirova&#8217;n\u0131n ka\u00e7\u0131r\u0131larak \u00f6ld\u00fcr\u00fclmesi nedeniyle tepki mesajlar\u0131 yay\u0131nl\u0131yor.<\/p>\n","protected":false},"author":3,"featured_media":0,"comment_status":"open","ping_status":"open","sticky":false,"template":"","format":"standard","meta":{"ngg_post_thumbnail":0,"footnotes":""},"categories":[1],"tags":[138,1048,1050,1044,1047,1049,1043,1046,712,1045,1022,1051,1042,408],"views":3908,"_links":{"self":[{"href":"http:\/\/www.waynakh.com\/tr\/wp-json\/wp\/v2\/posts\/4740"}],"collection":[{"href":"http:\/\/www.waynakh.com\/tr\/wp-json\/wp\/v2\/posts"}],"about":[{"href":"http:\/\/www.waynakh.com\/tr\/wp-json\/wp\/v2\/types\/post"}],"author":[{"embeddable":true,"href":"http:\/\/www.waynakh.com\/tr\/wp-json\/wp\/v2\/users\/3"}],"replies":[{"embeddable":true,"href":"http:\/\/www.waynakh.com\/tr\/wp-json\/wp\/v2\/comments?post=4740"}],"version-history":[{"count":7,"href":"http:\/\/www.waynakh.com\/tr\/wp-json\/wp\/v2\/posts\/4740\/revisions"}],"predecessor-version":[{"id":4799,"href":"http:\/\/www.waynakh.com\/tr\/wp-json\/wp\/v2\/posts\/4740\/revisions\/4799"}],"wp:attachment":[{"href":"http:\/\/www.waynakh.com\/tr\/wp-json\/wp\/v2\/media?parent=4740"}],"wp:term":[{"taxonomy":"category","embeddable":true,"href":"http:\/\/www.waynakh.com\/tr\/wp-json\/wp\/v2\/categories?post=4740"},{"taxonomy":"post_tag","embeddable":true,"href":"http:\/\/www.waynakh.com\/tr\/wp-json\/wp\/v2\/tags?post=4740"}],"curies":[{"name":"wp","href":"https:\/\/api.w.org\/{rel}","templated":true}]}}