{"id":519,"date":"2008-06-11T15:00:00","date_gmt":"2008-06-11T13:00:00","guid":{"rendered":"http:\/\/www.zelimhan.com\/?p=402"},"modified":"2010-11-25T23:49:35","modified_gmt":"2010-11-25T20:49:35","slug":"litvanya-da-fotograf-sergisi","status":"publish","type":"post","link":"http:\/\/www.waynakh.com\/tr\/2008\/06\/litvanya-da-fotograf-sergisi\/","title":{"rendered":"Litvanya&#8217; da Foto\u011fraf Sergisi"},"content":{"rendered":"<p style=\"text-align: justify;\">\u00c7e\u00e7en Cumhuriyeti \u0130chkeria I.Devlet Ba\u015fkan\u0131 Cohar Dudaev&#8217; in e\u015fi Alla Dudaeva Livtanya&#8217; n\u0131n ba\u015fkenti Vilnius&#8217; ta kendi resim \u00e7al\u0131\u015fmalar\u0131ndan ve \u00c7e\u00e7enya&#8217; daki soyk\u0131r\u0131m\u0131 belgeleyen foto\u011fraflardan olu\u015fan bir sergi a\u00e7t\u0131.<!--more--><\/p>\n<p style=\"text-align: justify;\">6 Haziran 2008 Cuma g\u00fcn\u00fc, Litvanya&#8217; n\u0131n ba\u015fkenti Vilnius&#8217; ta bulunan Mykolas Romeris \u00dcniversitesi&#8217; nde \u00c7e\u00e7en Cumhuriyeti \u0130\u00e7kerya H\u00fck\u00fcmeti Polonya Fahri Konsolosu Adam Borowsky&#8217; nin haz\u0131rlad\u0131\u011f\u0131 &#8220;\u00c7e\u00e7enya: Son \u00c7are&#8230;&#8221; ismini ta\u015f\u0131yan\u00a0ve \u00c7e\u00e7enya&#8217; daki soyk\u0131r\u0131m\u0131 konu edinen foto\u011fraf sergisiyle birlikte Alla Dudaeva&#8217; n\u0131n ya\u011fl\u0131 boya \u00e7al\u0131\u015fmalar\u0131ndan olu\u015fan bir sergi a\u00e7\u0131ld\u0131. Sergiyi Alla Dudaeva organize ederken, \u00c7e\u00e7en Cumhuriyeti \u0130chkeria H\u00fck\u00fcmeti Balt\u0131k \u00dclkeleri Temsilcisi Aminat Saieva, Litvanyal\u0131 Avrupa Parlamentosu Milletvekili Prof. Vytautas Landsbergis,\u00a0Polonya&#8217; n\u0131n Litvanya Konsoloslu\u011fu Birinci Sekreteri Robert Barkovsky, Vilnius Sayudis \u00fcyeleri ve Litvanya&#8217; daki \u00c7e\u00e7en diasporas\u0131 \u00fcyeleri\u00a0de serginin a\u00e7\u0131l\u0131\u015f\u0131nda yer ald\u0131.<\/p>\n<p style=\"text-align: justify;\">Serginin a\u00e7\u0131l\u0131\u015f konu\u015fmas\u0131n\u0131 yapan Alla Dudaeva, sergiye kat\u0131lan herkese \u015f\u00fckranlar\u0131n\u0131 sundu\u011funu belirterek, 20 y\u0131l \u00f6nce Litvanya&#8217; n\u0131n i\u00e7inde bulundu\u011fu durumun bug\u00fcn \u00c7e\u00e7enya&#8217; da ya\u015fan\u0131lanlarla benzedi\u011fini, \u00c7e\u00e7enya&#8217; n\u0131n ba\u011f\u0131ms\u0131zl\u0131k yolunun uzun ve zor oldu\u011funu vurgulad\u0131. Dudaeva, I.Rus &#8211; \u00c7e\u00e7en Sava\u015f\u0131&#8217; nda Rusya&#8217; n\u0131n &#8220;ter\u00f6ristler&#8221; ve &#8220;haydutlarla&#8221; m\u00fccadele etti\u011fini iddia etti\u011fini, ikinci sava\u015f\u0131n ba\u015flad\u0131\u011f\u0131 g\u00fcnden bu yana da benzeri arg\u00fcmanlar\u0131n kullan\u0131ld\u0131\u011f\u0131n\u0131 ifade ederek, sergide bulunan foto\u011fraflar\u0131n Rusya&#8217; n\u0131n kimlerle sava\u015ft\u0131\u011f\u0131n\u0131n, \u00c7e\u00e7enya&#8217; da ne t\u00fcr vah\u015fetler yapt\u0131\u011f\u0131n\u0131n k\u00fc\u00e7\u00fck bir \u00f6rne\u011fi oldu\u011funu belirtti. \u00c7e\u00e7enya&#8217; daki sava\u015f\u0131n 14.y\u0131l\u0131nda y\u00fczbinlerce insan\u0131n katledildi\u011fini, y\u00fczbinlerce \u00c7e\u00e7en&#8217; in Avrupa&#8217; da m\u00fclteci olarak ya\u015famaya mahkum oldu\u011funu ancak Bat\u0131l\u0131 politikac\u0131lar\u0131n hala \u00c7e\u00e7enya&#8217; daki kanl\u0131 sava\u015f\u0131 g\u00f6rmezden geldi\u011fini, \u00c7e\u00e7enya&#8217; daki soyk\u0131r\u0131m\u0131 tan\u0131mad\u0131\u011f\u0131n\u0131 ve bu sava\u015f\u0131n \u00c7e\u00e7enya&#8217; daki sivillere kar\u015f y\u00fcr\u00fct\u00fcld\u00fc\u011f\u00fcn\u00fc kabul etmedi\u011fini\u00a0vurgulad\u0131. Dudaeva, bug\u00fcn \u00c7e\u00e7enya&#8217; da, Irak&#8217; ta ve di\u011fer yerlerde masum siviller katledilirken d\u00fcnya bar\u0131\u015f\u0131ndan, insan haklar\u0131ndan bahsedilmesinin m\u00fcmk\u00fcn olmad\u0131\u011f\u0131n\u0131 belirterek, annelere \u00e7ocuklar\u0131n\u0131 ba\u015fka insanlar\u0131 \u00f6ld\u00fcrmek \u00fczere ordulara g\u00f6ndermeyi reddetmeye davet etti. Dudaeva, \u00fclkesi i\u015fgal alt\u0131nda olan annelerin ise ya\u015fam haklar\u0131n\u0131 ve vatanlar\u0131n\u0131\u00a0savunmak amac\u0131yla o\u011fullar\u0131n\u0131 sava\u015fmaktan al\u0131koymamalar\u0131n\u0131n do\u011fru oldu\u011funu vurgulad\u0131.<\/p>\n<p style=\"text-align: justify;\">Litvanyal\u0131 Avrupa Parlamentosu Milletvekili Prof. Vytautas Landsbergis ise konu\u015fmas\u0131nda, foto\u011fraf sergisinin bile \u00c7e\u00e7en halk\u0131n\u0131n maruz kald\u0131\u011f\u0131 soyk\u0131r\u0131m\u0131n Guinness Rekorlar kitab\u0131nda yer almas\u0131n\u0131 gerekti\u011fini g\u00f6sterdi\u011fini ifade etti. Landsbergis, &#8220;Bu k\u00fc\u00e7\u00fcc\u00fck sergiye\u00a0&#8220;vah\u015fice&#8221; oldu\u011fu ve g\u00f6sterilemeyece\u011fi\u00a0gerek\u00e7esi Br\u00fcksel&#8217; de, Avrupa Parlamentosu&#8217; nda tahamm\u00fcl edemeyip iki saat sonra kapatanlara seslenmek istiyorum, bu tavr\u0131n\u0131z\u0131n anlam\u0131 b\u00f6ylesi bir vah\u015feti yapabilirsiniz ancak bu vah\u015fete maruz kalanlar bunlar\u0131 insanlara g\u00f6steremezler&#8221;\u00a0\u015feklinde duygular\u0131n\u0131 ifade ederek Avrupa Parlamentosu\u00a0\u00fcyelerine bir kez daha tepki\u00a0g\u00f6sterdi.<\/p>\n<p style=\"text-align: justify;\">Ayr\u0131ca serginin k\u0131sa bir s\u00fcre sonra Litvanya&#8217; n\u0131n Kaunas kentinde de a\u00e7\u0131laca\u011f\u0131 bildirildi.<\/p>\n<p style=\"text-align: justify;\"><strong>Sergiden Foto\u011fraf Kareleri:<\/strong><\/p>\n<p><img loading=\"lazy\" decoding=\"async\" class=\"alignnone size-medium wp-image-404\" title=\"litvanyada-fotograf-sergisi_2-06-06-08\" src=\"http:\/\/www.waynakh.com\/tr\/wp-content\/uploads\/2008\/11\/litvanyada-fotograf-sergisi_2-06-06-08-300x194.jpg\" alt=\"\" width=\"300\" height=\"194\" \/><\/p>\n<p><img loading=\"lazy\" decoding=\"async\" class=\"alignnone size-medium wp-image-405\" title=\"litvanyada-fotograf-sergisi_3-06-06-08\" src=\"http:\/\/www.waynakh.com\/tr\/wp-content\/uploads\/2008\/11\/litvanyada-fotograf-sergisi_3-06-06-08-300x198.jpg\" alt=\"\" width=\"300\" height=\"198\" \/><\/p>\n<p><img loading=\"lazy\" decoding=\"async\" class=\"alignnone size-medium wp-image-406\" title=\"litvanyada-fotograf-sergisi_4-06-06-08\" src=\"http:\/\/www.waynakh.com\/tr\/wp-content\/uploads\/2008\/11\/litvanyada-fotograf-sergisi_4-06-06-08-300x198.jpg\" alt=\"\" width=\"300\" height=\"198\" \/><\/p>\n<p><img loading=\"lazy\" decoding=\"async\" class=\"alignnone size-medium wp-image-407\" title=\"litvanyada-fotograf-sergisi_5-06-06-08\" src=\"http:\/\/www.waynakh.com\/tr\/wp-content\/uploads\/2008\/11\/litvanyada-fotograf-sergisi_5-06-06-08-300x198.jpg\" alt=\"\" width=\"300\" height=\"198\" \/><\/p>\n<p><img loading=\"lazy\" decoding=\"async\" class=\"alignnone size-medium wp-image-408\" title=\"litvanyada-fotograf-sergisi_6-06-06-08\" src=\"http:\/\/www.waynakh.com\/tr\/wp-content\/uploads\/2008\/11\/litvanyada-fotograf-sergisi_6-06-06-08-300x210.jpg\" alt=\"\" width=\"300\" height=\"210\" \/><\/p>\n<p><img loading=\"lazy\" decoding=\"async\" class=\"alignnone size-medium wp-image-409\" title=\"litvanyada-fotograf-sergisi_7-06-06-08\" src=\"http:\/\/www.waynakh.com\/tr\/wp-content\/uploads\/2008\/11\/litvanyada-fotograf-sergisi_7-06-06-08-300x199.jpg\" alt=\"\" width=\"300\" height=\"199\" \/><\/p>\n","protected":false},"excerpt":{"rendered":"<p>\u00c7e\u00e7en Cumhuriyeti \u0130chkeria I.Devlet Ba\u015fkan\u0131 Cohar Dudaev&#8217; in e\u015fi Alla Dudaeva Livtanya&#8217; n\u0131n ba\u015fkenti Vilnius&#8217; ta kendi resim \u00e7al\u0131\u015fmalar\u0131ndan ve \u00c7e\u00e7enya&#8217; daki soyk\u0131r\u0131m\u0131 belgeleyen foto\u011fraflardan olu\u015fan bir sergi a\u00e7t\u0131.<\/p>\n","protected":false},"author":1,"featured_media":0,"comment_status":"open","ping_status":"open","sticky":false,"template":"","format":"standard","meta":{"ngg_post_thumbnail":0,"footnotes":""},"categories":[1],"tags":[],"views":4099,"_links":{"self":[{"href":"http:\/\/www.waynakh.com\/tr\/wp-json\/wp\/v2\/posts\/519"}],"collection":[{"href":"http:\/\/www.waynakh.com\/tr\/wp-json\/wp\/v2\/posts"}],"about":[{"href":"http:\/\/www.waynakh.com\/tr\/wp-json\/wp\/v2\/types\/post"}],"author":[{"embeddable":true,"href":"http:\/\/www.waynakh.com\/tr\/wp-json\/wp\/v2\/users\/1"}],"replies":[{"embeddable":true,"href":"http:\/\/www.waynakh.com\/tr\/wp-json\/wp\/v2\/comments?post=519"}],"version-history":[{"count":5,"href":"http:\/\/www.waynakh.com\/tr\/wp-json\/wp\/v2\/posts\/519\/revisions"}],"predecessor-version":[{"id":9660,"href":"http:\/\/www.waynakh.com\/tr\/wp-json\/wp\/v2\/posts\/519\/revisions\/9660"}],"wp:attachment":[{"href":"http:\/\/www.waynakh.com\/tr\/wp-json\/wp\/v2\/media?parent=519"}],"wp:term":[{"taxonomy":"category","embeddable":true,"href":"http:\/\/www.waynakh.com\/tr\/wp-json\/wp\/v2\/categories?post=519"},{"taxonomy":"post_tag","embeddable":true,"href":"http:\/\/www.waynakh.com\/tr\/wp-json\/wp\/v2\/tags?post=519"}],"curies":[{"name":"wp","href":"https:\/\/api.w.org\/{rel}","templated":true}]}}