{"id":5202,"date":"2009-08-06T20:24:47","date_gmt":"2009-08-06T17:24:47","guid":{"rendered":"http:\/\/www.waynakh.com\/tr\/?p=5202"},"modified":"2009-08-06T23:10:28","modified_gmt":"2009-08-06T20:10:28","slug":"savas-suclusu-putin-turkiyede-protestolarla-karsilandi","status":"publish","type":"post","link":"http:\/\/www.waynakh.com\/tr\/2009\/08\/savas-suclusu-putin-turkiyede-protestolarla-karsilandi\/","title":{"rendered":"Sava\u015f Su\u00e7lusu Putin T\u00fcrkiye&#8217;de Protestolarla Kar\u015f\u0131land\u0131"},"content":{"rendered":"<p style=\"text-align: justify;\">Sava\u015f su\u00e7lusu Rusya Ba\u015fbakan\u0131 Vladimir Putin bug\u00fcn T\u00fcrkiye\u2019ye enerji temal\u0131 k\u0131sa s\u00fcreli bir ziyaret yaparken, Ankara\u2019da ve \u0130stanbul\u2019da Putin aleyhinde protesto g\u00f6sterileri vard\u0131.<!--more--><\/p>\n<p style=\"text-align: justify;\">Bir u\u00e7ak dolusu g\u00fcvenlik ama\u00e7l\u0131 teknik te\u00e7hizat ve Putin&#8217;in z\u0131rhl\u0131 makam ara\u00e7lar\u0131n\u0131n bulundu\u011fu kargo u\u00e7a\u011f\u0131 ve Putin\u2019in g\u00fcvenli\u011fini sa\u011flayacak 40 Rus ajan ke\u015fif i\u00e7in Ankara\u2019ya birka\u00e7 g\u00fcn \u00f6nce geldi. 6 A\u011fustos 2009 Per\u015fembe g\u00fcn\u00fc sabah saatlerinde Ankara Esenbo\u011fa Havaalan\u0131&#8217;na 7 Rus ajan e\u015fli\u011finde inen sava\u015f su\u00e7lusu Putin\u2019in buradan Ba\u015fbakanl\u0131k Konutu\u2019na kadar olan yolda g\u00fcvenli\u011finin sa\u011flanmas\u0131 i\u00e7in 2 bin polis memuru ile bomba imha ekipleri ve helikopterler de g\u00f6rev yapt\u0131.<\/p>\n<p style=\"text-align: justify;\">Sava\u015f su\u00e7lusu Putin\u2019in son 5 y\u0131l i\u00e7inde T\u00fcrkiye Ba\u015fbakan\u0131 Recep Tayyip Erdo\u011fan ile yapt\u0131\u011f\u0131 bu dokuzuncu g\u00f6r\u00fc\u015fmede, ikili i\u015fbirli\u011fi, b\u00f6lgesel ve uluslararas\u0131 konular g\u00fcndeme geldi. Ziyaretin as\u0131l g\u00fcndem maddesini ise enerji konular\u0131 olu\u015fturdu.<\/p>\n<p style=\"text-align: justify;\">T\u00fcrk ve Rus medyalar\u0131na g\u00f6re, g\u00f6r\u00fc\u015fmelerde Mavi Ak\u0131m-2 do\u011falgaz boru hatt\u0131n\u0131n \u0130srail&#8217;e uzat\u0131lmas\u0131, Samsun-Ceyhan Petrol Boru Hatt\u0131, G\u00fcney Ak\u0131m do\u011falgaz boru hatt\u0131, n\u00fckleer enerji santrali ve Tuz G\u00f6l\u00fc alt\u0131nda do\u011falgaz deposu in\u015fas\u0131n\u0131n Rus \u015firketi taraf\u0131ndan yap\u0131lmas\u0131 konular\u0131 konu\u015fuldu. Medyada yer alan haberlerde, Mavi Ak\u0131m-2 ve Samsun-Ceyhan Petrol Boru Hatt\u0131&#8217;n\u0131n hayata ge\u00e7irilmesiyle Rus do\u011falgaz\u0131 ve petrol\u00fcn\u00fcn Hindistan&#8217;a kadar ula\u015ft\u0131r\u0131labilece\u011fini, bu sayede T\u00fcrkiye&#8217;nin de en \u00f6nemli enerji kav\u015fa\u011f\u0131 haline gelece\u011fini belirtiliyor. Rus petrol\u00fcn\u00fcn Burgaz-Dedea\u011fa\u00e7 boru hatt\u0131 yerine Samsun-Ceyhan Boru Hatt\u0131&#8217;ndan ta\u015f\u0131nmas\u0131n\u0131n daha makul oldu\u011funu kaydeden Ankara&#8217;n\u0131n bu tezini Dedea\u011fa\u00e7&#8217;taki limana sadece k\u00fc\u00e7\u00fck gemilerin yana\u015fabilmesini, Ceyhan&#8217;da ise b\u00f6yle bir s\u0131k\u0131nt\u0131n\u0131n olmamas\u0131yla g\u00fc\u00e7lendirdi\u011fini aktar\u0131ld\u0131.<\/p>\n<p style=\"text-align: justify;\">Bug\u00fcn yap\u0131lan g\u00f6r\u00fc\u015fmelerde \u00fc\u00e7 konu \u00f6ne \u00e7\u0131kt\u0131. Birincisi Rusya siyasi \u00e7eki\u015fme ya\u015fad\u0131\u011f\u0131 Ukrayna&#8217;y\u0131 G\u00fcney Ak\u0131m projesiyle ekarte etmek i\u00e7in, boru hatt\u0131n\u0131 T\u00fcrkiye karasular\u0131ndan ge\u00e7irmek istiyordu. Bu ama\u00e7la Karadeniz&#8217;de fizibilite ara\u015ft\u0131rmas\u0131 yapmak \u00fczere bir protokol imzaland\u0131. Rusya\u2019n\u0131n G\u00fcney Ak\u0131m projesini \u0130talya&#8217;n\u0131n Eni \u015firketiyle birlikte y\u00fcr\u00fctmesi nedeniyle bu protokolde \u0130talya Ba\u015fbakan\u0131 Berlusconi&#8217;nin de imzas\u0131 yer al\u0131yor.<\/p>\n<p style=\"text-align: justify;\">Dikkat \u00e7eken ikinci protokol \u00c7al\u0131k grubuna ait Samsun-Ceyhan Petrol Boru Hatt\u0131&#8217;na Rusya&#8217;n\u0131n petrol vermesi konusunda. Proje bug\u00fcne kadar Rusya petrol vermeyi reddetmesi nedeniyle faaliyete ge\u00e7emiyordu. Bu boru hatt\u0131, bo\u011fazlardaki tankerlerle petrol ge\u00e7i\u015f trafi\u011fini hafifletece\u011finden T\u00fcrkiye i\u00e7in \u00f6nem arzediyor.<\/p>\n<p style=\"text-align: justify;\">\u00dc\u00e7\u00fcnc\u00fc protokol ise bar\u0131\u015f\u00e7\u0131l n\u00fckleer enerjide i\u015fbirli\u011fini ama\u00e7l\u0131yor. Akkuyu kurulmas\u0131 planlanan n\u00fckleer santral ihalesine bir Rus-T\u00fcrk ortakl\u0131\u011f\u0131 teklif vermi\u015f, ancak \u015firketin teklifi, elektrik \u00fcretim maliyetini \u00e7ok y\u00fcksek hesaplad\u0131\u011f\u0131 i\u00e7in sorun yaratm\u0131\u015ft\u0131. Bu konuda g\u00f6r\u00fc\u015fmelerin s\u00fcrece\u011fi belirtildi.<\/p>\n<p style=\"text-align: justify;\"><strong>Rusya ile T\u00fcrkiye aras\u0131nda imzalanan protokoller \u015funlar:<\/strong><\/p>\n<p style=\"text-align: justify;\">&#8211; T\u00fcrkiye Cumhuriyeti ile Rusya Federasyonu 9. D\u00f6nem KEK Toplant\u0131s\u0131 Protokol\u00fc,<\/p>\n<p style=\"text-align: justify;\">&#8211; T\u00fcrkiye Cumhuriyeti H\u00fck\u00fcmeti ile Rusya Federasyonu H\u00fck\u00fcmeti aras\u0131nda N\u00fckleer Enerjinin Bar\u0131\u015f\u00e7\u0131l Ama\u00e7larla Kullan\u0131m\u0131na \u0130li\u015fkin \u0130\u015fbirli\u011fi Anla\u015fmas\u0131,<\/p>\n<p style=\"text-align: justify;\">&#8211; T\u00fcrkiye Cumhuriyeti H\u00fck\u00fcmeti ile Rusya Federasyonu H\u00fck\u00fcmeti aras\u0131nda N\u00fckleer Kazalar\u0131n Erken Bildirimi ve N\u00fckleer Tesisler Hakk\u0131nda Bilgi De\u011fi\u015fimi Anla\u015fmas\u0131,<\/p>\n<p style=\"text-align: justify;\">&#8211; T\u00fcrkiye Cumhuriyeti T\u00fcrk Standartlar\u0131 Enstit\u00fcs\u00fc ile Rusya Federasyonu Federal Teknik Reg\u00fclasyon ve Metroloji Servisi Aras\u0131nda Standardizasyon ve Uygunluk De\u011ferlendirmesi Alanlar\u0131nda \u0130\u015fbirli\u011fine \u0130li\u015fkin Memorandum,<\/p>\n<p style=\"text-align: justify;\">&#8211; T\u00fcrkiye Bilimsel ve Teknolojik Ara\u015ft\u0131rma Kurumu (T\u00dcB\u0130TAK) ile Rusya Federal Uzay Ajans\u0131 (ROSCOSMOS) Aras\u0131nda D\u0131\u015f Uzay\u0131n Ke\u015ffi ve Bar\u0131\u015f\u00e7\u0131 Ama\u00e7larla Kullan\u0131m\u0131 Alan\u0131nda \u0130\u015fbirli\u011fine \u0130li\u015fkin Mutabakat Zapt\u0131,<\/p>\n<p style=\"text-align: justify;\">&#8211; E\u011fitim, Bilim, K\u00fclt\u00fcr, Gen\u00e7lik ve Spor Alanlar\u0131nda \u0130\u015fbirli\u011fi Program\u0131 (K\u00fclt\u00fcrel De\u011fi\u015fim Program\u0131-KDP)<\/p>\n<p style=\"text-align: justify;\">&#8211; T\u00fcrkiye Cumhuriyeti Tar\u0131m ve K\u00f6yi\u015fleri Bakanl\u0131\u011f\u0131 ile Rusya Federasyonu Federal Bitki Karantina ve Veterinerlik Servisi Aras\u0131nda \u0130thal ve \u0130hra\u00e7 Edilen Su \u00dcr\u00fcnlerinin G\u0131da G\u00fcvenli\u011fi Konusunda \u0130\u015fbirli\u011fine \u0130li\u015fkin Memorandum,<\/p>\n<p style=\"text-align: justify;\">&#8211; T\u00fcrkiye Cumhuriyeti G\u00fcmr\u00fck M\u00fcste\u015farl\u0131\u011f\u0131 ile Rusya Federasyonu Federal G\u00fcmr\u00fck Servisi Aras\u0131nda G\u00fcmr\u00fck \u0130\u015flemlerine \u0130li\u015fkin Mutabakat Zapt\u0131,<\/p>\n<p style=\"text-align: justify;\">&#8211; T\u00fcrkiye Sermaye Piyasas\u0131 Kurulu ile Rusya Federal Finansal Piyasalar Otoritesi Aras\u0131nda Bilgi Al\u0131\u015fveri\u015fi Hakk\u0131nda Mutabakat.<\/p>\n<p style=\"text-align: justify;\">T\u00fcrk ve Rus medyas\u0131nda bu g\u00f6r\u00fc\u015fmenin tarihi nitelikte oldu\u011fu \u015feklinde abart\u0131l\u0131 haberler yer alsa da ger\u00e7ekte T\u00fcrkiye bug\u00fcne kadar Rusya ile yapt\u0131\u011f\u0131 anla\u015fmalardan hi\u00e7 karl\u0131 \u00e7\u0131kmad\u0131. Daha \u00f6nceki anla\u015fmalara g\u00f6re T\u00fcrkiye Rusya\u2019dan ald\u0131\u011f\u0131 do\u011fal gaz\u0131n bedelinin %80\u2019ini mal olarak \u00f6deyecekti ancak ne yaz\u0131k ki T\u00fcrkiye\u2019den Rusya\u2019ya giden mallar i\u00e7in g\u00fcmr\u00fck kontrolleri s\u0131k\u0131la\u015ft\u0131r\u0131ld\u0131, T\u00fcrkiye\u2019den g\u00f6nderilen mallar\u0131n %70\u2019i tek tek say\u0131l\u0131yor; meyve-sebze gibi \u00fcr\u00fcnlerde \u00e7ok s\u0131k\u0131 denetimler uygulan\u0131yor ve hatta pek \u00e7ok kez iade ediliyor. Vize kolayl\u0131\u011f\u0131 anla\u015fmas\u0131n\u0131 T\u00fcrkiye uygularken, T\u00fcrkler i\u00e7in Rusya\u2019ya vize almak ba\u015fl\u0131 ba\u015f\u0131na bir problem haline geldi. Her ne kadar hem Erdo\u011fan hem de Putin iddilar\u0131 reddedip, yap\u0131lan protokolleri enerjide \u00e7e\u015fitlilik olarak de\u011ferlendirse de mevcut durumu g\u00f6zden ge\u00e7irince asl\u0131nda Putin\u2019in ziyaretinin Nabucco Ak\u0131m\u0131 projesini baltalamaktan ba\u015fka bir ama\u00e7 ta\u015f\u0131mad\u0131\u011f\u0131 net bir \u015fekilde g\u00f6r\u00fcl\u00fcyor.<\/p>\n<p style=\"text-align: justify;\">Sava\u015f su\u00e7lusu Putin\u2019in T\u00fcrkiye\u2019ye geli\u015fi ise her zaman ki gibi olays\u0131z olmad\u0131. \u0130lk eylem Ankara\u2019dayd\u0131. Greenpeace isimli sivil toplum \u00f6rg\u00fct\u00fc Putin\u2019in protesto g\u00f6sterileriyle kar\u015f\u0131lad\u0131, g\u00f6stericilere izin verilmemesi nedeniyle arbede ya\u015fand\u0131. Matru\u015fkal\u0131 Putin kar\u015f\u0131t\u0131 eylem, Avrupa&#8217;daki G8 Zirveleri&#8217;ndeki protestolar\u0131 aratmad\u0131. Greenpeace yine zeka dolu protestosuyla g\u00fcndem yaratmay\u0131 ba\u015fard\u0131. Putin, Ruslar&#8217;\u0131n geneleksel fig\u00fcr\u00fc olan matru\u015fka bebekleriyle protesto edildi. Erdo\u011fan \u015feklindeki bebe\u011finin i\u00e7inden Putin, Putin&#8217;in i\u00e7inden kuru kafal\u0131 bebekler \u00e7\u0131kt\u0131. Eylemciler \u201cEnerji devrimi \u015fimdi\u201d, \u201cN\u00fckleer? Hay\u0131r te\u015fekk\u00fcrler\u201d yaz\u0131l\u0131 d\u00f6vizleri de ta\u015f\u0131d\u0131. Yap\u0131lan bas\u0131n a\u00e7\u0131klamas\u0131nda N\u00fckleer Santral ihalesinin g\u00f6r\u00fc\u015fme konular\u0131 aras\u0131nda yer ald\u0131\u011f\u0131 ifade edildi ve \u201cBu pazarl\u0131kta kimin kaybedece\u011fi belli. Bu u\u011furda harcanacak milyarlarca lire T\u00fcrk halk\u0131n\u0131n cebinden \u00e7\u0131kacakt\u0131r\u201d denildi.<\/p>\n<p style=\"text-align: justify;\">\u0130kinci protesto g\u00f6sterisi ise \u0130stanbul Taksim\u2019de \u0130mkan-Der isimli sivil toplum \u00f6rg\u00fct\u00fcm\u00fcn\u00fcn giri\u015fimiyle yap\u0131ld\u0131. &#8220;Katil Putin T\u00fcrkiye&#8217;den defol&#8221; yaz\u0131l\u0131 pankart\u0131n yan\u0131s\u0131ra \u00c7e\u00e7en bayraklar\u0131 ile \u00fczerinde \u201cYa\u015fas\u0131n Ba\u011f\u0131ms\u0131z Kafkasya\u201d, \u201c\u015eehidlerin Yolunu S\u00fcrd\u00fcrece\u011fiz\u201d, \u201cKatil Putin Kafkasya&#8217;dan Defol\u201d, \u201cKukla Kadirov Hesap Verecek\u201d, \u201cKafkasya M\u00fccadelemiz S\u00fcrecektir\u201d, \u201cKatil Rusya Hesap Verecek\u201d, \u201c\u015eehidlerin Yolu Yolumuzdur\u201d, \u201c\u00c7e\u00e7en Halk\u0131 Yanl\u0131z De\u011fildir\u201d \u015feklinde \u0130ngilizce, Rus\u00e7a ve T\u00fcrk\u00e7e d\u00f6vizler ta\u015f\u0131nd\u0131. Dernek y\u00f6neticileri ile bir s\u00fcre \u00f6nce Rusya&#8217;ya iadesi g\u00fcndeme gelen \u00c7e\u00e7en \u0130mran Abdulazimov da g\u00f6steri alan\u0131nda birer konu\u015fma yapt\u0131.<\/p>\n<p style=\"text-align: justify;\"><span style=\"text-decoration: underline;\"><strong>Greenpeace&#8217;in Ankara&#8217;daki protestosundan foto\u011fraflar:<\/strong><\/span><\/p>\n<p style=\"text-align: justify;\"><span style=\"text-decoration: underline;\"><strong><img loading=\"lazy\" decoding=\"async\" class=\"alignnone size-full wp-image-5205\" src=\"http:\/\/www.waynakh.com\/tr\/wp-content\/uploads\/2009\/08\/greenpeace-protest-against-putin-ankara-6-august-2009-1.jpg\" alt=\"\" width=\"400\" height=\"291\" srcset=\"http:\/\/www.waynakh.com\/tr\/wp-content\/uploads\/2009\/08\/greenpeace-protest-against-putin-ankara-6-august-2009-1.jpg 400w, http:\/\/www.waynakh.com\/tr\/wp-content\/uploads\/2009\/08\/greenpeace-protest-against-putin-ankara-6-august-2009-1-300x218.jpg 300w\" sizes=\"(max-width: 400px) 100vw, 400px\" \/><\/strong><\/span><\/p>\n<p style=\"text-align: justify;\"><span style=\"text-decoration: underline;\"><strong><img loading=\"lazy\" decoding=\"async\" class=\"alignnone size-full wp-image-5206\" src=\"http:\/\/www.waynakh.com\/tr\/wp-content\/uploads\/2009\/08\/greenpeace-protest-against-putin-ankara-6-august-2009-2.jpg\" alt=\"\" width=\"400\" height=\"284\" srcset=\"http:\/\/www.waynakh.com\/tr\/wp-content\/uploads\/2009\/08\/greenpeace-protest-against-putin-ankara-6-august-2009-2.jpg 400w, http:\/\/www.waynakh.com\/tr\/wp-content\/uploads\/2009\/08\/greenpeace-protest-against-putin-ankara-6-august-2009-2-300x213.jpg 300w\" sizes=\"(max-width: 400px) 100vw, 400px\" \/><\/strong><\/span><\/p>\n<p style=\"text-align: justify;\"><span style=\"text-decoration: underline;\"><strong><img loading=\"lazy\" decoding=\"async\" class=\"alignnone size-full wp-image-5207\" src=\"http:\/\/www.waynakh.com\/tr\/wp-content\/uploads\/2009\/08\/greenpeace-protest-against-putin-ankara-6-august-2009-3.jpg\" alt=\"\" width=\"400\" height=\"273\" srcset=\"http:\/\/www.waynakh.com\/tr\/wp-content\/uploads\/2009\/08\/greenpeace-protest-against-putin-ankara-6-august-2009-3.jpg 400w, http:\/\/www.waynakh.com\/tr\/wp-content\/uploads\/2009\/08\/greenpeace-protest-against-putin-ankara-6-august-2009-3-300x204.jpg 300w\" sizes=\"(max-width: 400px) 100vw, 400px\" \/><\/strong><\/span><\/p>\n<p style=\"text-align: justify;\"><span style=\"text-decoration: underline;\"><strong><img loading=\"lazy\" decoding=\"async\" class=\"alignnone size-full wp-image-5208\" src=\"http:\/\/www.waynakh.com\/tr\/wp-content\/uploads\/2009\/08\/greenpeace-protest-against-putin-ankara-6-august-2009-4.jpg\" alt=\"\" width=\"400\" height=\"249\" srcset=\"http:\/\/www.waynakh.com\/tr\/wp-content\/uploads\/2009\/08\/greenpeace-protest-against-putin-ankara-6-august-2009-4.jpg 400w, http:\/\/www.waynakh.com\/tr\/wp-content\/uploads\/2009\/08\/greenpeace-protest-against-putin-ankara-6-august-2009-4-300x186.jpg 300w\" sizes=\"(max-width: 400px) 100vw, 400px\" \/><\/strong><\/span><\/p>\n<p style=\"text-align: justify;\"><span style=\"text-decoration: underline;\"><strong><img loading=\"lazy\" decoding=\"async\" class=\"alignnone size-full wp-image-5210\" src=\"http:\/\/www.waynakh.com\/tr\/wp-content\/uploads\/2009\/08\/greenpeace-protest-against-putin-ankara-6-august-2009-6.jpg\" alt=\"\" width=\"366\" height=\"550\" srcset=\"http:\/\/www.waynakh.com\/tr\/wp-content\/uploads\/2009\/08\/greenpeace-protest-against-putin-ankara-6-august-2009-6.jpg 366w, http:\/\/www.waynakh.com\/tr\/wp-content\/uploads\/2009\/08\/greenpeace-protest-against-putin-ankara-6-august-2009-6-199x300.jpg 199w\" sizes=\"(max-width: 366px) 100vw, 366px\" \/><\/strong><\/span><\/p>\n<p style=\"text-align: justify;\"><span style=\"text-decoration: underline;\"><strong><img loading=\"lazy\" decoding=\"async\" class=\"alignnone size-full wp-image-5211\" src=\"http:\/\/www.waynakh.com\/tr\/wp-content\/uploads\/2009\/08\/greenpeace-protest-against-putin-ankara-6-august-2009-7.jpg\" alt=\"\" width=\"400\" height=\"266\" srcset=\"http:\/\/www.waynakh.com\/tr\/wp-content\/uploads\/2009\/08\/greenpeace-protest-against-putin-ankara-6-august-2009-7.jpg 400w, http:\/\/www.waynakh.com\/tr\/wp-content\/uploads\/2009\/08\/greenpeace-protest-against-putin-ankara-6-august-2009-7-300x199.jpg 300w\" sizes=\"(max-width: 400px) 100vw, 400px\" \/><\/strong><\/span><\/p>\n<p style=\"text-align: justify;\"><span style=\"text-decoration: underline;\"><strong><img loading=\"lazy\" decoding=\"async\" class=\"alignnone size-full wp-image-5212\" src=\"http:\/\/www.waynakh.com\/tr\/wp-content\/uploads\/2009\/08\/greenpeace-protest-against-putin-ankara-6-august-2009-8.jpg\" alt=\"\" width=\"400\" height=\"302\" srcset=\"http:\/\/www.waynakh.com\/tr\/wp-content\/uploads\/2009\/08\/greenpeace-protest-against-putin-ankara-6-august-2009-8.jpg 400w, http:\/\/www.waynakh.com\/tr\/wp-content\/uploads\/2009\/08\/greenpeace-protest-against-putin-ankara-6-august-2009-8-300x226.jpg 300w\" sizes=\"(max-width: 400px) 100vw, 400px\" \/><br \/>\n<\/strong><\/span><\/p>\n<p style=\"text-align: justify;\"><strong><span style=\"text-decoration: underline;\">\u0130mkan-Der&#8217;in \u0130stanbul&#8217;daki protestosundan foto\u011fraflar:<\/span><\/strong><\/p>\n<p style=\"text-align: justify;\"><strong><span style=\"text-decoration: underline;\"><img loading=\"lazy\" decoding=\"async\" class=\"alignnone size-full wp-image-5213\" src=\"http:\/\/www.waynakh.com\/tr\/wp-content\/uploads\/2009\/08\/imkander-putin-gosteri-istanbul-6-agustos-2009-1.jpg\" alt=\"\" width=\"480\" height=\"322\" srcset=\"http:\/\/www.waynakh.com\/tr\/wp-content\/uploads\/2009\/08\/imkander-putin-gosteri-istanbul-6-agustos-2009-1.jpg 600w, http:\/\/www.waynakh.com\/tr\/wp-content\/uploads\/2009\/08\/imkander-putin-gosteri-istanbul-6-agustos-2009-1-300x201.jpg 300w\" sizes=\"(max-width: 480px) 100vw, 480px\" \/><\/span><\/strong><\/p>\n<p style=\"text-align: justify;\"><strong><span style=\"text-decoration: underline;\"><img loading=\"lazy\" decoding=\"async\" class=\"alignnone size-full wp-image-5214\" src=\"http:\/\/www.waynakh.com\/tr\/wp-content\/uploads\/2009\/08\/imkander-putin-gosteri-istanbul-6-agustos-2009-2.jpg\" alt=\"\" width=\"480\" height=\"322\" srcset=\"http:\/\/www.waynakh.com\/tr\/wp-content\/uploads\/2009\/08\/imkander-putin-gosteri-istanbul-6-agustos-2009-2.jpg 600w, http:\/\/www.waynakh.com\/tr\/wp-content\/uploads\/2009\/08\/imkander-putin-gosteri-istanbul-6-agustos-2009-2-300x201.jpg 300w\" sizes=\"(max-width: 480px) 100vw, 480px\" \/><\/span><\/strong><\/p>\n<p style=\"text-align: justify;\"><strong><span style=\"text-decoration: underline;\"><img loading=\"lazy\" decoding=\"async\" class=\"alignnone size-full wp-image-5215\" src=\"http:\/\/www.waynakh.com\/tr\/wp-content\/uploads\/2009\/08\/imkander-putin-gosteri-istanbul-6-agustos-2009-3.jpg\" alt=\"\" width=\"480\" height=\"322\" srcset=\"http:\/\/www.waynakh.com\/tr\/wp-content\/uploads\/2009\/08\/imkander-putin-gosteri-istanbul-6-agustos-2009-3.jpg 600w, http:\/\/www.waynakh.com\/tr\/wp-content\/uploads\/2009\/08\/imkander-putin-gosteri-istanbul-6-agustos-2009-3-300x201.jpg 300w\" sizes=\"(max-width: 480px) 100vw, 480px\" \/><br \/>\n<\/span><\/strong><\/p>\n","protected":false},"excerpt":{"rendered":"<p>Sava\u015f su\u00e7lusu Rusya Ba\u015fbakan\u0131 Vladimir Putin bug\u00fcn T\u00fcrkiye\u2019ye enerji temal\u0131 k\u0131sa s\u00fcreli bir ziyaret yaparken, Ankara\u2019da ve \u0130stanbul\u2019da Putin aleyhinde protesto g\u00f6sterileri vard\u0131.<\/p>\n","protected":false},"author":3,"featured_media":0,"comment_status":"open","ping_status":"open","sticky":false,"template":"","format":"standard","meta":{"ngg_post_thumbnail":0,"footnotes":""},"categories":[1],"tags":[738,1164,1165,667],"views":4628,"_links":{"self":[{"href":"http:\/\/www.waynakh.com\/tr\/wp-json\/wp\/v2\/posts\/5202"}],"collection":[{"href":"http:\/\/www.waynakh.com\/tr\/wp-json\/wp\/v2\/posts"}],"about":[{"href":"http:\/\/www.waynakh.com\/tr\/wp-json\/wp\/v2\/types\/post"}],"author":[{"embeddable":true,"href":"http:\/\/www.waynakh.com\/tr\/wp-json\/wp\/v2\/users\/3"}],"replies":[{"embeddable":true,"href":"http:\/\/www.waynakh.com\/tr\/wp-json\/wp\/v2\/comments?post=5202"}],"version-history":[{"count":4,"href":"http:\/\/www.waynakh.com\/tr\/wp-json\/wp\/v2\/posts\/5202\/revisions"}],"predecessor-version":[{"id":5218,"href":"http:\/\/www.waynakh.com\/tr\/wp-json\/wp\/v2\/posts\/5202\/revisions\/5218"}],"wp:attachment":[{"href":"http:\/\/www.waynakh.com\/tr\/wp-json\/wp\/v2\/media?parent=5202"}],"wp:term":[{"taxonomy":"category","embeddable":true,"href":"http:\/\/www.waynakh.com\/tr\/wp-json\/wp\/v2\/categories?post=5202"},{"taxonomy":"post_tag","embeddable":true,"href":"http:\/\/www.waynakh.com\/tr\/wp-json\/wp\/v2\/tags?post=5202"}],"curies":[{"name":"wp","href":"https:\/\/api.w.org\/{rel}","templated":true}]}}