{"id":547,"date":"2008-09-06T13:51:22","date_gmt":"2008-09-06T11:51:22","guid":{"rendered":"http:\/\/www.zelimhan.com\/?p=311"},"modified":"2008-09-06T13:51:22","modified_gmt":"2008-09-06T11:51:22","slug":"ichkeria-nin-bagimsizligini-ilan-edisinin-17yildonumu","status":"publish","type":"post","link":"http:\/\/www.waynakh.com\/tr\/2008\/09\/ichkeria-nin-bagimsizligini-ilan-edisinin-17yildonumu\/","title":{"rendered":"\u0130chkeria&#8217; n\u0131n Ba\u011f\u0131ms\u0131zl\u0131\u011f\u0131n\u0131 \u0130lan Edi\u015finin 17.Y\u0131ld\u00f6n\u00fcm\u00fc"},"content":{"rendered":"<p>Bug\u00fcn 6 Eyl\u00fcl 2008, \u00c7e\u00e7en Cumhuriyeti \u0130chkeria&#8217; n\u0131n ba\u011f\u0131ms\u0131zl\u0131\u011f\u0131n\u0131 ilan edi\u015finin 17.y\u0131ld\u00f6n\u00fcm\u00fc.<!--more--><\/p>\n<p align=\"justify\">1990 y\u0131l\u0131nda toplanan \u00c7e\u00e7en Halk Kongresi ba\u011f\u0131ms\u0131zl\u0131k karar\u0131 alm\u0131\u015f olmas\u0131na ra\u011fmen Moskova yanl\u0131s\u0131 \u00c7e\u00e7en \u0130ngu\u015f Cumhuriyeti Y\u00fcksek Sovyet Ba\u015fkan\u0131 Doku Zavgayev&#8217; in \u00e7abalar\u0131 ile ba\u011f\u0131ms\u0131zl\u0131k karar\u0131n\u0131n ya\u015fam bulmas\u0131 engelleniyordu. Ba\u011f\u0131ms\u0131zl\u0131k isteyen \u00c7e\u00e7en halk\u0131 Bakanlar Kurulu binas\u0131 \u00f6n\u00fcnde s\u00fcresiz mitinge ba\u015flayarak Zavgayev&#8217; e mesaj vermeye \u00e7al\u0131\u015ft\u0131. Zavgayev&#8217; in uzla\u015fmas\u0131z tutumu ve ba\u011f\u0131ms\u0131zl\u0131k karar\u0131na kar\u015f\u0131 \u00e7\u0131k\u0131\u015f\u0131 devam edince \u00c7e\u00e7en halk\u0131n\u0131n sabr\u0131 t\u00fckendi ve Y\u00fcksek Sovyet y\u00f6netimi ala\u015fa\u011f\u0131 edildi, Y\u00fcksek Sovyet Y\u00f6netim binalar\u0131, \u0130\u00e7i\u015fleri Bakanl\u0131\u011f\u0131 binas\u0131 ve KGB binas\u0131 ele ge\u00e7irilerek \u00c7e\u00e7en Halk Kongresi&#8217; nin denetimi alt\u0131na al\u0131nd\u0131. B\u00f6ylelikle 6 Eyl\u00fcl g\u00fcn\u00fc \u00f6zg\u00fcrl\u00fc\u011fe susam\u0131\u015f \u00c7e\u00e7en halk\u0131n\u0131n yapt\u0131\u011f\u0131 devrim sayesinde \u0130chkeria&#8217; n\u0131n ba\u011f\u0131ms\u0131zl\u0131\u011f\u0131 ilan edilebildi.<\/p>\n<p align=\"justify\">6 Eyl\u00fcl 1991 tarihinde \u00d6zg\u00fcrl\u00fck Meydan\u0131nda toplanan \u00c7e\u00e7en halk\u0131, genciyle ya\u015fl\u0131s\u0131yla, kad\u0131n\u0131yla erke\u011fiyle, b\u00fcy\u00fc\u011f\u00fcyle k\u00fc\u00e7\u00fc\u011f\u00fcyle ba\u011f\u0131ms\u0131zl\u0131\u011f\u0131n ilan\u0131n\u0131 bekliyordu. Devlet Ba\u015fkanl\u0131\u011f\u0131 binas\u0131nda g\u00f6r\u00fcnen Cohar Dudaev \u00c7e\u00e7en halk\u0131na \u015f\u00f6yle sesleniyordu:<\/p>\n<p align=\"justify\">&#8220;<strong>Ey \u00d6zg\u00fcrl\u00fck sevgilileri! <\/strong><\/p>\n<p align=\"justify\"><strong>As\u0131rlar sonra halk\u0131m\u0131za \u00f6zg\u00fcrl\u00fc\u011f\u00fc nasip eden y\u00fcce Rabbimize hamd olsun. \u00c7e\u00e7enya&#8217; n\u0131n ba\u011f\u0131ms\u0131zl\u0131\u011f\u0131 ve \u0130slam&#8217;\u0131n bu topraklarda ebediyen varolmas\u0131 u\u011fruna kanlar\u0131n\u0131 ak\u0131tan aziz \u015fehidlerimizi, \u0130mam Mansurlar\u0131, \u0130mam Muhammedleri, \u0130mam Khamzatlar\u0131, \u0130mam \u015eamilleri rahmet ve \u015f\u00fckranla an\u0131yoruz. Da\u011f\u0131lan Sovyetler Birli\u011fi&#8217; nden sonra her halk gibi biz de uluslararas\u0131 hukuk kurallar\u0131ndan\u00a0do\u011fan ba\u011f\u0131ms\u0131zl\u0131k hakk\u0131m\u0131z\u0131 kullanmak amac\u0131yla\u00a0ger\u00e7ekle\u015ftirdi\u011fimiz referandumda halk\u0131m\u0131z\u0131n % 97.6&#8217;s\u0131n\u0131n onay vermesiyle ba\u011f\u0131ms\u0131zl\u0131k elde edilmi\u015f oldu. \u00c7e\u00e7en halk\u0131n\u0131n bu karar\u0131n\u0131 BM\u00a0ile t\u00fcm uluslararas\u0131 kurulu\u015flara ve t\u00fcm d\u00fcnya milletlerine ilan ediyorum. \u00c7e\u00e7enya bug\u00fcnden sonra art\u0131k m\u00fcstakil bir \u00fclkedir ve d\u00fcnya var olduk\u00e7a hep \u00f6yle kalacakt\u0131r.<\/p>\n<p><\/strong><strong>\u0130mam Mansurlar\u0131n, \u0130mam Hamzatlar\u0131n, \u015eeyh \u015eamillerin torunlar\u0131! Kafkas halklar\u0131n\u0131n \u00f6nc\u00fc g\u00fc\u00e7leri, Ey kahraman halk\u0131m!<\/strong><\/p>\n<p align=\"justify\"><strong>Allah\u0131n huzurunda ve sizin \u00f6n\u00fcn\u00fczde yemin ediyorum ki ilan edilen bu ba\u011f\u0131ms\u0131zl\u0131k ve egemenli\u011fimizi hedef alan her t\u00fcrl\u00fc sald\u0131r\u0131 ve i\u015fgale kar\u015f\u0131 bir nefer olarak kan\u0131m\u0131n son damlas\u0131na kadar sava\u015faca\u011f\u0131m. \u00dczerimdeki \u00fcniformam kefenim, \u015fahadet ise r\u00fctbem olacakt\u0131r..&#8221;<\/strong><\/p>\n<p align=\"justify\"><strong>Waynakh.com<\/strong>\u00a0y\u00f6netimi olarak t\u00fcm \u00c7e\u00e7en halk\u0131n\u0131n Ba\u011f\u0131ms\u0131zl\u0131k G\u00fcn\u00fc&#8217; n\u00fc kutluyor, bu vesileyle \u00c7e\u00e7enya&#8217; daki i\u015fgalin ve katliam\u0131n bir an \u00f6nce son bulmas\u0131n\u0131 temenni ediyoruz.<\/p>\n","protected":false},"excerpt":{"rendered":"<p>Bug\u00fcn 6 Eyl\u00fcl 2008, \u00c7e\u00e7en Cumhuriyeti \u0130chkeria&#8217; n\u0131n ba\u011f\u0131ms\u0131zl\u0131\u011f\u0131n\u0131 ilan edi\u015finin 17.y\u0131ld\u00f6n\u00fcm\u00fc.<\/p>\n","protected":false},"author":1,"featured_media":0,"comment_status":"open","ping_status":"open","sticky":false,"template":"","format":"standard","meta":{"ngg_post_thumbnail":0,"footnotes":""},"categories":[1],"tags":[],"views":3486,"_links":{"self":[{"href":"http:\/\/www.waynakh.com\/tr\/wp-json\/wp\/v2\/posts\/547"}],"collection":[{"href":"http:\/\/www.waynakh.com\/tr\/wp-json\/wp\/v2\/posts"}],"about":[{"href":"http:\/\/www.waynakh.com\/tr\/wp-json\/wp\/v2\/types\/post"}],"author":[{"embeddable":true,"href":"http:\/\/www.waynakh.com\/tr\/wp-json\/wp\/v2\/users\/1"}],"replies":[{"embeddable":true,"href":"http:\/\/www.waynakh.com\/tr\/wp-json\/wp\/v2\/comments?post=547"}],"version-history":[{"count":1,"href":"http:\/\/www.waynakh.com\/tr\/wp-json\/wp\/v2\/posts\/547\/revisions"}],"predecessor-version":[{"id":620,"href":"http:\/\/www.waynakh.com\/tr\/wp-json\/wp\/v2\/posts\/547\/revisions\/620"}],"wp:attachment":[{"href":"http:\/\/www.waynakh.com\/tr\/wp-json\/wp\/v2\/media?parent=547"}],"wp:term":[{"taxonomy":"category","embeddable":true,"href":"http:\/\/www.waynakh.com\/tr\/wp-json\/wp\/v2\/categories?post=547"},{"taxonomy":"post_tag","embeddable":true,"href":"http:\/\/www.waynakh.com\/tr\/wp-json\/wp\/v2\/tags?post=547"}],"curies":[{"name":"wp","href":"https:\/\/api.w.org\/{rel}","templated":true}]}}