{"id":5905,"date":"2009-10-13T11:22:00","date_gmt":"2009-10-13T08:22:00","guid":{"rendered":"http:\/\/www.waynakh.com\/tr\/?p=5905"},"modified":"2009-10-13T11:47:23","modified_gmt":"2009-10-13T08:47:23","slug":"azerbaycanda-tutuklanan-cecen-gazeteci-serbest-birakildi","status":"publish","type":"post","link":"http:\/\/www.waynakh.com\/tr\/2009\/10\/azerbaycanda-tutuklanan-cecen-gazeteci-serbest-birakildi\/","title":{"rendered":"Azerbaycan&#8217;da Tutuklanan \u00c7e\u00e7en Gazeteci Serbest B\u0131rak\u0131ld\u0131"},"content":{"rendered":"<p style=\"text-align: justify;\">Azerbaycan&#8217;da tutuklanan \u00c7e\u00e7enya&#8217;n\u0131n umut vaadeden gen\u00e7 gazetecilerinden Asya Umarova bug\u00fcn serbest b\u0131rak\u0131ld\u0131.<!--more--><\/p>\n<p style=\"text-align: justify;\">\n<p style=\"text-align: justify;\">\u00c7e\u00e7en gazeteci Asya Umarova, Kafkasya&#8217;n\u0131n de\u011fi\u015fik b\u00f6lgelerinden gelen gazetecilerle birlikte 12 Ekim 2009 tarihinde G\u00fcrcistan&#8217;\u0131n ba\u015fkenti Tiflis&#8217;te Radyo Liberty i\u00e7in \u00e7al\u0131\u015fan tan\u0131nm\u0131\u015f gazeteci Andrei Babitsky&#8217;nin verdi\u011fi &#8220;Bar\u0131\u015f i\u00e7in Gazetecilik&#8221; isimli gazetecilik seminerine kat\u0131ld\u0131. Umarova seminerin ard\u0131ndan Azerbaycan&#8217;a ge\u00e7ti. Umarova&#8217;n\u0131n Azerbaycan&#8217;da tutukland\u0131\u011f\u0131na ili\u015fkin haberlere Rusya ve Kafkasya medyas\u0131nda yer verilirken, \u00c7e\u00e7en gazetecinin tutuklanma nedeni de, ni\u00e7in \u00c7e\u00e7enya&#8217;ya d\u00f6nmeyerek Azerbaycan&#8217;a gitti\u011fi de bilinmiyordu. Bug\u00fcn \u00f6\u011flen saatlerinde serbest b\u0131rak\u0131lan \u00c7e\u00e7en gazetecinin tutuklanma nedeninin pasaportunda yer alan Ermenistan s\u0131n\u0131r\u0131ndan ge\u00e7ti\u011fine ili\u015fkin m\u00fch\u00fcr oldu\u011fu \u00f6\u011frenildi.<\/p>\n<p style=\"text-align: justify;\">\n<p style=\"text-align: justify;\"><img loading=\"lazy\" decoding=\"async\" class=\"alignright size-full wp-image-5907\" title=\"Asya Umarova\" src=\"http:\/\/www.waynakh.com\/tr\/wp-content\/uploads\/2009\/10\/asya-umarova.jpg\" alt=\"Asya Umarova\" width=\"204\" height=\"153\" \/>\u00c7e\u00e7en Asya Umarova, \u00f6n\u00fcm\u00fczdeki Kas\u0131m ay\u0131nda 24 ya\u015f\u0131na girecek olmas\u0131na ra\u011fmen son derece ba\u015far\u0131l\u0131 gazeteci ve aktivist. 2008 y\u0131l\u0131nda \u00c7e\u00e7enya Devlet \u00dcniversitesi&#8217;nin Gazetecilik B\u00f6l\u00fcm\u00fc&#8217;nden mezun olan Asya Umarova birka\u00e7 y\u0131ld\u0131r \u00c7e\u00e7enya&#8217;daki silahl\u0131 \u00e7at\u0131\u015fma ve insan haklar\u0131 gibi son derece hassas konularda uluslararas\u0131 medyaya yaz\u0131lar yaz\u0131yor. 2007 ilkbahar\u0131nda Birle\u015fmi\u015f Milletler \u0130nsan Haklar\u0131 Y\u00fcksek Komiserli\u011fi (OHCHR)&#8217;nin prestijli &#8220;Az\u0131nl\u0131klar Bursu&#8221;nu kazand\u0131 ve birka\u00e7 ay boyunca Strasbourg ve Genova&#8217;da uluslararas\u0131 hukuk e\u011fitimi ald\u0131. 2008 y\u0131l\u0131nda ald\u0131\u011f\u0131 bir burs ile Ermenistan&#8217;\u0131n ba\u015fkenti Erivan&#8217;daki Kafkas Enstit\u00fcs\u00fc&#8217;n\u00fcn profosyonel gazetecilik kursuna devam etti ve 2009 yaz\u0131nda mezun oldu. Bir gazeteci olarak \u00e7al\u0131\u015fmas\u0131na ve e\u011fitimini s\u00fcrd\u00fcrmesinin yan\u0131 s\u0131ra, gen\u00e7li\u011finin ilk y\u0131llar\u0131ndan beri \u00e7at\u0131\u015fman\u0131n \u00e7\u00f6z\u00fcm\u00fc i\u00e7in \u00e7al\u0131\u015fan yerel ve uluslararas\u0131 insan haklar\u0131 \u00f6rg\u00fctleri i\u00e7in g\u00f6n\u00fcll\u00fc olarak \u00e7al\u0131\u015ft\u0131. \u0130nsan haklar\u0131 alan\u0131nda uzman bir gazeteci olmak i\u00e7in Avrupa ve Kafkasya&#8217;ya \u00e7e\u015fitli ziyaretler yapt\u0131.<\/p>\n","protected":false},"excerpt":{"rendered":"<p>Azerbaycan&#8217;da tutuklanan \u00c7e\u00e7enya&#8217;n\u0131n umut vaadeden gen\u00e7 gazetecilerinden Asya Umarova bug\u00fcn serbest b\u0131rak\u0131ld\u0131.<\/p>\n","protected":false},"author":3,"featured_media":0,"comment_status":"open","ping_status":"open","sticky":false,"template":"","format":"standard","meta":{"ngg_post_thumbnail":0,"footnotes":""},"categories":[1],"tags":[1380,1379],"views":5193,"_links":{"self":[{"href":"http:\/\/www.waynakh.com\/tr\/wp-json\/wp\/v2\/posts\/5905"}],"collection":[{"href":"http:\/\/www.waynakh.com\/tr\/wp-json\/wp\/v2\/posts"}],"about":[{"href":"http:\/\/www.waynakh.com\/tr\/wp-json\/wp\/v2\/types\/post"}],"author":[{"embeddable":true,"href":"http:\/\/www.waynakh.com\/tr\/wp-json\/wp\/v2\/users\/3"}],"replies":[{"embeddable":true,"href":"http:\/\/www.waynakh.com\/tr\/wp-json\/wp\/v2\/comments?post=5905"}],"version-history":[{"count":3,"href":"http:\/\/www.waynakh.com\/tr\/wp-json\/wp\/v2\/posts\/5905\/revisions"}],"predecessor-version":[{"id":5909,"href":"http:\/\/www.waynakh.com\/tr\/wp-json\/wp\/v2\/posts\/5905\/revisions\/5909"}],"wp:attachment":[{"href":"http:\/\/www.waynakh.com\/tr\/wp-json\/wp\/v2\/media?parent=5905"}],"wp:term":[{"taxonomy":"category","embeddable":true,"href":"http:\/\/www.waynakh.com\/tr\/wp-json\/wp\/v2\/categories?post=5905"},{"taxonomy":"post_tag","embeddable":true,"href":"http:\/\/www.waynakh.com\/tr\/wp-json\/wp\/v2\/tags?post=5905"}],"curies":[{"name":"wp","href":"https:\/\/api.w.org\/{rel}","templated":true}]}}