{"id":600,"date":"2008-11-14T13:12:14","date_gmt":"2008-11-14T11:12:14","guid":{"rendered":"http:\/\/www.zelimhan.com\/?p=269"},"modified":"2008-11-14T13:12:14","modified_gmt":"2008-11-14T11:12:14","slug":"medet-unlu-cami-putin-ve-kukla","status":"publish","type":"post","link":"http:\/\/www.waynakh.com\/tr\/2008\/11\/medet-unlu-cami-putin-ve-kukla\/","title":{"rendered":"Medet \u00dcnl\u00fc: &#8220;Cami, Putin ve Kukla&#8221;"},"content":{"rendered":"<p>M\u00fcsl\u00fcmanlar\u0131n ibadethanesini Kukla ve koluna girdi\u011fi PUT\u0130N ve PAPA birlikte a\u00e7t\u0131lar. Elleri M\u00fcsl\u00fcman kanlar\u0131yla dolu kafirler ve onlar\u0131 egemen bey sanan dangalaklar m\u00fcsl\u00fcmanlar\u0131 cami ile avlamaya \u00e7\u0131kt\u0131lar.<!--more--><\/p>\n<p align=\"justify\">\u00c7e\u00e7enistan\u2019\u0131n ba\u015fkenti CAHARKALE devasa b\u00fcy\u00fckl\u00fckte,K\u0131ta Avrupas\u0131n\u0131n en g\u00f6rkemli camisine kavu\u015ftu. 18 y\u0131ld\u0131r ba\u011f\u0131ms\u0131zl\u0131k taleplerinden vazge\u00e7irilmek istenen \u00c7e\u00e7en Halk\u0131na bu g\u00fcne kadar yapmad\u0131\u011f\u0131 zul\u00fcm kalmayan Rusya\u2019n\u0131n, ta\u015f \u00fcst\u00fcnde ta\u015f b\u0131rakmadan harabeye d\u00f6nd\u00fcrd\u00fc\u011f\u00fc \u00c7e\u00e7enistan yeniden imar ediliyor.Ya\u015fayan insanlara bu g\u00fcne kadar olanlar\u0131n unutturulmas\u0131 i\u00e7in her t\u00fcrl\u00fc kolayl\u0131k seferber ediliyor.D\u00fczen intizam sa\u011flanm\u0131\u015f hi\u00e7bir problem ya\u015fanmayan ve sava\u015f\u0131n son izlerinin de silinmesi i\u00e7in insan\u00fcst\u00fc bir gayretin g\u00f6sterildi\u011fi yer olmu\u015f \u00c7e\u00e7enistan. Bundan b\u00f6yle \u00c7e\u00e7enistan ile sava\u015f kelimeleri yan yana kullan\u0131lmayacak(!)<\/p>\n<p>Yukar\u0131daki c\u00fcmleler sizlere ne anlat\u0131yor? Yahu \u00c7e\u00e7enler \u00e7ok \u00e7ile \u00e7ekmi\u015flerdi, rahatlamalar\u0131na sevindik dememiz mi? Veya zaten kazan\u0131lmayaca\u011f\u0131 a\u015fikar olan bu sava\u015flarda \u00c7e\u00e7en maceraperestli\u011fini izledikte giden canlara yaz\u0131k oldu dememiz mi? Yoksa \u00c7e\u00e7enler bu ba\u011f\u0131ms\u0131zl\u0131k i\u015fine hi\u00e7 girmemelilerdi, Rusya ile bar\u0131\u015f\u0131k rahat\u00e7a ya\u015famal\u0131lard\u0131 m\u0131? diyece\u011fiz.Ya da duygusal yakla\u015f\u0131mlarla, i\u015fi oldu bittiye getirmek isteyen Rusya ve onun ad\u0131na \u00e7anak yalay\u0131c\u0131l\u0131\u011f\u0131 yapan kuklalar\u0131n propagandalar\u0131na inanarak var olan ve Rusya istedi diye bitmesi m\u00fcmk\u00fcn olmayan ba\u011f\u0131ms\u0131zl\u0131k m\u00fccadelesini anlamaya \u00e7al\u0131\u015farak destek mi olaca\u011f\u0131z?<\/p>\n<p>Evet \u00c7e\u00e7enistan\u2019da cami yap\u0131ld\u0131. Devasa ve g\u00f6rkemli. Kukla Ramazan Kadirov\u2019un \u00c7e\u00e7en Halk\u0131 \u00fczerinde otoriterli\u011finin ispat\u0131 olsun gayretiyle ve Rusya\u2019n\u0131n takviye ve deste\u011fiyle, m\u00fcsl\u00fcman halka \u015firin g\u00f6z\u00fckmek, deste\u011fini almak ve yanlar\u0131na \u00e7ekmek maksad\u0131yla yap\u0131lan bu cami ve di\u011fer imar faaliyetleri kukla ve efendisi i\u00e7in iyi bir propaganda malzemesi oldu.<\/p>\n<p>M\u00fcsl\u00fcmanlar\u0131n ibadethanesini Kukla ve koluna girdi\u011fi PUT\u0130N ve PAPA birlikte a\u00e7t\u0131lar. Elleri M\u00fcsl\u00fcman kanlar\u0131yla dolu kafirler ve onlar\u0131 egemen bey sanan dangalaklar m\u00fcsl\u00fcmanlar\u0131 cami ile avlamaya \u00e7\u0131kt\u0131lar.<\/p>\n<p>\u00c7e\u00e7enistan\u2019\u0131n y\u0131ll\u0131k 16 milyon varillik petrol\u00fcn\u00fc \u00c7e\u00e7en Halk\u0131ndan \u00e7alarak kazand\u0131klar\u0131 paran\u0131n k\u00fc\u00e7\u00fck bir k\u0131sm\u0131n\u0131 ancak, halka geri da\u011f\u0131tarak onlar\u0131 sat\u0131n alacaklar\u0131n\u0131 da sanarak oynad\u0131klar\u0131 tiyatroya devam ettiler. M\u00fcsl\u00fcmanlar\u0131n katilleri M\u00fcsl\u00fcmanlara cami yap\u0131p a\u00e7\u0131l\u0131\u015f g\u00f6sterileri sundular. Ba\u015f kukla olan ve yap\u0131lan bir operasyonla Ahiretin ilgili yerine g\u00f6nderilen ama g\u00f6nderilmeden \u00f6nce ne b\u00fcy\u00fck \u00e7apta hain kukla oldu\u011funu kendi a\u011fz\u0131yla \u201cBenim Rusya\u2019ya ne kadar sad\u0131k oldu\u011fumu, mesai arkada\u015f\u0131m V.PUT\u0130N iyi bilir\u201d diyen baba Ahmet Kadirov\u2019un ad\u0131 bu camiye verildi.<\/p>\n<p>\u00c7e\u00e7en Halk\u0131 nezdinde Ahmet Kadirov, yap\u0131lan bu camiye verilen adla m\u0131 yoksa kendi halk\u0131na yapt\u0131\u011f\u0131 ihanetle mi an\u0131lacak?<\/p>\n<p align=\"justify\">Ramzan Kadirov\u2019un babas\u0131n\u0131n izinde ihaneti bir \u00e7\u0131ta daha y\u00fckseltmesi veya hanedanl\u0131k a\u00e7\u0131s\u0131ndan iyi bir evlat oldu\u011funu g\u00f6stermesi mi? Yapt\u0131\u011f\u0131 \u015faklabanl\u0131klar ile yeni babas\u0131na sadakati mi? Acaba hangisi daha anlaml\u0131 olacak?<\/p>\n<p align=\"justify\">\u0130slam ve M\u00fcsl\u00fcman d\u00fc\u015fmanl\u0131\u011f\u0131yla maruf PUT\u0130N\u2019in d\u00f6kt\u00fc\u011f\u00fc bunca M\u00fcsl\u00fcman kan\u0131n\u0131n hesab\u0131n\u0131n sorulaca\u011f\u0131na inanan ve PUT\u0130N\u2019i ger\u00e7ek kimli\u011fiyle tan\u0131y\u0131p onu bir g\u00fcn mutlaka sigaya \u00e7ekme\u011fe haz\u0131r insanlar varken O\u2019nu bir melek portresine sokmak ne kadar gerekli?<br \/>\nRusizmin, Stalinizimden PUT\u0130N\u0130ZM\u2019e uzanan b\u00fct\u00fcn s\u00fcre\u00e7te sadece kan, g\u00f6zya\u015f\u0131 d\u00f6km\u00fc\u015f, mazlum ve ma\u011fdur edilmi\u015f, s\u00fcrg\u00fcn ve zulme maruz b\u0131rak\u0131lm\u0131\u015f, hala kendi vatan\u0131nda insanca ya\u015famalar\u0131 fazla say\u0131lan insanlar\u0131m\u0131z, ya\u015fanan tarihi ve yap\u0131lanlar\u0131 bir cami ve d\u00f6rt minaresini g\u00f6rmekle unutacaklar m\u0131? Kafirler g\u00fcruhunun ya\u015fatt\u0131\u011f\u0131 ac\u0131lar betonla, \u015fovla, artistik g\u00f6r\u00fcnt\u00fclerle \u00c7e\u00e7en Halk\u0131\u2019n\u0131n y\u00fcre\u011finden silinmeyecektir.<\/p>\n<p align=\"justify\">B\u00fct\u00fcn bunlar tarihin kay\u0131tlar\u0131 aras\u0131nda mutlaka gerekti\u011fi gibi yerini alacakt\u0131r. \u00c7e\u00e7en Halk\u0131\u2019n\u0131n ba\u011f\u0131ms\u0131zl\u0131k iradesine hi\u00e7 kimse dur diyemeyecektir. Ramzan Kadirov\u2019un, PUT\u0130N\u2019in emrinde oldu\u011funu ve \u00c7e\u00e7enistan\u2019\u0131n Rusya\u2019n\u0131n ayr\u0131lmaz bir par\u00e7as\u0131 oldu\u011funu deklare etmesi yap\u0131lanlar\u0131, olanlar\u0131 daha iyi anlamam\u0131z i\u00e7in yeterlidir.<\/p>\n<p align=\"justify\">\u00c7e\u00e7en Halk\u0131 ve \u00c7e\u00e7enistan i\u00e7in s\u00f6z s\u00f6yleme hakk\u0131 V.PUT\u0130N\u2019in ve onun k\u00f6peklerine ait de\u011fil, \u00c7e\u00e7enlere aittir.<\/p>\n<p>Onlar ne kadar \u015firin g\u00f6z\u00fckmeye \u00e7al\u0131\u015fsalar, y\u0131rt\u0131nsalar da bu m\u00fccadeleye kat\u0131lan, bunca emek veren, \u015fehid olan karde\u015flerimiz ve hala bu m\u00fccadeleyi gururla ta\u015f\u0131yan sava\u015f\u00e7\u0131lar\u0131m\u0131z ger\u00e7ek anlam\u0131yla \u00c7e\u00e7en Halk\u0131\u2019n\u0131n Ba\u011f\u0131ms\u0131zl\u0131k idealinin sonucu olarak ortaya \u00e7\u0131kan \u00c7E\u00c7EN CUMHUR\u0130YET\u0130 \u0130\u00c7KER\u0130YA\u2019dan vazge\u00e7meyecektir.<\/p>\n<p align=\"justify\">\u00c7e\u00e7en Halk\u0131 h\u00fckm\u00fc Rusya\u2019ya, Putin\u2019e ve onun k\u00f6peklerine vermez. M\u00fcsl\u00fcman \u00c7e\u00e7enler a\u00e7\u0131s\u0131ndan H\u00dcK\u00dcM SADECE ALLAH\u2019A A\u0130TT\u0130R.<\/p>\n<p align=\"justify\">Bundan sonraki tarihte PUT\u0130N\u2019de, Ramzan\u2019da yapt\u0131klar\u0131 da onlar\u0131n ger\u00e7ek \u00e7ehre ve niyetlerine g\u00f6re de\u011ferlendirilecektir.Yapt\u0131klar\u0131 zul\u00fcm, \u015feytani hile ve desiseleri yanlar\u0131na kar kalmayacakt\u0131r.\u00c7e\u00e7en Halk\u0131 onlar\u0131 asla af da etmeyecektir.<\/p>\n<p>\u201cKafirler istemese de Allah nurunu tamamlayacakt\u0131r\u201d.<\/p>\n<p align=\"justify\">M\u00fcsl\u00fcman \u00c7e\u00e7en Halk\u0131 zafere mutlaka ula\u015facaklar\u0131 inanc\u0131n\u0131 hi\u00e7bir zaman kaybetmediler ve bu konuda zaafa da d\u00fc\u015fmediler.Aleyhte yap\u0131lan b\u00fct\u00fcn propaganda ve zorluklara ra\u011fmen \u00c7e\u00e7enistan \u2018da \u011eAZOT devam etmektedir. \u015eehadetler ve Cihad\u0131n bereketiyle ba\u015far\u0131ya ula\u015fma inanc\u0131m\u0131z tamd\u0131r.<\/p>\n<p>Ey Rabbimiz<br \/>\nBizleri Kafirlerin, m\u00fcnaf\u0131klar\u0131n ve mel\u2019unlar\u0131n \u015ferrinden koru.S\u0131rat-\u0131 M\u00fcstakiminden ay\u0131rma.(Amin).<\/p>\n<p align=\"justify\"><strong>\u00c7\u0130C T\u00fcrkiye Fahri Konsolosu <\/strong><\/p>\n<p align=\"justify\"><strong>Medet \u00dcNL\u00dc<\/strong><\/p>\n<p align=\"justify\"><strong>Kaynak: <a href=\"http:\/\/www.cecenonline.com\/\" target=\"_blank\">CecenOnline.com<\/a><\/strong><\/p>\n","protected":false},"excerpt":{"rendered":"<p>M\u00fcsl\u00fcmanlar\u0131n ibadethanesini Kukla ve koluna girdi\u011fi PUT\u0130N ve PAPA birlikte a\u00e7t\u0131lar. Elleri M\u00fcsl\u00fcman kanlar\u0131yla dolu kafirler ve onlar\u0131 egemen bey sanan dangalaklar m\u00fcsl\u00fcmanlar\u0131 cami ile avlamaya \u00e7\u0131kt\u0131lar.<\/p>\n","protected":false},"author":1,"featured_media":0,"comment_status":"open","ping_status":"open","sticky":false,"template":"","format":"standard","meta":{"ngg_post_thumbnail":0,"footnotes":""},"categories":[1],"tags":[38,77],"views":4040,"_links":{"self":[{"href":"http:\/\/www.waynakh.com\/tr\/wp-json\/wp\/v2\/posts\/600"}],"collection":[{"href":"http:\/\/www.waynakh.com\/tr\/wp-json\/wp\/v2\/posts"}],"about":[{"href":"http:\/\/www.waynakh.com\/tr\/wp-json\/wp\/v2\/types\/post"}],"author":[{"embeddable":true,"href":"http:\/\/www.waynakh.com\/tr\/wp-json\/wp\/v2\/users\/1"}],"replies":[{"embeddable":true,"href":"http:\/\/www.waynakh.com\/tr\/wp-json\/wp\/v2\/comments?post=600"}],"version-history":[{"count":3,"href":"http:\/\/www.waynakh.com\/tr\/wp-json\/wp\/v2\/posts\/600\/revisions"}],"predecessor-version":[{"id":667,"href":"http:\/\/www.waynakh.com\/tr\/wp-json\/wp\/v2\/posts\/600\/revisions\/667"}],"wp:attachment":[{"href":"http:\/\/www.waynakh.com\/tr\/wp-json\/wp\/v2\/media?parent=600"}],"wp:term":[{"taxonomy":"category","embeddable":true,"href":"http:\/\/www.waynakh.com\/tr\/wp-json\/wp\/v2\/categories?post=600"},{"taxonomy":"post_tag","embeddable":true,"href":"http:\/\/www.waynakh.com\/tr\/wp-json\/wp\/v2\/tags?post=600"}],"curies":[{"name":"wp","href":"https:\/\/api.w.org\/{rel}","templated":true}]}}