{"id":6279,"date":"2009-11-07T14:49:04","date_gmt":"2009-11-07T12:49:04","guid":{"rendered":"http:\/\/www.waynakh.com\/tr\/?p=6279"},"modified":"2009-11-07T14:49:04","modified_gmt":"2009-11-07T12:49:04","slug":"insan-haklari-savunucularindan-maksharip-aushev-icin-aciklama","status":"publish","type":"post","link":"http:\/\/www.waynakh.com\/tr\/2009\/11\/insan-haklari-savunucularindan-maksharip-aushev-icin-aciklama\/","title":{"rendered":"\u0130nsan Haklar\u0131 Savunucular\u0131ndan Maksharip Aushev i\u00e7in A\u00e7\u0131klama"},"content":{"rendered":"<p style=\"text-align: justify;\">D\u00fcnyan\u0131n d\u00f6rt bir yan\u0131ndan tan\u0131nm\u0131\u015f insan haklar\u0131 savunucular\u0131 ge\u00e7ti\u011fimiz g\u00fcnlerde <a href=\"http:\/\/www.waynakh.com\/tr\/2009\/10\/maksharip-aushev-nalcikte-olduruldu\/\" target=\"_blank\">Maksharip Aushev&#8217;in katledilmi\u015f<\/a> olmas\u0131 nedeniyle ortak bir a\u00e7\u0131klama yay\u0131nlad\u0131.<!--more--><\/p>\n<p style=\"text-align: justify;\">\n<p style=\"text-align: justify;\"><span style=\"text-decoration: underline;\"><strong>\u0130\u015fte o a\u00e7\u0131klama:<\/strong><\/span><\/p>\n<p style=\"text-align: justify;\">Bu metnin alt\u0131nda imzas\u0131 yer alan Bizler, tan\u0131nm\u0131\u015f halk adam\u0131, ingushetia.org&#8217;un sahibi Maksharip Aushev&#8217;in k\u00fcstah\u00e7a katledilmi\u015f olmas\u0131ndan \u00f6t\u00fcr\u00fc duydu\u011fumuz \u00f6fkeyi ifade ediyoruz.<\/p>\n<p style=\"text-align: justify;\"><img loading=\"lazy\" decoding=\"async\" class=\"alignright size-medium wp-image-6280\" title=\"Maksharip Aushev'in mezar ta\u015f\u0131\" src=\"http:\/\/www.waynakh.com\/tr\/wp-content\/uploads\/2009\/11\/pics2-300x235.jpg\" alt=\"Maksharip Aushev'in mezar ta\u015f\u0131\" width=\"300\" height=\"235\" srcset=\"http:\/\/www.waynakh.com\/tr\/wp-content\/uploads\/2009\/11\/pics2-300x235.jpg 300w, http:\/\/www.waynakh.com\/tr\/wp-content\/uploads\/2009\/11\/pics2.jpg 350w\" sizes=\"(max-width: 300px) 100vw, 300px\" \/>Maksharip Aushev a\u00e7\u0131k\u00e7a Kuzey Kafkasya&#8217;daki i\u011fren\u00e7 insan haklar\u0131 ihlalleri, adam ka\u00e7\u0131rmalar, i\u015fkenceler, yarg\u0131s\u0131z infazlar, uydurulan su\u00e7lar ve \u0130ngu\u015fetya&#8217;daki e\u015fi benzeri g\u00f6r\u00fclmemi\u015f yolsuzluklar kar\u015f\u0131s\u0131nda m\u00fccadele etti. Yi\u011feni ve o\u011flu ka\u00e7\u0131r\u0131ld\u0131ktan sonra organize etti\u011fi sivil eylemler, bu iki gencin serbest b\u0131rak\u0131lmas\u0131yla sonland\u0131. Aushev ayr\u0131ca kendi o\u011flu ve yi\u011feninin de tutulup i\u015fkence g\u00f6rd\u00fc\u011f\u00fc \u00c7e\u00e7enya&#8217;n\u0131n Goity K\u00f6y\u00fc&#8217;ndeki gizli hapishaneyi ortaya \u00e7\u0131karmay\u0131 ba\u015fard\u0131. Kan\u0131tlar bu \u00e7ok gizli hapishanede \u0130ngu\u015fetya&#8217;da ka\u00e7\u0131r\u0131lanlar\u0131n tutuldu\u011funu g\u00f6stermekteydi. Ancak bir s\u00fcre sonra burada tutulanlar\u0131n b\u00fcy\u00fck \u00e7o\u011funlu\u011fu ortadan kayboldu. Aushev, \u0130ngu\u015fetya&#8217;daki g\u00fc\u00e7l\u00fc protesto hareketlerinin bir lideri haline gelerek Murat Zyazikov&#8217;un yozla\u015fm\u0131\u015f, bask\u0131c\u0131 ve etkisiz h\u00fck\u00fcmetinin istifas\u0131n\u0131 sa\u011flad\u0131. Maksharip pek \u00e7ok kez tehdit edilmi\u015f, hatta cinayetten bir ay kadar \u00f6nce de z\u0131rhl\u0131 ara\u00e7lar i\u00e7erisindeki militanlar <a href=\"http:\/\/www.waynakh.com\/tr\/2009\/09\/maksharip-aushev-kacirilmaya-calisildigini-bildirdi\/\" target=\"_blank\">onu ka\u00e7\u0131rmaya \u00e7al\u0131\u015fm\u0131\u015ft\u0131<\/a>.<\/p>\n<p style=\"text-align: justify;\">Maksharip&#8217;in t\u00fcm dostlar\u0131na ve ailesine taziyelerimizi iletiyoruz.<\/p>\n<p style=\"text-align: justify;\">Rus liderlerden bu cinayeti etkin bi\u00e7imde ara\u015ft\u0131rmas\u0131n\u0131; su\u00e7u i\u015fleyenlerin ve emri verenlerin stat\u00fclerine bak\u0131lmaks\u0131z\u0131n ortaya \u00e7\u0131kar\u0131lmas\u0131n\u0131 talep ediyoruz.<\/p>\n<p style=\"text-align: justify;\">Rusya Federasyonu liderlerini, ahlak ve namus kurallar\u0131n\u0131n hi\u00e7e say\u0131larak i\u015flenen su\u00e7lar\u0131n \u00e7\u00f6z\u00fcms\u00fcz b\u0131rak\u0131ld\u0131\u011f\u0131 ortama; yetkililerin ve kolluk makamlar\u0131n\u0131n eylemlerini ele\u015ftiren insan haklar\u0131 haklar\u0131 savunucular\u0131n\u0131n ile toplumsal fig\u00fcrlerin zulme u\u011framas\u0131na ve \u00f6ld\u00fcr\u00fclmesine bir son vermek i\u00e7in harekete ge\u00e7mesi \u00e7a\u011fr\u0131s\u0131nda bulunuyoruz.<\/p>\n<p style=\"text-align: justify;\">Robert Hardh, Civil Rights Defenders (Sivil Haklar Savunucular\u0131)<br \/>\nOksana Chelysheva, Russian-Chechen Friendship Society, Finland (Rus-\u00c7e\u00e7en Dostluk Komitesi, Finlandiya)<br \/>\nMagomed Mutsolgov, Human rights organization \u201cMASHR \u201d (\u0130nsan Haklar\u0131 Organizasyonu &#8220;MASHR&#8221;)<br \/>\nOleg Orlov, Human Rights Center \u201cMemorial\u201d (\u0130nsan Haklar\u0131 Merkezi &#8220;Memorial&#8221;)<br \/>\nBarbara Pakhomenko, human rights activist, Moscow (\u0130nsan haklar\u0131 savunucusu, Moskova)<br \/>\nLipkhan Bazayeva, \u201cWomen\u2019s Dignity\u201d, Chechnya (Kad\u0131n\u0131n Asaleti, \u00c7e\u00e7enya)<br \/>\nNeil Hicks, Human Rights First, USA (\u00d6nce \u0130nsan Haklar\u0131, ABD)<br \/>\nMadina Magomadova, \u201cMothers of Chechnya \u201d  Association (&#8220;\u00c7e\u00e7enya&#8217;n\u0131n Anneleri&#8221; Derne\u011fi)<br \/>\nPaulina Kluge, Swedish Peace and Arbitration Society (\u0130sve\u00e7 Bar\u0131\u015f ve Tahkim Toplulu\u011fu)<br \/>\nAnna Ek, Swedish Peace and Arbitration Society (\u0130sve\u00e7 Bar\u0131\u015f ve Tahkim Toplulu\u011fu)<br \/>\nSteven Assies, Press New (Yeni Bas\u0131n)<br \/>\nBissarion Aseev, human rights activist, Beslan (\u0130nsan haklar\u0131 savunucusu, Beslan)<br \/>\nElla Asoyan, Freedom House, USA (\u00d6zg\u00fcrl\u00fck Evi, ABD)<br \/>\nAkhmed Gisayev, Human Rights Center \u201cMemorial\u201d (\u0130nsan Haklar\u0131 Merkezi &#8220;Memorial&#8221;)<br \/>\nUsam Baysayev, Human Rights Center \u201cMemorial\u201d (\u0130nsan Haklar\u0131 Merkezi &#8220;Memorial&#8221;)<br \/>\nEkaterina Sokiryanskaya, Human Rights Center \u201cMemorial\u201d (\u0130nsan Haklar\u0131 Merkezi &#8220;Memorial&#8221;)<br \/>\nRoemer Lemaitre, Legal Initiative in Russia (Rusya&#8217;da Yasal \u0130nsiyatif)<br \/>\nAndrei Yurov, International Youth Human Rights Movement (Uluslararas\u0131 Gen\u00e7lik \u0130nsan Haklar\u0131 Hareketi)<br \/>\nMaria Chitchenkova, Front Line (Cephe Hatt\u0131)<br \/>\nTatyana Kasatkina, Human Rights Center \u201cMemorial\u201d (\u0130nsan Haklar\u0131 Merkezi &#8220;Memorial&#8221;)<br \/>\nSvetlana Isaeva, Mothers of Dagestan for Human Rights (\u0130nsan Haklar\u0131 i\u00e7in Da\u011f\u0131stan Anneleri)<br \/>\nMartin Uggla, \u00d6stgruppen<br \/>\nSofia Uggla, \u00d6stgruppen<br \/>\nJane Barry, Researcher (Ara\u015ft\u0131rmac\u0131)<br \/>\nArsen Sakalov, Legal Initiative in Russia ((Rusya&#8217;da Yasal \u0130nsiyatif)<br \/>\nJoanna Kurosz, Civil Rights Defenders (Sivil Haklar Savunucular\u0131)<br \/>\nErik Esbj\u00f6rnson, Civil Rights Defenders (Sivil Haklar Savunucular\u0131)<br \/>\nPeter \u00d6holm, Civil Rights Defenders (Sivil Haklar Savunucular\u0131)<br \/>\nElla Kesaeva \u201cVoice of Beslan\u201d (Beslan&#8217;\u0131n Sesi)<br \/>\nLarisa Dorogova, Committee \u201cMothers of Kabardino-Balkaria&#8221; (Kabardey-Balkar Anneleri)<\/p>\n","protected":false},"excerpt":{"rendered":"<p>D\u00fcnyan\u0131n d\u00f6rt bir yan\u0131ndan tan\u0131nm\u0131\u015f insan haklar\u0131 savunucular\u0131 ge\u00e7ti\u011fimiz g\u00fcnlerde Maksharip Aushev&#8217;in katledilmi\u015f olmas\u0131 nedeniyle ortak bir a\u00e7\u0131klama yay\u0131nlad\u0131.<\/p>\n","protected":false},"author":3,"featured_media":0,"comment_status":"open","ping_status":"open","sticky":false,"template":"","format":"standard","meta":{"ngg_post_thumbnail":0,"footnotes":""},"categories":[1],"tags":[1269],"views":4765,"_links":{"self":[{"href":"http:\/\/www.waynakh.com\/tr\/wp-json\/wp\/v2\/posts\/6279"}],"collection":[{"href":"http:\/\/www.waynakh.com\/tr\/wp-json\/wp\/v2\/posts"}],"about":[{"href":"http:\/\/www.waynakh.com\/tr\/wp-json\/wp\/v2\/types\/post"}],"author":[{"embeddable":true,"href":"http:\/\/www.waynakh.com\/tr\/wp-json\/wp\/v2\/users\/3"}],"replies":[{"embeddable":true,"href":"http:\/\/www.waynakh.com\/tr\/wp-json\/wp\/v2\/comments?post=6279"}],"version-history":[{"count":1,"href":"http:\/\/www.waynakh.com\/tr\/wp-json\/wp\/v2\/posts\/6279\/revisions"}],"predecessor-version":[{"id":6282,"href":"http:\/\/www.waynakh.com\/tr\/wp-json\/wp\/v2\/posts\/6279\/revisions\/6282"}],"wp:attachment":[{"href":"http:\/\/www.waynakh.com\/tr\/wp-json\/wp\/v2\/media?parent=6279"}],"wp:term":[{"taxonomy":"category","embeddable":true,"href":"http:\/\/www.waynakh.com\/tr\/wp-json\/wp\/v2\/categories?post=6279"},{"taxonomy":"post_tag","embeddable":true,"href":"http:\/\/www.waynakh.com\/tr\/wp-json\/wp\/v2\/tags?post=6279"}],"curies":[{"name":"wp","href":"https:\/\/api.w.org\/{rel}","templated":true}]}}