{"id":6731,"date":"2009-12-26T12:45:14","date_gmt":"2009-12-26T10:45:14","guid":{"rendered":"http:\/\/www.waynakh.com\/tr\/?p=6731"},"modified":"2009-12-26T12:45:14","modified_gmt":"2009-12-26T10:45:14","slug":"kadirov-batiya-karsi-savas-istiyor","status":"publish","type":"post","link":"http:\/\/www.waynakh.com\/tr\/2009\/12\/kadirov-batiya-karsi-savas-istiyor\/","title":{"rendered":"Kadirov Bat\u0131&#8217;ya Kar\u015f\u0131 Sava\u015f \u0130stiyor"},"content":{"rendered":"<p style=\"text-align: justify;\">33 ya\u015f\u0131ndaki Kremlin&#8217;in sad\u0131k kulu Ramzan Kadirov, \u0130ngiliz <a href=\"http:\/\/www.telegraph.co.uk\/expat\/expatnews\/6858882\/Chechen-president-says-the-West-wants-to-destroy-Russia.html\" target=\"_blank\">Daily Telegraph gazetesine verdi\u011fi r\u00f6portajda<\/a>, Rusya&#8217;n\u0131n Amerika Birle\u015fik Devletleri ve di\u011fer Bat\u0131l\u0131 g\u00fc\u00e7lere kar\u015f\u0131 yeni bir askeri strateji ortaya koymas\u0131 gerekti\u011fini ve bu ba\u011flamda Rusya&#8217;n\u0131n Ukrayna, G\u00fcrcistan ve G\u00fcney Osetya&#8217;y\u0131 de ortadan kald\u0131rmas\u0131n\u0131n \u015fart oldu\u011funu ifade etti.<!--more--><\/p>\n<p style=\"text-align: justify;\">\n<p style=\"text-align: justify;\">Ulusal hain Ramzan Kadirov r\u00f6portaj\u0131nda, ge\u00e7ti\u011fimiz y\u0131l Amerika Birle\u015fik Devletleri&#8217;nin m\u00fcttefi\u011fi G\u00fcrcistan&#8217;\u0131n Rusya destekli isyanc\u0131 G\u00fcney Osetya b\u00f6lgesine d\u00fczenledi\u011fi sald\u0131r\u0131n\u0131n t\u00fcm Kafkasya&#8217;y\u0131 ele ge\u00e7irmeye y\u00f6nelik Bat\u0131 komplosu oldu\u011funu s\u00f6yledi. Kadirov, &#8220;E\u011fer Kafkasya&#8217;y\u0131 ele ge\u00e7irirlerse, dolayl\u0131 yoldan t\u00fcm Rusya&#8217;n\u0131n kontrol\u00fcn\u00fc ele ge\u00e7irmi\u015f olacaklar, \u00e7\u00fcnk\u00fc Kafkasya bizim belkemi\u011fimiz&#8221; dedi.<\/p>\n<p style=\"text-align: justify;\">Kukla Kadirov s\u00f6zlerine \u015f\u00f6yle devam etti: &#8220;Rusya h\u00fck\u00fcmetinin sald\u0131r\u0131ya d\u00f6n\u00fck yeni bir strateji ortaya koymas\u0131 gerekiyor&#8230; Ukrayna, G\u00fcney Osetya, G\u00fcrcistan, bunlar\u0131n hepsi devam edecek. Bunlar Rusya&#8217;n\u0131n hususi problemidir. E\u011fer bunlar\u0131 ortadan kald\u0131rmam\u0131z bizim a\u00e7\u0131m\u0131zdan olumlu olacaksa neden s\u00fcrekli ac\u0131 \u00e7ekmemiz gereksin? Harika bir g\u00fcc\u00fcm\u00fcz var; ordumuz, teknolojimiz, her \u015feyimiz var. Sald\u0131r\u0131ya ge\u00e7memiz laz\u0131m&#8230;&#8221;<\/p>\n<p style=\"text-align: justify;\">\u00d6te yandan ulusal hain Kadirov r\u00f6portaj\u0131nda insan haklar\u0131 gruplar\u0131n\u0131n ara\u015ft\u0131rmac\u0131 gazeteci Anna Politkovskaya&#8217;n\u0131n, aktivist Natalya Estemirova&#8217;n\u0131n, Avusturya ve T\u00fcrkiye&#8217;deki \u00c7e\u00e7en muhaliflerin, ulusal hainlerden rakip klan\u0131n liderlerinin Moskova ve Dubai&#8217;de \u00f6ld\u00fcr\u00fclmesiyle aras\u0131nda ba\u011flant\u0131 kurmas\u0131na da cevap verdi. Kukla Kadirov, &#8220;\u00d6ld\u00fcrmek istemiyorum! Kiminle sava\u015ft\u0131m? Ter\u00f6ristlerle. Peki kimi korudum? T\u00fcm Rusya&#8217;y\u0131 yani Moskova&#8217;daki ve St Petersburg&#8217;daki insanlar\u0131 korudum&#8230; bar\u0131\u015f i\u00e7inde ya\u015fayabilsinler diye&#8230;&#8221; dedi.<\/p>\n<p style=\"text-align: justify;\">R\u00f6portaj\u0131n ard\u0131ndan Ukrayna D\u0131\u015fi\u015fleri Bakan\u0131 Petro Poroshenko ve D\u0131\u015fi\u015fleri Bakan\u0131 Birinci Yard\u0131mc\u0131s\u0131 Volodymyr Khandohiy, Rusya Devlet Sekreteri&#8217;ni ve Rusya D\u0131\u015fi\u015fleri Bakan\u0131 Yard\u0131mc\u0131s\u0131 Grigoriy Karasin&#8217;i telefonla arad\u0131. Ukrayna taraf\u0131 bu tip a\u00e7\u0131klamalar\u0131n Ukrayna&#8217;y\u0131 endi\u015felendirdi\u011fini belirtti. Bu arada Ukrayna Ulusal G\u00fcvenlik ve Savunma Konseyi Sekreteri Birinci Yard\u0131mc\u0131s\u0131 Volodymyr Ohryzko, kukla Kadirov&#8217;un a\u00e7\u0131klamalar\u0131n\u0131n Ukrayna Ceza Yasas\u0131&#8217;na g\u00f6re su\u00e7 te\u015fkil etti\u011fini belirterek kolluk g\u00fc\u00e7lerinden bu konuyla ilgili bir ara\u015ft\u0131rma yapmalar\u0131n\u0131 ve konuyu ceza mahkemesine ta\u015f\u0131malar\u0131n\u0131 istedi.<\/p>\n<p style=\"text-align: justify;\"><img loading=\"lazy\" decoding=\"async\" class=\"alignright size-medium wp-image-6732\" src=\"http:\/\/www.waynakh.com\/tr\/wp-content\/uploads\/2009\/12\/puppet-kadirov-300x194.jpg\" alt=\"\" width=\"300\" height=\"194\" srcset=\"http:\/\/www.waynakh.com\/tr\/wp-content\/uploads\/2009\/12\/puppet-kadirov-300x194.jpg 300w, http:\/\/www.waynakh.com\/tr\/wp-content\/uploads\/2009\/12\/puppet-kadirov.jpg 585w\" sizes=\"(max-width: 300px) 100vw, 300px\" \/>Ukrayna Parlamentosu Verkhovna Rada&#8217;n\u0131n Birinci Ba\u015fkan Yard\u0131mc\u0131s\u0131 Taras Chernovil, &#8220;Kadirov kim oluyor? Rusya taraf\u0131ndan kontrol edilen k\u00fc\u00e7\u00fck bir \u00fclkenin ba\u015f\u0131na bir \u015fekilde ge\u00e7mi\u015f bir isim. Ve ger\u00e7ek \u015fu ki, ellerindeki kanla en \u00e7ok su\u00e7lulardan birisi, buna \u015f\u00fcphe yok&#8221; dedi.<\/p>\n<p style=\"text-align: justify;\">G\u00fcrcistan Parlamentosu milletvekili Giorgi Gabashvili konuyla ilgili olarak, &#8220;Kadirov, Putin&#8217;in Kafkasya&#8217;daki en yak\u0131n adam\u0131. Bu y\u00fczden Kadirov ne \u00c7e\u00e7enleri ne de Kafkasyal\u0131lar\u0131 temsil etmiyor, onlar\u0131n g\u00f6r\u00fc\u015flerini yans\u0131tm\u0131yor. Sadece Kremlin&#8217;in koridorlar\u0131nda f\u0131s\u0131ldananlar\u0131 a\u00e7\u0131k\u00e7a dile getirdi&#8221; dedi.<\/p>\n<p style=\"text-align: justify;\">G\u00fcrcistan D\u0131\u015fi\u015fleri Bakan\u0131 Yard\u0131mc\u0131s\u0131 Nino Kalandadze, Rus kuklas\u0131 Kadirov&#8217;un a\u00e7\u0131klamalar\u0131n\u0131 Rusya&#8217;n\u0131n emperyal isteklerini yans\u0131t\u0131yor \u015feklinde yorumlad\u0131. Bayan Nino Kalandadze, bu a\u00e7\u0131klaman\u0131n esas amac\u0131 ve gayesi Sovyetler Birli\u011fi&#8217;ne d\u00f6nme arzusudur dedi.<\/p>\n<p style=\"text-align: justify;\">G\u00fcrcistan televizyon kanallar\u0131ndan &#8220;Sakartvelo&#8221; ise Kadirov&#8217;a cevab\u0131 Adolf Hitler&#8217;den bir al\u0131nt\u0131 yaparak verdi. Yay\u0131nlanan video g\u00f6r\u00fcnt\u00fclerinde Adolf Hitler&#8217;in 1932 y\u0131l\u0131nda s\u00f6yledi\u011fi \u015fu s\u00f6zlere yer verildi: &#8220;\u015eunu bir kez daha ve hepimiz i\u00e7in anlamam\u0131z gerekiyor, kaybetti\u011fimiz topraklar (Saar B\u00f6lgesi) bize geri verilmeyecek &#8211; ne dualar\u0131m\u0131z ger\u00e7ekle\u015fecek, ne de Milletler Cemiyeti i\u00e7in bir umut yok. Sadece silahl\u0131 kuvvetlerimiz i\u015fe yarayacak.&#8221;<\/p>\n<p style=\"text-align: justify;\">Rus medyas\u0131 da r\u00f6portajdan al\u0131nt\u0131lar yaparak Kadirov&#8217;un a\u00e7\u0131klamalar\u0131n\u0131n endi\u015fe verici oldu\u011funa de\u011findi. Ve ayr\u0131ca Rus insan haklar\u0131 gruplar\u0131 Memorial, Kharkiv \u0130nsan Haklar\u0131 Grubu ve Echo Moscow (Moskava&#8217;n\u0131n Sesi) Radyosu&#8217;nun Ba\u015f Edit\u00f6r Yard\u0131mc\u0131s\u0131 Vladimir Varfolemeev&#8217;e g\u00f6re kukla Kadirov&#8217;un a\u00e7\u0131klamalar\u0131 Rus Ceza Kanunu&#8217;na g\u00f6re su\u00e7 (sava\u015f i\u00e7in aleni \u00e7a\u011fr\u0131 &#8211; 354.madde, 2.k\u0131s\u0131m) te\u015fkil ediyor.<\/p>\n","protected":false},"excerpt":{"rendered":"<p>33 ya\u015f\u0131ndaki Kremlin&#8217;in sad\u0131k kulu Ramzan Kadirov, \u0130ngiliz Daily Telegraph gazetesine verdi\u011fi r\u00f6portajda, Rusya&#8217;n\u0131n Amerika Birle\u015fik Devletleri ve di\u011fer Bat\u0131l\u0131 g\u00fc\u00e7lere kar\u015f\u0131 yeni bir askeri strateji ortaya koymas\u0131 gerekti\u011fini ve bu ba\u011flamda Rusya&#8217;n\u0131n Ukrayna, G\u00fcrcistan &#8230;<\/p>\n","protected":false},"author":3,"featured_media":0,"comment_status":"open","ping_status":"open","sticky":false,"template":"","format":"standard","meta":{"ngg_post_thumbnail":0,"footnotes":""},"categories":[1],"tags":[1572,1575,1570,1574,1571,1573],"views":5550,"_links":{"self":[{"href":"http:\/\/www.waynakh.com\/tr\/wp-json\/wp\/v2\/posts\/6731"}],"collection":[{"href":"http:\/\/www.waynakh.com\/tr\/wp-json\/wp\/v2\/posts"}],"about":[{"href":"http:\/\/www.waynakh.com\/tr\/wp-json\/wp\/v2\/types\/post"}],"author":[{"embeddable":true,"href":"http:\/\/www.waynakh.com\/tr\/wp-json\/wp\/v2\/users\/3"}],"replies":[{"embeddable":true,"href":"http:\/\/www.waynakh.com\/tr\/wp-json\/wp\/v2\/comments?post=6731"}],"version-history":[{"count":1,"href":"http:\/\/www.waynakh.com\/tr\/wp-json\/wp\/v2\/posts\/6731\/revisions"}],"predecessor-version":[{"id":6734,"href":"http:\/\/www.waynakh.com\/tr\/wp-json\/wp\/v2\/posts\/6731\/revisions\/6734"}],"wp:attachment":[{"href":"http:\/\/www.waynakh.com\/tr\/wp-json\/wp\/v2\/media?parent=6731"}],"wp:term":[{"taxonomy":"category","embeddable":true,"href":"http:\/\/www.waynakh.com\/tr\/wp-json\/wp\/v2\/categories?post=6731"},{"taxonomy":"post_tag","embeddable":true,"href":"http:\/\/www.waynakh.com\/tr\/wp-json\/wp\/v2\/tags?post=6731"}],"curies":[{"name":"wp","href":"https:\/\/api.w.org\/{rel}","templated":true}]}}