{"id":8012,"date":"2010-05-25T22:47:15","date_gmt":"2010-05-25T19:47:15","guid":{"rendered":"http:\/\/www.waynakh.com\/tr\/?p=8012"},"modified":"2010-05-25T22:49:05","modified_gmt":"2010-05-25T19:49:05","slug":"ozdiev-ailesi-cecenyadaki-kukla-rejimin-kurbani","status":"publish","type":"post","link":"http:\/\/www.waynakh.com\/tr\/2010\/05\/ozdiev-ailesi-cecenyadaki-kukla-rejimin-kurbani\/","title":{"rendered":"Ozdiev Ailesi \u00c7e\u00e7enya&#8217;daki Kukla Rejimin Kurban\u0131"},"content":{"rendered":"<p style=\"text-align: justify;\">\u0130nsan Haklar\u0131 Merkezi &#8220;<a href=\"http:\/\/www.memo.ru\/2010\/05\/24\/2405101.htm\" target=\"_blank\">Memorial<\/a>&#8220;, Ozdiev ailesinin \u00c7e\u00e7enya\u2019daki kukla rejimin tehdidi alt\u0131nda oldu\u011funu duyurdu.<!--more--><\/p>\n<p style=\"text-align: justify;\">\n<p style=\"text-align: justify;\">17 May\u0131s 2010 tarihinde, k\u0131sa bir s\u00fcre \u00f6ncesine kadar ba\u015far\u0131l\u0131 birer i\u015fadam\u0131 olan Ozdiev karde\u015flerden Shakhab Ozdiev, Memorial Y\u00f6netim Kurulu \u00fcyesi ve Sivil Destek Komitesi\u2019nin Ba\u015fkan\u0131 Svetlana Gannushkina\u2019ya ba\u015fvuruda bulundu. Gannushkina\u2019dan dilek\u00e7esini Rusya Federasyonu Devlet Ba\u015fkan\u0131 Dmitry Medvedev\u2019e iletmesini rica etti.<\/p>\n<p style=\"text-align: justify;\">18 May\u0131s 2010 tarihinde Kuzey Kafkasya sivil toplum kurulu\u015flar\u0131 ile Rusya Federasyonu Devlet Ba\u015fkan\u0131 aras\u0131ndaki g\u00f6r\u00fc\u015fmeden \u00f6nce Gannushkina, Ozdievlerin dilek\u00e7esini Rusya Federasyonu Devlet Ba\u015fkan\u0131 Sivil Toplum Kurulu\u015flar\u0131 ve \u0130nsan Haklar\u0131 Komisyonu\u2019nun Ba\u015fkan\u0131 Ella Pamfilova\u2019ya teslim etti. Dilek\u00e7ede Ozdievler, i\u015f ya\u015famlar\u0131n\u0131n mahvedilmemesi ve yasad\u0131\u015f\u0131 ceza bask\u0131s\u0131ndan kurtar\u0131lmalar\u0131 i\u00e7in talepte bulunuyordu.<\/p>\n<p style=\"text-align: justify;\">Ozdiev karde\u015fler aleyhinde 2008 y\u0131l\u0131nda bir cezaland\u0131rma giri\u015fimi oldu. Aleyhlerinde \u00c7e\u00e7enya\u2019daki kukla mahkemede uydurma birka\u00e7 ceza davas\u0131 a\u00e7\u0131ld\u0131. T\u00fcm y\u0131l devam eden soru\u015fturma neticesinde su\u00e7 olu\u015fturacak fillerin yoklu\u011fu nedeniyle uydurma ceza davalar\u0131n\u0131n hepsi d\u00fc\u015ft\u00fc. Dzhabrail Ozdiev, kukla Kadirov\u2019un korkun\u00e7 hapishanesinde alt\u0131 ay ge\u00e7irdi ve haklar\u0131 iade edilerek serbest b\u0131rak\u0131ld\u0131. Bu s\u00fcre zarf\u0131nda Ozdiev ailesinin i\u015f hayat\u0131 tamiri imkans\u0131z bi\u00e7imde zarar g\u00f6rd\u00fc. Aileye ba\u011fl\u0131 PFK IMM ve OOO Leader adl\u0131 \u015firketlerin \u00e7al\u0131\u015fmalar\u0131 sekteye u\u011frad\u0131.<\/p>\n<p style=\"text-align: justify;\">15 Temmuz 2009 tarihinde \u00c7e\u00e7enya\u2019da ka\u00e7\u0131r\u0131larak \u00f6ld\u00fcr\u00fclen \u0130nsan Haklar\u0131 Merkezi &#8220;Memorial&#8221; \u00e7al\u0131\u015fan\u0131 Natalya Estemirova\u2019da Ozdiev ailesinin savunmas\u0131na aktif olarak yer alm\u0131\u015ft\u0131.<\/p>\n<p style=\"text-align: justify;\">21 May\u0131s 2010 tarihinde, Ozdievlerin iki akrabas\u0131 Kadirov\u2019un haydutlar\u0131nca ka\u00e7\u0131r\u0131ld\u0131. Saat 19.30\u2019da \u0130sa Ozdoev\u2019in arabas\u0131 durduruldu. \u0130sa arabas\u0131ndan d\u0131\u015far\u0131 \u00e7\u0131kar\u0131ld\u0131 ve Kurchaloy OVD\u2019ye g\u00f6t\u00fcr\u00fcld\u00fc. Bir bu\u00e7uk saat kadar \u00f6nce de \u0130sa\u2019n\u0131n yi\u011feni Belal Ozdiev bir lokantada Ramzan Kadirov\u2019un muhaf\u0131zlar\u0131 taraf\u0131ndan tutuklanm\u0131\u015ft\u0131. Arabas\u0131na ve ruhsatl\u0131 silah\u0131na el konulan Belal ise Grozny\u2019deki Zavodskoy OVD\u2019ye g\u00f6t\u00fcr\u00fcld\u00fc.<\/p>\n<p style=\"text-align: justify;\">Her iki Ozdiev de zorla g\u00f6t\u00fcr\u00fclmelerine ra\u011fmen, iddialara g\u00f6re kukla yetkililere itaatsizlikle su\u00e7lan\u0131yordu. Akrabalar\u0131na g\u00f6re, tutuklamalar\u0131n g\u00f6rg\u00fc tan\u0131klar\u0131 Ozdievlerin tutuklan\u0131rken d\u00f6v\u00fcld\u00fc\u011f\u00fcn\u00fc, \u0130sa\u2019n\u0131n elbiselerinin y\u0131rt\u0131ld\u0131\u011f\u0131n\u0131 ve kan ile kapland\u0131\u011f\u0131n\u0131 s\u00f6yledi.<\/p>\n<p style=\"text-align: justify;\">22 May\u0131s 2010 tarihinde Gannushkina bir faks ile kukla rejimin s\u00f6zde Ba\u015fsavc\u0131s\u0131 Mikhail Savchin\u2019e ba\u015fvuruda bulunarak g\u00f6zalt\u0131ndaki Ozdievlerin acilen avukatlar\u0131yla g\u00f6r\u00fc\u015ft\u00fcr\u00fclmelerini talep etti. Bununla birlikte kukla Savc\u0131l\u0131k, g\u00f6zalt\u0131ndaki siviller ile avukatlar\u0131n\u0131n g\u00f6r\u00fc\u015fmesi gibi b\u00f6ylesine basit bir i\u015fi dahi yerine getirmekten aciz oldu\u011funu kan\u0131tlad\u0131.<\/p>\n<p style=\"text-align: justify;\">\u201cMemorial\u201din elde edebildi\u011fi tek bilgi, \u0130sa ve Belal Ozdiev\u2019in idari su\u00e7 i\u015flemekle (Kadirov\u2019un haydutlar\u0131n\u0131n emrine itaatsizlik) itham edildi\u011fini, zira arabalar\u0131n\u0131n kukla Kadirov\u2019un ara\u00e7 konvoyunun ge\u00e7i\u015fini engelledi\u011finin iddia edildi\u011fi oldu.<\/p>\n<p style=\"text-align: justify;\">B\u00f6ylesine bir su\u00e7lama &#8220;Memorial&#8221; taraf\u0131nda olduk\u00e7a ciddi bir endi\u015fe yaratt\u0131, \u00e7\u00fcnk\u00fc Ramzan Kadirov\u2019u engelleyen herhangi bir kimsenin kesinlikle b\u00fcy\u00fck bir tehlike i\u00e7inde olaca\u011f\u0131 insan haklar\u0131 \u00f6rg\u00fct\u00fc taraf\u0131ndan belirtildi.<\/p>\n<p style=\"text-align: justify;\">22 May\u0131s 2010 tarihinde Grozny\u2019nin Zavodskoy b\u00f6lgesinin 18.departman\u0131na atanm\u0131\u015f kukla idari hakim A.Khizriev Belal Ozdiev\u2019i 15 g\u00fcnl\u00fck idari hapis cezas\u0131na \u00e7arpt\u0131rd\u0131. Araba ve silah iade edilmedi ve avukat da yarg\u0131lama s\u00fcrecinde yer almad\u0131.<\/p>\n<p style=\"text-align: justify;\">Kukla mahkeme karar\u0131nda, &#8220;21 May\u0131s 2010 tarihinde saat 18.30\u2019da Grozny \u015fehrinde Putin Bulvar\u0131 1 numaral\u0131 evin yak\u0131n\u0131nda insan kasabu Kadirov\u2019un ara\u00e7 konvoyu ge\u00e7mekte iken konvoyun \u00f6n\u00fc Belal Magomedovich Ozdiev y\u00f6netimindeki Lexus GS300 taraf\u0131ndan kesildi. Kadirov\u2019un haydutlar\u0131n\u0131n azarlamalar\u0131na reaksiyon g\u00f6stermedi ve k\u00f6t\u00fc niyetli olarak itaatsizlikte bulundu&#8221; diyerek kendince su\u00e7 yaratt\u0131.<\/p>\n<p style=\"text-align: justify;\"><img loading=\"lazy\" decoding=\"async\" class=\"alignright size-medium wp-image-8015\" title=\"\u0130sa Ozdiev'in duru\u015fma esnas\u0131nda \u00e7ekilen foto\u011fraf\u0131\" src=\"http:\/\/www.waynakh.com\/tr\/wp-content\/uploads\/2010\/05\/isa-ozdiev-224x300.jpg\" alt=\"\" width=\"224\" height=\"300\" srcset=\"http:\/\/www.waynakh.com\/tr\/wp-content\/uploads\/2010\/05\/isa-ozdiev-224x300.jpg 224w, http:\/\/www.waynakh.com\/tr\/wp-content\/uploads\/2010\/05\/isa-ozdiev.jpg 336w\" sizes=\"(max-width: 224px) 100vw, 224px\" \/>\u0130sa yazd\u0131\u011f\u0131 bir dilek\u00e7e ile ba\u015fvuruda bulundu. Dilek\u00e7esinde: &#8220;D\u00fcn, 21 May\u0131s 2010 tarihinde Khasavyurt\u2019taki annemden d\u00f6nd\u00fcm. Khasavyurt\u2019tan d\u00f6nmeden \u00f6nce Mayrtup k\u00f6y\u00fc taraf\u0131ndaki Bachi-Yurt k\u00f6y\u00fc giri\u015finde bulunan imalat at\u00f6lyeme gitmeye karar verdim. Lada Priora ve Land Cruiser marka iki siyah ara\u00e7 ailemin evi yak\u0131nlar\u0131nda bana selekt\u00f6r yapt\u0131. Durdum. Bana yeti\u015ftiler ve k\u00f6y\u00fcn d\u0131\u015f\u0131nda yer alan kukla rejimin askeri \u00fcsse kadar onlar\u0131 takip etmemi istediler. Hi\u00e7 itiraz etmeden istedikleri yere gittim. Vard\u0131\u011f\u0131m\u0131zda b\u00f6l\u00fcm\u00fcn ba\u015fkan\u0131 Suliman Kaimov\u2019dan Khasavyurt\u2019a gitmeme izin vermelerini istedim. Emrinde \u00e7al\u0131\u015fanlara arabay\u0131 bir yere s\u00fcrmelerini ve beni o gelene kadar g\u00f6zalt\u0131nda tutmalar\u0131n\u0131 emretti. Yakla\u015f\u0131k 20-30 dakika sonra Kadirov\u2019un koruma \u015fefi ile birlikte geldi. Suliman Kaimov bana vurmaya ba\u015flad\u0131 ve emrindekilerden beni yere yat\u0131rmalar\u0131n\u0131 istedi, Kadirov\u2019un koruma \u015fefi durmalar\u0131n\u0131 s\u00f6yleyene kadar bana ayaklar\u0131 ve yumruklar\u0131 ile vurmaya devam ettiler. T\u00fcm bunlardan sonra Kurchaloy b\u00f6l\u00fcm\u00fcne g\u00f6t\u00fcr\u00fcld\u00fcm ve burada Kadirov\u2019un \u015fahsi ordusunun \u00fcyelerine itaatsizlikle su\u00e7land\u0131m&#8221; \u015feklinde beyanda bulundu.<\/p>\n<p style=\"text-align: justify;\">\u00c7ok say\u0131da \u015fikayete ra\u011fmen, Ozdiev\u2019in yedi\u011fi dayaklar\u0131n izleri incelenmedi. M\u00fcfetti\u015f taraf\u0131ndan \u00e7a\u011fr\u0131lan bir doktor, Ozdiev\u2019i d\u00f6ven ki\u015filerden korktu\u011fu i\u00e7in i\u015fini yapmad\u0131. T\u0131bbi muayene sonucunda yazd\u0131\u011f\u0131 raporunda sadece zehirlenme olmad\u0131\u011f\u0131na ili\u015fkin bir kanaat belirtmesi dikkat \u00e7ekiyor. Doktorun hemen \u00f6n\u00fcnde duran ciddi bi\u00e7imde dayak yemi\u015f bir ki\u015finin fark\u0131na varam\u0131yor olmas\u0131 manidar.<\/p>\n<p style=\"text-align: justify;\">Kukla Kadirov\u2019un hapishanelerinden birisinde tutulan \u0130sa Ozdiev\u2019e yiyecek verilmesine izin verilmiyor. Akrabalar\u0131n\u0131n onu ziyaret etmesine m\u00fcsaade edilmedi\u011fi gibi t\u0131bbi yard\u0131m da alam\u0131yor.<\/p>\n<p style=\"text-align: justify;\">\u0130sa Ozdiev\u2019in duru\u015fma s\u0131ras\u0131nda \u00e7ekilen foto\u011fraf\u0131nda g\u00f6mle\u011finin kan lekeleriyle kapl\u0131 oldu\u011fu, y\u00fcz\u00fcnde \u015fi\u015flikler ve morluklar oldu\u011fu g\u00f6r\u00fcl\u00fcyor. Muhtemelen \u0130sa\u2019n\u0131n burnu ve kaburgalar\u0131 da k\u0131r\u0131lm\u0131\u015f durumda. \u0130sa, b\u00f6breklerinde ve g\u00f6\u011fs\u00fcndeki k\u00f6t\u00fc a\u011fr\u0131dan \u015fikayet ediyor.<\/p>\n<p style=\"text-align: justify;\">Son bilgilere g\u00f6re, Shakhab, \u0130sa\u2019n\u0131n tutuldu\u011fu \u00f6zel g\u00f6zalt\u0131 merkezine \u00e7a\u011fr\u0131ld\u0131. Ciddi bi\u00e7imde dayak yiyen \u0130sa bilin\u00e7siz \u015fekilde yat\u0131yordu. \u0130sa\u2019n\u0131n acilen t\u0131bbi yard\u0131ma ihtiyac\u0131 olmas\u0131na ra\u011fmen, hastaneye dahi g\u00f6t\u00fcr\u00fclm\u00fcyor.<\/p>\n","protected":false},"excerpt":{"rendered":"<p>\u0130nsan Haklar\u0131 Merkezi &#8220;Memorial&#8220;, Ozdiev ailesinin \u00c7e\u00e7enya\u2019daki kukla rejimin tehdidi alt\u0131nda oldu\u011funu duyurdu.<\/p>\n","protected":false},"author":3,"featured_media":0,"comment_status":"open","ping_status":"open","sticky":false,"template":"","format":"standard","meta":{"ngg_post_thumbnail":0,"footnotes":""},"categories":[1],"tags":[1880,1881,1879,608,1878,1445],"views":4224,"_links":{"self":[{"href":"http:\/\/www.waynakh.com\/tr\/wp-json\/wp\/v2\/posts\/8012"}],"collection":[{"href":"http:\/\/www.waynakh.com\/tr\/wp-json\/wp\/v2\/posts"}],"about":[{"href":"http:\/\/www.waynakh.com\/tr\/wp-json\/wp\/v2\/types\/post"}],"author":[{"embeddable":true,"href":"http:\/\/www.waynakh.com\/tr\/wp-json\/wp\/v2\/users\/3"}],"replies":[{"embeddable":true,"href":"http:\/\/www.waynakh.com\/tr\/wp-json\/wp\/v2\/comments?post=8012"}],"version-history":[{"count":3,"href":"http:\/\/www.waynakh.com\/tr\/wp-json\/wp\/v2\/posts\/8012\/revisions"}],"predecessor-version":[{"id":8017,"href":"http:\/\/www.waynakh.com\/tr\/wp-json\/wp\/v2\/posts\/8012\/revisions\/8017"}],"wp:attachment":[{"href":"http:\/\/www.waynakh.com\/tr\/wp-json\/wp\/v2\/media?parent=8012"}],"wp:term":[{"taxonomy":"category","embeddable":true,"href":"http:\/\/www.waynakh.com\/tr\/wp-json\/wp\/v2\/categories?post=8012"},{"taxonomy":"post_tag","embeddable":true,"href":"http:\/\/www.waynakh.com\/tr\/wp-json\/wp\/v2\/tags?post=8012"}],"curies":[{"name":"wp","href":"https:\/\/api.w.org\/{rel}","templated":true}]}}