{"id":8583,"date":"2010-07-09T22:41:01","date_gmt":"2010-07-09T19:41:01","guid":{"rendered":"http:\/\/www.waynakh.com\/tr\/?p=8583"},"modified":"2010-07-09T22:41:01","modified_gmt":"2010-07-09T19:41:01","slug":"kadirovun-tehditlerinin-yankilari-suruyor","status":"publish","type":"post","link":"http:\/\/www.waynakh.com\/tr\/2010\/07\/kadirovun-tehditlerinin-yankilari-suruyor\/","title":{"rendered":"Kadirov&#8217;un Tehditlerinin Yank\u0131lar\u0131 S\u00fcr\u00fcyor"},"content":{"rendered":"<p style=\"text-align: justify;\">Ulusal hain Ramzan Kadirov&#8217;un insan haklar\u0131 savunucular\u0131na y\u00f6nelik aleni tehditlerinden sonra ilk tepkiler gelmeye ba\u015flad\u0131. Kukla rejimin Rusya Federasyonu Devlet Konseyi&#8217;ndeki iki temcilsici Kadirov&#8217;u hakl\u0131 g\u00f6r\u00fcrken, Avrupa Parlamentosu Parlamenterler Meclisi ise Kadirov&#8217;un a\u00e7\u0131klamalar\u0131n\u0131 k\u0131nad\u0131.<!--more--><\/p>\n<p style=\"text-align: justify;\">\n<p style=\"text-align: justify;\">Sitemizden kukla Kadirov&#8217;un ba\u015fta \u0130nsan Haklar\u0131 Merkezi &#8220;Memorial&#8221; olmak \u00fczere insan haklar\u0131 savunucular\u0131n\u0131 &#8220;halk\u0131n, hukukun ve devletin d\u00fc\u015fman\u0131&#8221; ilan etti\u011fini duyurmu\u015ftuk. Bu a\u00e7\u0131klaman\u0131n \u00fczerinden birka\u00e7 g\u00fcn ge\u00e7tikten sonra kukla Kadirov&#8217;a ilk destek dalkavuklar\u0131ndan geldi. A\u00e7\u0131klamalar insan haklar\u0131 savunucular\u0131n\u0131n endi\u015felerinde hakl\u0131 olduklar\u0131n\u0131 bir kez daha ortaya koyuyor.<\/p>\n<p style=\"text-align: justify;\"><img loading=\"lazy\" decoding=\"async\" class=\"alignright size-full  wp-image-8585\" title=\"Kadirov ve Sabsabi\" src=\"http:\/\/www.waynakh.com\/tr\/wp-content\/uploads\/2010\/07\/Kadirov-and-Sabsabi.jpg\" alt=\"\" width=\"250\" height=\"180\" \/>Rusya Federasyonu Devlet Konseyi&#8217;nde i\u015fgal alt\u0131ndaki \u00c7e\u00e7enya&#8217;n\u0131n kukla rejimini temsil eden \u00c7e\u00e7en senat\u00f6r Ziab Sabsabi, \u00c7e\u00e7enya&#8217;da hayat\u0131n normale d\u00f6nd\u00fc\u011f\u00fcn\u00fc iddia ederek Memorial&#8217;in \u00c7e\u00e7enya&#8217;daki \u00e7al\u0131\u015fmalar\u0131n\u0131 i\u015fe yaramaz olarak de\u011ferlendirdi. Dalkavuk Sabsabi, e\u011fer Kadirov &#8220;Memorial&#8221; \u00e7al\u0131\u015fanlar\u0131n\u0131 televizyon ekranlar\u0131ndan b\u00f6yle su\u00e7luyorsa &#8220;ciddi nedenleri&#8221; olmal\u0131 diyerek efendisini savundu.<\/p>\n<p style=\"text-align: justify;\">Bir di\u011fer kukla \u00c7e\u00e7en senat\u00f6r Aslanbek Aslakhanov, Memorial \u00e7al\u0131\u015fanlar\u0131n\u0131n dile getirdikleri ger\u00e7eklerin kimi zaman kendilerine zarar verebildi\u011fini, b\u00f6ylesi zamanlarda sessizliklerini korumalar\u0131n\u0131n daha iyi olaca\u011f\u0131n\u0131 ifade ederek aba alt\u0131ndan sopa g\u00f6sterdi.<\/p>\n<p style=\"text-align: justify;\"><img loading=\"lazy\" decoding=\"async\" class=\"alignleft size-full wp-image-8587\" title=\"Aslambek Aslakhanov\" src=\"http:\/\/www.waynakh.com\/tr\/wp-content\/uploads\/2010\/07\/aslambek-aslakhanov.jpg\" alt=\"\" width=\"190\" height=\"230\" \/>Avrupa Parlamentosu Parlamenterler Meclisi (PACE)&#8217;nin Yasal \u0130\u015fler ve \u0130nsan Haklar\u0131 Komitesi Kuzey Kafkasya Raport\u00f6r\u00fc Dick Marty ise kukla Kadirov&#8217;un s\u00f6zlerini &#8220;kabul edilemez ve yak\u0131\u015f\u0131ks\u0131z&#8221; olarak nitelendirdi. Marty, &#8220;Kadirov benzeri \u00fcst\u00fc kapal\u0131 tehditleri ge\u00e7ti\u011fimiz y\u0131l \u00f6ld\u00fcr\u00fclen Memorial \u00e7al\u0131\u015fan\u0131 Natalya Estemirova i\u00e7in de sarf etmi\u015fti&#8221; diyerek Rus yetkilileri \u00c7e\u00e7enya&#8217;daki insan haklar\u0131 savunucular\u0131n\u0131n can g\u00fcvenliklerini garanti alt\u0131na almaya davet etti.<\/p>\n<p style=\"text-align: justify;\">\u00d6te yandan tehdit alt\u0131ndaki &#8220;Memorial&#8221;in ba\u015fkan\u0131 Oleg Orlov, Kadirov&#8217;un s\u00f6zlerinin kendileri i\u00e7in a\u00e7\u0131k bir tehdit oldu\u011funu dile getirerek \u00c7e\u00e7enya&#8217;daki \u00e7al\u0131\u015fmalar\u0131n\u0131 ikinci kez durdurmak zorunda kalabileceklerini ifade etti. Hat\u0131rlanaca\u011f\u0131 \u00fczere Natalya Estemirova&#8217;n\u0131n 15 Temmuz 2009&#8217;da Grozny&#8217;de ka\u00e7\u0131r\u0131larak \u00f6ld\u00fcr\u00fclmesinin ard\u0131ndan &#8220;Memorial&#8221; \u00c7e\u00e7enya&#8217;daki \u00e7al\u0131\u015fmalar\u0131n\u0131 ask\u0131ya alm\u0131\u015f ve ancak aylar sonra \u00e7al\u0131\u015fmalar\u0131na yeniden ba\u015flam\u0131\u015ft\u0131.<\/p>\n","protected":false},"excerpt":{"rendered":"<p>Ulusal hain Ramzan Kadirov&#8217;un insan haklar\u0131 savunucular\u0131na y\u00f6nelik aleni tehditlerinden sonra ilk tepkiler gelmeye ba\u015flad\u0131. Kukla rejimin Rusya Federasyonu Devlet Konseyi&#8217;ndeki iki temcilsici Kadirov&#8217;u hakl\u0131 g\u00f6r\u00fcrken, Avrupa Parlamentosu Parlamenterler Meclisi ise Kadirov&#8217;un a\u00e7\u0131klamalar\u0131n\u0131 k\u0131nad\u0131.<\/p>\n","protected":false},"author":3,"featured_media":0,"comment_status":"open","ping_status":"open","sticky":false,"template":"","format":"standard","meta":{"ngg_post_thumbnail":0,"footnotes":""},"categories":[1],"tags":[1748,1037],"views":3802,"_links":{"self":[{"href":"http:\/\/www.waynakh.com\/tr\/wp-json\/wp\/v2\/posts\/8583"}],"collection":[{"href":"http:\/\/www.waynakh.com\/tr\/wp-json\/wp\/v2\/posts"}],"about":[{"href":"http:\/\/www.waynakh.com\/tr\/wp-json\/wp\/v2\/types\/post"}],"author":[{"embeddable":true,"href":"http:\/\/www.waynakh.com\/tr\/wp-json\/wp\/v2\/users\/3"}],"replies":[{"embeddable":true,"href":"http:\/\/www.waynakh.com\/tr\/wp-json\/wp\/v2\/comments?post=8583"}],"version-history":[{"count":4,"href":"http:\/\/www.waynakh.com\/tr\/wp-json\/wp\/v2\/posts\/8583\/revisions"}],"predecessor-version":[{"id":8590,"href":"http:\/\/www.waynakh.com\/tr\/wp-json\/wp\/v2\/posts\/8583\/revisions\/8590"}],"wp:attachment":[{"href":"http:\/\/www.waynakh.com\/tr\/wp-json\/wp\/v2\/media?parent=8583"}],"wp:term":[{"taxonomy":"category","embeddable":true,"href":"http:\/\/www.waynakh.com\/tr\/wp-json\/wp\/v2\/categories?post=8583"},{"taxonomy":"post_tag","embeddable":true,"href":"http:\/\/www.waynakh.com\/tr\/wp-json\/wp\/v2\/tags?post=8583"}],"curies":[{"name":"wp","href":"https:\/\/api.w.org\/{rel}","templated":true}]}}