{"id":8740,"date":"2010-07-26T13:15:13","date_gmt":"2010-07-26T10:15:13","guid":{"rendered":"http:\/\/www.waynakh.com\/tr\/?p=8740"},"modified":"2010-07-26T13:15:13","modified_gmt":"2010-07-26T10:15:13","slug":"kadirovun-itirafi-video-haber","status":"publish","type":"post","link":"http:\/\/www.waynakh.com\/tr\/2010\/07\/kadirovun-itirafi-video-haber\/","title":{"rendered":"Kadirov&#8217;un \u0130tiraf\u0131 (Video Haber)"},"content":{"rendered":"<p style=\"text-align: justify;\">Rus i\u015fgali alt\u0131ndaki \u00c7e\u00e7enya&#8217;da Kremlin&#8217;in kurdu\u011fu kukla y\u00f6netimin ba\u015f\u0131na atad\u0131\u011f\u0131 Ramzan Kadirov, ge\u00e7ti\u011fimiz g\u00fcnlerde kutsal topraklara yapt\u0131\u011f\u0131 ziyaret \u00f6ncesi u\u00e7a\u011f\u0131nda kendi televizyon kanal\u0131na \u00f6zel bir r\u00f6portaj verdi. Kukla Kadirov r\u00f6portaj s\u0131ras\u0131nda &#8220;Allah&#8217;\u0131n lanetledi\u011fi&#8221; bir yolda \u00e7al\u0131\u015ft\u0131\u011f\u0131n\u0131 itiraf etti.<!--more--><\/p>\n<p style=\"text-align: justify;\">11 Temmuz 2010 tarihli r\u00f6portaj kukla y\u00f6netimin televizyon kanal\u0131nda da yay\u0131nland\u0131. Ulusal hain Kadirov r\u00f6portajda \u015fu kelimeleri kullan\u0131yor: &#8220;&#8230;Allah&#8217;\u0131n lanetledi\u011fi yolda daha \u00e7ok \u00e7al\u0131\u015fma niyetiyle \u00fclke d\u0131\u015f\u0131na \u00e7\u0131kt\u0131m&#8230;&#8221;<\/p>\n<p style=\"text-align: justify;\"><strong>Kukla Kadirov&#8217;un r\u00f6portaj\u0131nda sarf etti\u011fi s\u00f6zlerin yer ald\u0131\u011f\u0131 video g\u00f6r\u00fcnt\u00fcleri:<\/strong><\/p>\n<p><object classid=\"clsid:d27cdb6e-ae6d-11cf-96b8-444553540000\" width=\"480\" height=\"405\" codebase=\"http:\/\/download.macromedia.com\/pub\/shockwave\/cabs\/flash\/swflash.cab#version=6,0,40,0\"><param name=\"src\" value=\"http:\/\/blip.tv\/play\/g59YgfDxcgA\" \/><param name=\"allowfullscreen\" value=\"true\" \/><embed type=\"application\/x-shockwave-flash\" width=\"480\" height=\"405\" src=\"http:\/\/blip.tv\/play\/g59YgfDxcgA\" allowfullscreen=\"true\"><\/embed><\/object><\/p>\n","protected":false},"excerpt":{"rendered":"<p>Rus i\u015fgali alt\u0131ndaki \u00c7e\u00e7enya&#8217;da Kremlin&#8217;in kurdu\u011fu kukla y\u00f6netimin ba\u015f\u0131na atad\u0131\u011f\u0131 Ramzan Kadirov, ge\u00e7ti\u011fimiz g\u00fcnlerde kutsal topraklara yapt\u0131\u011f\u0131 ziyaret \u00f6ncesi u\u00e7a\u011f\u0131nda kendi televizyon kanal\u0131na \u00f6zel bir r\u00f6portaj verdi. Kukla Kadirov r\u00f6portaj s\u0131ras\u0131nda &#8220;Allah&#8217;\u0131n lanetledi\u011fi&#8221; bir yolda &#8230;<\/p>\n","protected":false},"author":3,"featured_media":0,"comment_status":"open","ping_status":"open","sticky":false,"template":"","format":"standard","meta":{"ngg_post_thumbnail":0,"footnotes":""},"categories":[1],"tags":[],"views":4195,"_links":{"self":[{"href":"http:\/\/www.waynakh.com\/tr\/wp-json\/wp\/v2\/posts\/8740"}],"collection":[{"href":"http:\/\/www.waynakh.com\/tr\/wp-json\/wp\/v2\/posts"}],"about":[{"href":"http:\/\/www.waynakh.com\/tr\/wp-json\/wp\/v2\/types\/post"}],"author":[{"embeddable":true,"href":"http:\/\/www.waynakh.com\/tr\/wp-json\/wp\/v2\/users\/3"}],"replies":[{"embeddable":true,"href":"http:\/\/www.waynakh.com\/tr\/wp-json\/wp\/v2\/comments?post=8740"}],"version-history":[{"count":2,"href":"http:\/\/www.waynakh.com\/tr\/wp-json\/wp\/v2\/posts\/8740\/revisions"}],"predecessor-version":[{"id":8743,"href":"http:\/\/www.waynakh.com\/tr\/wp-json\/wp\/v2\/posts\/8740\/revisions\/8743"}],"wp:attachment":[{"href":"http:\/\/www.waynakh.com\/tr\/wp-json\/wp\/v2\/media?parent=8740"}],"wp:term":[{"taxonomy":"category","embeddable":true,"href":"http:\/\/www.waynakh.com\/tr\/wp-json\/wp\/v2\/categories?post=8740"},{"taxonomy":"post_tag","embeddable":true,"href":"http:\/\/www.waynakh.com\/tr\/wp-json\/wp\/v2\/tags?post=8740"}],"curies":[{"name":"wp","href":"https:\/\/api.w.org\/{rel}","templated":true}]}}