{"id":876,"date":"2008-12-09T12:37:15","date_gmt":"2008-12-09T10:37:15","guid":{"rendered":"http:\/\/www.zelimhan.com\/?p=2734"},"modified":"2009-07-07T23:46:34","modified_gmt":"2009-07-07T20:46:34","slug":"dudaeva-olume-hayir-hayata-evet","status":"publish","type":"post","link":"http:\/\/www.waynakh.com\/tr\/2008\/12\/dudaeva-olume-hayir-hayata-evet\/","title":{"rendered":"Dudaeva: &#8220;\u00d6l\u00fcme Hay\u0131r, Hayata Evet&#8230;&#8221;"},"content":{"rendered":"<p style=\"text-align: center;\"><img loading=\"lazy\" decoding=\"async\" class=\"aligncenter size-full wp-image-2735\" title=\"alla-dudaeva-ve-burak-oztas\" src=\"http:\/\/www.waynakh.com\/tr\/wp-content\/uploads\/2008\/12\/alla-dudaeva-ve-burak-oztas.jpg\" alt=\"\" width=\"448\" height=\"336\" \/><\/p>\n<p align=\"justify\">Rusya\u2019ya kar\u015f\u0131 verilen ba\u011f\u0131ms\u0131zl\u0131k m\u00fccadelesinin \u00f6nderlerinden ve \u00c7e\u00e7en Cumhuriyeti \u0130\u00e7keria\u2019 n\u0131n ilk devlet ba\u015fkan\u0131 olan \u015fehit Cohar Dudaev\u2019in e\u015fi Alla Dudaeva, uzun s\u00fcren suskunlu\u011funu 2005 y\u0131l\u0131n\u0131n son g\u00fcnlerinde Waynakh.com&#8217; na verdi\u011fi r\u00f6portaj ile bozmu\u015ftu.<\/p>\n<p align=\"justify\">27 Aral\u0131k 2005 tarihinde ziyaret etti\u011fimiz bayan DUDAEVA ile yapt\u0131\u011f\u0131m\u0131z s\u00f6yle\u015fiyi sizlerle payla\u015f\u0131yoruz.<!--more--><\/p>\n<p align=\"justify\"><strong>Waynakh.com:<\/strong><strong> \u015eu anda \u00c7e\u00e7enya\u2019daki genel durum ve d\u00fcnyan\u0131n bu sava\u015fa bak\u0131\u015f\u0131 hakk\u0131nda ne d\u00fc\u015f\u00fcn\u00fcyorsunuz?<\/strong><\/p>\n<p align=\"justify\"><strong>A.D.:<\/strong> Rusya d\u00fcnyada e\u015fi g\u00f6r\u00fclmemi\u015f bir \u015fekilde \u00c7e\u00e7en halk\u0131na eziyet etmeye devam ediyor ve \u00c7e\u00e7en halk\u0131 da \u00e7ok zor \u015fartlar alt\u0131nda, yokluk i\u00e7inde ya\u015famlar\u0131n\u0131 s\u00fcrd\u00fcrmeye \u00e7al\u0131\u015f\u0131yor. Rusya \u00c7e\u00e7enler hakk\u0131nda ter\u00f6rist diye propaganda yapmaya devam ediyor ama bar\u0131\u015f isteyen bir \u00fclke b\u00f6yle davranamaz. \u00c7e\u00e7enler ba\u011f\u0131ms\u0131zl\u0131klar\u0131n\u0131 ve bar\u0131\u015f\u0131 istiyorlar, ama Rusya bunu anlam\u0131yor ve sald\u0131r\u0131lar\u0131n\u0131 s\u00fcrd\u00fcr\u00fcyor. Sava\u015f devam ediyor ama t\u00fcm d\u00fcnya \u00fclkeleri, AB, uluslararas\u0131 \u00f6rg\u00fctler hi\u00e7bir \u015fey yapmadan sadece izlemekle yetiniyor. Her \u015feye b\u00fcy\u00fck devletler kendi \u00e7\u0131karlar\u0131 do\u011frultusunda karar veriyor.<\/p>\n<p align=\"justify\"><strong>Waynakh.com:<\/strong><strong> 27 Kas\u0131m 2005 tarihinde \u0130\u00e7keria\u2019 da yap\u0131lan bir se\u00e7im ve se\u00e7imle birlikte g\u00f6reve gelen yeni bir y\u00f6netim var. Bu durumu nas\u0131l de\u011ferlendiriyorsunuz?<\/strong><\/p>\n<p align=\"justify\"><strong>A.D.:<\/strong> Bence bunu bir se\u00e7im olarak de\u011ferlendiremeyiz. Onlar Rusya\u2019n\u0131n g\u00f6nderdi\u011fi adamlar, itaatkarlar ve Rusya\u2019n\u0131n pisliklerini \u00f6rtmeye yard\u0131mc\u0131 olacak arac\u0131lar.<\/p>\n<p align=\"justify\"><strong>Waynakh.com:<\/strong><strong> 4 Kas\u0131m\u2019 da Moskova\u2019 da \u00c7e\u00e7enya\u2019daki sava\u015f\u0131 ve fa\u015fizmi protesto etmek i\u00e7in yakla\u015f\u0131k 1,5 milyon Rus y\u00fcr\u00fcy\u00fc\u015f yapt\u0131. Sizce bu umut verici bir geli\u015fme mi?<\/strong><\/p>\n<p align=\"justify\"><strong>A.D.:<\/strong> Rusya 170 milyonluk dev bir \u00fclke. 1,5 milyon ki\u015fi sava\u015f\u0131 durdurmak i\u00e7in yeterli de\u011fil. Bu sava\u015f\u0131 durduracak olanlar Rusya halk\u0131d\u0131r. Ne zaman Rusya halk\u0131 sava\u015f\u0131n durmas\u0131n\u0131 isteyecek bunu dile getirme cesaretini g\u00f6sterecek i\u015fte o zaman bu sava\u015f duracakt\u0131r.<\/p>\n<p align=\"justify\"><strong>Waynakh.com:<\/strong><strong> Peki Rusya halk\u0131 bu sava\u015ftan memnun mu, neden tepki vermiyor?<\/strong><\/p>\n<p align=\"justify\"><strong>A.D.:<\/strong> Asl\u0131nda Rusya halk\u0131 \u00e7ok zor \u015fartlar alt\u0131nda ya\u015f\u0131yor ve bu sava\u015f\u0131 da istemiyor. Ama devlet bask\u0131s\u0131 ve korku insanlar\u0131n bunu dile getirmesini engelliyor. &#8220;Milyon Birinci&#8221; isimli kitab\u0131nda yer alan bir \u015fiiri okumak istiyorum:<\/p>\n<p align=\"justify\">\u00d6l\u00fcme hay\u0131r deyin,<\/p>\n<p align=\"justify\">Hayata evet,<\/p>\n<p align=\"justify\">Korkun\u00e7 bir r\u00fcya gibi kaybolur,<\/p>\n<p align=\"justify\">Bu korkun\u00e7 sava\u015f\u2026<\/p>\n<p align=\"justify\">\u0130ki ordu bir nehir gibi birle\u015fecekler,<\/p>\n<p align=\"justify\">Ve \u00c7e\u00e7enya\u2019y\u0131 b\u0131rakt\u0131ktan sonra kuzeye akacaklar!<\/p>\n<p align=\"justify\">Rusya\u2019y\u0131 k\u00f6t\u00fcl\u00fck a\u011flar\u0131ndan kurtarmaya,<\/p>\n<p align=\"justify\">\u00d6l\u00fcme Hay\u0131r,<\/p>\n<p align=\"justify\">Hayata evet!<\/p>\n<p align=\"justify\"><strong>Waynakh.com:<\/strong><strong> Son d\u00f6nemlerde sava\u015f hakk\u0131nda medyada pek haber yok. Bunu neye ba\u011fl\u0131yorsunuz?<\/strong><\/p>\n<p align=\"justify\"><strong>A.D.:<\/strong> Muhabirlerin \u00c7e\u00e7enya\u2019ya girmesi yasak. Ayr\u0131ca Rusya\u2019daki gazeteciler \u00c7e\u00e7enler konusunda yaz\u0131 yazmaktan korkuyorlar. Yaz\u0131 yazanlar ve haber haz\u0131rlayanlar devletin iste\u011fine g\u00f6re hareket ediyorlar.<\/p>\n<p align=\"justify\"><strong>Waynakh.com:<\/strong><strong> \u00d6zellikle son g\u00fcnlerde \u00c7e\u00e7enler hakk\u0131ndaki ter\u00f6rist iddialar\u0131 iyice artt\u0131. Bu konu hakk\u0131nda ne d\u00fc\u015f\u00fcn\u00fcyorsunuz?<\/strong><\/p>\n<p align=\"justify\"><strong>A.D.:<\/strong> Herkes Beslan\u2019 \u0131 konu\u015fuyor ve ter\u00f6ristler diyor. Zaten Beslan bask\u0131n\u0131n\u0131 da \u015eamil BASAYEV yapmad\u0131. Konu ile ilgili dava devam ediyor ve kimse \u00c7e\u00e7enlerin yapt\u0131\u011f\u0131n\u0131 kan\u0131tlayamad\u0131. Orada su\u00e7 Rus devletinindi. Ortal\u0131kta \u015eamil\u2019 in oldu\u011fu ileri s\u00fcr\u00fclen pek \u00e7ok a\u00e7\u0131klama var ama b\u00fcy\u00fck bir k\u0131sm\u0131 ona ait de\u011fil. Herkes Beslan\u2019 da ki \u00e7ocuklar\u0131 konu\u015fuyor ama hi\u00e7 kimse \u00c7e\u00e7enya\u2019da \u00f6ld\u00fcr\u00fclen, kaybolan 45 Bin \u00e7ocu\u011fun hesab\u0131n\u0131 vermiyor ve onu dile getirmiyor. Ter\u00f6rist olan \u00c7e\u00e7enler de\u011fil, bunlar\u0131 yapan Rus devletidir.<\/p>\n<p align=\"justify\"><strong>Waynakh.com:<\/strong><strong> Bu sava\u015f\u0131n toplum \u00fczerindeki etkileri neler sizce?<\/strong><\/p>\n<p align=\"justify\"><strong>A.D.:<\/strong> Sava\u015f\u0131n \u015fu anda g\u00f6r\u00fcnen neticelerinin yan\u0131nda, bir de g\u00f6r\u00fcnmeyen ve ileriki d\u00f6nemlerde ortaya \u00e7\u0131kacak etkileri var. \u00c7e\u00e7en halk\u0131n\u0131n maruz kald\u0131\u011f\u0131 insanl\u0131k d\u0131\u015f\u0131 uygulamalar\u0131n bedenlerinde ve ruhlar\u0131nda b\u0131rakt\u0131\u011f\u0131 etkinin d\u0131\u015f\u0131nda ileriki nesilleri de etkileyecek kal\u0131tsal bozuklular olacak bunlar. Ayn\u0131 \u015fey burada sava\u015fan Ruslar i\u00e7inde ge\u00e7erli. Bu askerler sava\u015fta derin psikolojik rahats\u0131zl\u0131klara yakalanacaklar ve geri d\u00f6nd\u00fcklerinde Rus toplumu i\u00e7in tehlikeli olacaklar, t\u0131pk\u0131 bir bumerang gibi.<\/p>\n<p align=\"justify\"><strong>Waynakh.com:<\/strong><strong> Kafkasya\u2019da ve \u00c7e\u00e7enya\u2019da gelece\u011fi nas\u0131l g\u00f6r\u00fcyorsunuz?<\/strong><\/p>\n<p align=\"justify\"><strong>A.D.:<\/strong> Rusya bug\u00fcn Kafkasya\u2019da halk\u0131 sindirmek i\u00e7in \u00e7e\u015fitli eziyetler yap\u0131yor. Ama bunun ters tepece\u011fini sava\u015f\u0131n t\u00fcm Kafkasya\u2019ya yay\u0131laca\u011f\u0131n\u0131 \u00f6ng\u00f6remiyorlar.<\/p>\n<p align=\"justify\">\u00c7e\u00e7enler \u00fc\u00e7 \u00f6nemli liderini yitirdi, pek \u00e7ok komutan\u0131n\u0131 kaybetti ama ne olursa olsun bu sava\u015f devam edecek. Bir ba\u015fkan e\u015fi olmak ve her \u015feyden haberdar olmama ra\u011fmen bir \u015fey yapamamak beni \u00fcz\u00fcyor, geceleri uyuyamay\u0131p d\u00fc\u015f\u00fcnmeme ra\u011fmen olanlara ve olacaklara bir cevap bulamamak \u00e7ok k\u00f6t\u00fc.<\/p>\n<p align=\"justify\"><strong>Waynakh.com: T\u00fcrkiye halk\u0131na bir mesaj\u0131n\u0131z var m\u0131?<\/strong><\/p>\n<p align=\"justify\"><strong>A.D.:<\/strong> T\u00fcrkiye devletinin \u00c7e\u00e7enya konusunda bir program\u0131 olmamas\u0131na ra\u011fmen T\u00fcrkiye halk\u0131na te\u015fekk\u00fcr etmek istiyorum. Onlar bizi anlad\u0131lar, bize destek verdiler, veriyorlar. Yaral\u0131lar\u0131m\u0131z\u0131 tedavi ettiler. \u00c7ocuklar\u0131, kad\u0131nlar\u0131 kabul ettiler, destek oldular. M\u00fcltecilerle kendi yemeklerini payla\u015ft\u0131lar. Hepsine \u00e7ok te\u015fekk\u00fcr ediyorum.<\/p>\n","protected":false},"excerpt":{"rendered":"<p>Rusya\u2019ya kar\u015f\u0131 verilen ba\u011f\u0131ms\u0131zl\u0131k m\u00fccadelesinin \u00f6nderlerinden ve \u00c7e\u00e7en Cumhuriyeti \u0130\u00e7keria\u2019 n\u0131n ilk devlet ba\u015fkan\u0131 olan \u015fehit Cohar Dudaev\u2019in e\u015fi Alla Dudaeva, uzun s\u00fcren suskunlu\u011funu 2005 y\u0131l\u0131n\u0131n son g\u00fcnlerinde Waynakh.com&#8217; na verdi\u011fi r\u00f6portaj ile bozmu\u015ftu.<br \/>\n27 Aral\u0131k &#8230;<\/p>\n","protected":false},"author":1,"featured_media":0,"comment_status":"open","ping_status":"open","sticky":false,"template":"","format":"standard","meta":{"ngg_post_thumbnail":0,"footnotes":""},"categories":[131],"tags":[],"views":5502,"_links":{"self":[{"href":"http:\/\/www.waynakh.com\/tr\/wp-json\/wp\/v2\/posts\/876"}],"collection":[{"href":"http:\/\/www.waynakh.com\/tr\/wp-json\/wp\/v2\/posts"}],"about":[{"href":"http:\/\/www.waynakh.com\/tr\/wp-json\/wp\/v2\/types\/post"}],"author":[{"embeddable":true,"href":"http:\/\/www.waynakh.com\/tr\/wp-json\/wp\/v2\/users\/1"}],"replies":[{"embeddable":true,"href":"http:\/\/www.waynakh.com\/tr\/wp-json\/wp\/v2\/comments?post=876"}],"version-history":[{"count":3,"href":"http:\/\/www.waynakh.com\/tr\/wp-json\/wp\/v2\/posts\/876\/revisions"}],"predecessor-version":[{"id":4596,"href":"http:\/\/www.waynakh.com\/tr\/wp-json\/wp\/v2\/posts\/876\/revisions\/4596"}],"wp:attachment":[{"href":"http:\/\/www.waynakh.com\/tr\/wp-json\/wp\/v2\/media?parent=876"}],"wp:term":[{"taxonomy":"category","embeddable":true,"href":"http:\/\/www.waynakh.com\/tr\/wp-json\/wp\/v2\/categories?post=876"},{"taxonomy":"post_tag","embeddable":true,"href":"http:\/\/www.waynakh.com\/tr\/wp-json\/wp\/v2\/tags?post=876"}],"curies":[{"name":"wp","href":"https:\/\/api.w.org\/{rel}","templated":true}]}}