{"id":8802,"date":"2010-08-05T20:46:34","date_gmt":"2010-08-05T17:46:34","guid":{"rendered":"http:\/\/www.waynakh.com\/tr\/?p=8802"},"modified":"2010-08-05T20:46:34","modified_gmt":"2010-08-05T17:46:34","slug":"sivillere-yonelik-teror-artis-gosteriyor","status":"publish","type":"post","link":"http:\/\/www.waynakh.com\/tr\/2010\/08\/sivillere-yonelik-teror-artis-gosteriyor\/","title":{"rendered":"\u00c7e\u00e7enya&#8217;da Sivillere Y\u00f6nelik Ter\u00f6r Art\u0131\u015f G\u00f6steriyor"},"content":{"rendered":"<p style=\"text-align: justify;\">\u00c7e\u00e7enya\u2019dan gelen bilgilere g\u00f6re, d\u00fcn iki \u00c7e\u00e7en sivil daha kukla Kadirov rejiminin haydutlar\u0131 taraf\u0131ndan ka\u00e7\u0131r\u0131ld\u0131.<!--more--><\/p>\n<p style=\"text-align: justify;\">\n<p style=\"text-align: justify;\">4 A\u011fustos g\u00fcn\u00fc, Kadirovitsler Urus-Martan b\u00f6lgesindeki Shalazhi K\u00f6y\u00fc\u2019nde bir cezaland\u0131rma operasyonu d\u00fczenledi. Kadirov\u2019un haydutlar\u0131n\u0131n hedefinde 19 ya\u015f\u0131ndaki bir gen\u00e7 erkek vard\u0131. Ya\u015fan\u0131lanlar olay\u0131n bir nokta operasyonu oldu\u011funu g\u00f6steriyordu, \u00e7\u00fcnk\u00fc aniden kurban\u0131n evinin bah\u00e7esine dalan silahl\u0131 ve \u00fcniformal\u0131 ki\u015filer do\u011frudan gen\u00e7 adam\u0131 evinden ald\u0131 ve su\u00e7 mahallerinden h\u0131zla ayr\u0131ld\u0131.<\/p>\n<p style=\"text-align: justify;\">Ayn\u0131 g\u00fcn ak\u015fam saatlerinde de Achkoi-Martan kentinde bir sivil \u00c7e\u00e7enya\u2019daki kukla rejimin silahl\u0131 \u00e7ete \u00fcyelerince esir al\u0131nd\u0131. Kremlin destekli g\u00fc\u00e7lerin i\u00e7erisinden bir kaynak, esirin Kadirovitslerin istedi\u011fi her ka\u011f\u0131da imza atmay\u0131 kabul edene kadar a\u015f\u0131r\u0131 bir i\u015fkence maruz kald\u0131\u011f\u0131n\u0131 d\u0131\u015far\u0131ya s\u0131zd\u0131rd\u0131.<\/p>\n<p style=\"text-align: justify;\">Her iki esir de \u00c7e\u00e7en m\u00fccahitlere yiyecek yard\u0131m\u0131 yapmakla su\u00e7lan\u0131yor.<\/p>\n","protected":false},"excerpt":{"rendered":"<p>\u00c7e\u00e7enya\u2019dan gelen bilgilere g\u00f6re, d\u00fcn iki \u00c7e\u00e7en sivil daha kukla Kadirov rejiminin haydutlar\u0131 taraf\u0131ndan ka\u00e7\u0131r\u0131ld\u0131.<\/p>\n","protected":false},"author":3,"featured_media":0,"comment_status":"open","ping_status":"open","sticky":false,"template":"","format":"standard","meta":{"ngg_post_thumbnail":0,"footnotes":""},"categories":[1],"tags":[],"views":3361,"_links":{"self":[{"href":"http:\/\/www.waynakh.com\/tr\/wp-json\/wp\/v2\/posts\/8802"}],"collection":[{"href":"http:\/\/www.waynakh.com\/tr\/wp-json\/wp\/v2\/posts"}],"about":[{"href":"http:\/\/www.waynakh.com\/tr\/wp-json\/wp\/v2\/types\/post"}],"author":[{"embeddable":true,"href":"http:\/\/www.waynakh.com\/tr\/wp-json\/wp\/v2\/users\/3"}],"replies":[{"embeddable":true,"href":"http:\/\/www.waynakh.com\/tr\/wp-json\/wp\/v2\/comments?post=8802"}],"version-history":[{"count":1,"href":"http:\/\/www.waynakh.com\/tr\/wp-json\/wp\/v2\/posts\/8802\/revisions"}],"predecessor-version":[{"id":8804,"href":"http:\/\/www.waynakh.com\/tr\/wp-json\/wp\/v2\/posts\/8802\/revisions\/8804"}],"wp:attachment":[{"href":"http:\/\/www.waynakh.com\/tr\/wp-json\/wp\/v2\/media?parent=8802"}],"wp:term":[{"taxonomy":"category","embeddable":true,"href":"http:\/\/www.waynakh.com\/tr\/wp-json\/wp\/v2\/categories?post=8802"},{"taxonomy":"post_tag","embeddable":true,"href":"http:\/\/www.waynakh.com\/tr\/wp-json\/wp\/v2\/tags?post=8802"}],"curies":[{"name":"wp","href":"https:\/\/api.w.org\/{rel}","templated":true}]}}