{"id":9137,"date":"2010-10-11T20:40:41","date_gmt":"2010-10-11T17:40:41","guid":{"rendered":"http:\/\/www.waynakh.com\/tr\/?p=9137"},"modified":"2013-12-27T19:36:24","modified_gmt":"2013-12-27T16:36:24","slug":"kamuoyuna-duyuru","status":"publish","type":"post","link":"http:\/\/www.waynakh.com\/tr\/2010\/10\/kamuoyuna-duyuru\/","title":{"rendered":"Kamuoyuna Duyuru"},"content":{"rendered":"<p style=\"text-align: justify;\">T\u00fcrkiye&#8217;deki \u00c7e\u00e7en diasporas\u0131 sakinleri i\u015fgal alt\u0131ndaki \u00c7e\u00e7enya&#8217;da Rus kuklas\u0131 Ramzan Kadirov taraf\u0131ndan organize edilen d\u00fczmece kongreyle ilgili bir a\u00e7\u0131klama yay\u0131nlad\u0131.<!--more--><\/p>\n<p style=\"text-align: center;\"><strong>K A M U O Y U N A \u00a0 D U Y U R U<\/strong><\/p>\n<p style=\"text-align: justify;\">\u00c7e\u00e7en etnik k\u00f6kenli T\u00fcrkiye Cumhuriyeti vatanda\u015flar\u0131 olarak son g\u00fcnlerde anavatan\u0131m\u0131z ile ilgili meydana gelen geli\u015fmeler nedeniyle bu acil ve \u00f6nemli duyuruyu payla\u015fma ihtiyac\u0131 hissetmi\u015f bulunmaktay\u0131z.<\/p>\n<p style=\"text-align: justify;\">T\u00fcrkiye\u2019deki kamuoyu taraf\u0131ndan da yak\u0131ndan bilindi\u011fi \u00fczere, Sovyetler Birli\u011fi\u2019nin da\u011f\u0131lma s\u00fcrecinde 1990 y\u0131l\u0131nda toplanan \u00c7e\u00e7en Halk Kongresi\u2019nin ortak bir ak\u0131l ile ald\u0131\u011f\u0131 &#8220;\u00c7e\u00e7en halk\u0131n\u0131n ba\u011f\u0131ms\u0131zl\u0131\u011f\u0131n\u0131n ve devletinin yeniden ihya edilmesine ili\u015fkin&#8221; kararla uluslararas\u0131 g\u00f6zlemciler nezdinde Devlet Ba\u015fkanl\u0131\u011f\u0131 ve Parlamento se\u00e7imleri yap\u0131lm\u0131\u015f, bu se\u00e7imlerde halk\u0131n tamam\u0131na yak\u0131n\u0131n\u0131n deste\u011fini alan Dzhoxar Dudaev 1 Kas\u0131m 1991\u2019de &#8220;\u00c7e\u00e7en Cumhuriyetinin Devlet Ba\u011f\u0131ms\u0131zl\u0131\u011f\u0131n\u0131n \u0130hya Edili\u015fine Dair Kararname&#8221;yi imzalayarak &#8220;egemen&#8221; ve &#8220;ba\u011f\u0131ms\u0131z&#8221; \u00c7e\u00e7en devletinin kuruldu\u011funu ilan etmi\u015ftir.<\/p>\n<p style=\"text-align: justify;\">Emperyal Rusya ise Sovyetler Birli\u011fi\u2019nin miras\u00e7\u0131s\u0131 oldu\u011fu iddias\u0131yla 31 Mart 1992&#8217;de &#8220;Rusya Federasyonu&#8221;nu kurmu\u015f ve \u00c7e\u00e7enler taraf\u0131ndan bu federasyonu kuran anla\u015fma imzalanmam\u0131\u015f olmas\u0131na ra\u011fmen yasad\u0131\u015f\u0131 bir hareketle 12 Aral\u0131k 1993\u2019te oylanan Rusya Federasyonu Anayasas\u0131\u2019na &#8220;\u00c7e\u00e7en Cumhuriyeti&#8221; de dahil edilmi\u015ftir.<\/p>\n<p style=\"text-align: justify;\">Akabinde herkes\u00e7e malum oldu\u011fu \u00fczere Rus askeri g\u00fc\u00e7leri, 11 Aral\u0131k 1994\u2019te \u00c7e\u00e7en topraklar\u0131n\u0131 i\u015fgal etmeye ba\u015flam\u0131\u015ft\u0131r. Aylarca devam eden Rus i\u015fgali, \u00c7e\u00e7en halk\u0131n\u0131n tek v\u00fccut m\u00fcdafaas\u0131 ile 31 A\u011fustos 1996\u2019da Rus g\u00fc\u00e7lerin ma\u011flubiyeti ile sona ermi\u015ftir. Ayr\u0131ca Rusya Federasyonu ile \u00c7e\u00e7en Cumhuriyeti \u0130\u00e7kerya aras\u0131nda imzalanan bar\u0131\u015f anla\u015fmas\u0131 ile Rus taraf\u0131 \u00c7e\u00e7en devletini de &#8220;de facto&#8221; olarak tan\u0131m\u0131\u015ft\u0131r.<\/p>\n<p style=\"text-align: justify;\">Yaralar\u0131n\u0131 sarmak isteyen \u00c7e\u00e7en halk\u0131 27 Ocak 1997\u2019de yeniden se\u00e7imlere gitmi\u015f, uluslararas\u0131 g\u00f6zlemciler nezdinde yap\u0131lan Devlet Ba\u015fkanl\u0131\u011f\u0131 ve Parlamento se\u00e7imlerinde Aslan Maskhadov, \u00c7e\u00e7en Cumhuriyeti \u0130\u00e7kerya Devlet Ba\u015fkan\u0131 olarak se\u00e7ilmi\u015ftir.<\/p>\n<p style=\"text-align: justify;\">\u00c7e\u00e7en topraklar\u0131 \u00fczerindeki emperyal emellerinden vazge\u00e7me niyeti olmayan Rusya Federasyonu her t\u00fcrl\u00fc hukuksuzlu\u011fa ba\u015fvurmu\u015f, bu amac\u0131 do\u011frultusunda kendi halk\u0131n\u0131 dahi katletmekten geri durmam\u0131\u015f ve su\u00e7u masum-bar\u0131\u015f\u00e7\u0131l \u00c7e\u00e7en halk\u0131n\u0131n \u00fczerine y\u0131karak 1 Ekim 1999 tarihinde yeniden anavatan\u0131m\u0131z\u0131 i\u015fgal etmi\u015ftir.<\/p>\n<p style=\"text-align: justify;\">O g\u00fcnden bu yana i\u015fgalci Rusya, \u00c7e\u00e7en Cumhuriyeti \u0130\u00e7kerya topraklar\u0131nda ta\u015f \u00fczerinde ta\u015f b\u0131rakmam\u0131\u015f, \u00fclkenin t\u00fcm alt ve \u00fcst yap\u0131s\u0131n\u0131 tahrip etmi\u015f; masum sivilleri katletmi\u015f, k\u0131z karde\u015flerimize tecav\u00fcz etmi\u015f, erkek karde\u015flerimizi ka\u00e7\u0131rarak gizli hapishanelerde i\u015fkenceye tabi tutmu\u015f; soyk\u0131r\u0131m su\u00e7unu ve insanl\u0131\u011fa kar\u015f\u0131 su\u00e7lar\u0131 i\u015flemi\u015ftir.<\/p>\n<p style=\"text-align: justify;\">Rusya Federasyonu eliyle y\u00fcr\u00fct\u00fclen &#8220;Devlet Ter\u00f6rizmi&#8221; neticesinde on be\u015f y\u0131l\u0131 a\u015fk\u0131n s\u00fcredir devam eden i\u015fgal alt\u0131nda \u00c7e\u00e7en halk\u0131 45 bini \u00e7ocuk olmak \u00fczere 300 bini a\u015fk\u0131n birbirinden de\u011ferli evlad\u0131n\u0131 yitirmi\u015f; on binlerce sivil geriye kalan ya\u015famlar\u0131n\u0131 sakat olarak ge\u00e7irmeye mecbur kalm\u0131\u015f ve y\u00fcz binlerce sivil de \u00c7e\u00e7en topraklar\u0131nda yarat\u0131lan bask\u0131, korku ve \u015fiddet ortam\u0131ndan dolay\u0131 anavatan\u0131n\u0131 terk ederek d\u00fcnyan\u0131n d\u00f6rt bir yan\u0131nda m\u00fclteci hayat\u0131 s\u00fcrmeye zorlanm\u0131\u015ft\u0131r.<\/p>\n<p style=\"text-align: justify;\">Rusya Federasyonu sadece bu kadarla kalmam\u0131\u015f, \u00c7e\u00e7en halk\u0131n\u0131n iradesi d\u0131\u015f\u0131nda anavatan\u0131m\u0131zda bir de &#8220;KUKLA&#8221; yap\u0131lanma olu\u015fturarak bunu &#8220;\u00c7e\u00e7en Cumhuriyeti H\u00fck\u00fcmeti&#8221; olarak adland\u0131rmaya ba\u015flam\u0131\u015ft\u0131r. \u0130\u015fgal g\u00fc\u00e7lerinin silahlar\u0131n\u0131n g\u00f6lgesinde d\u00fczmece se\u00e7imler tertip edilmi\u015ftir. An itibariyle \u00c7e\u00e7enya\u2019daki bu kukla yap\u0131lanman\u0131n ba\u015f\u0131nda kendisine verilen senaryoyu oynayan \u015fah\u0131s, bir s\u00fcre \u00f6nce T\u00fcrkiye\u2019ye de gelen &#8220;Ramzan Kadirov&#8221;dur. G\u00f6z\u00fcn\u00fc &#8220;para&#8221; ve &#8220;kan&#8221; b\u00fcr\u00fcm\u00fc\u015f bu piyon \u00c7e\u00e7en halk\u0131 taraf\u0131ndan se\u00e7ilmemi\u015f, do\u011frudan Vladimir Putin taraf\u0131ndan i\u015fgal alt\u0131ndaki anavatan\u0131m\u0131zda kurulan &#8220;kukla y\u00f6netimin&#8221; ba\u015f\u0131na atanm\u0131\u015f bir \u015fah\u0131st\u0131r. Bu halk d\u00fc\u015fman\u0131; \u00c7e\u00e7en halk\u0131n\u0131n ortadan kald\u0131r\u0131lmas\u0131 i\u00e7in Putin\u2019in verdi\u011fi direktifler do\u011frultusunda \u0131rkda\u015flar\u0131n\u0131 ka\u00e7\u0131rtmakta ve onlara ak\u0131l almaz i\u015fkenceler yapt\u0131rmakta, halen vatan\u0131n\u0131n \u00f6zg\u00fcrl\u00fc\u011f\u00fc i\u00e7in da\u011flarda m\u00fccadele veren \u00f6zg\u00fcrl\u00fck sava\u015f\u00e7\u0131lar\u0131n\u0131n akrabalar\u0131n\u0131n evlerini yakt\u0131rmakta, insanlar\u0131n dinsel inan\u0131\u015flar\u0131na m\u00fcdahalede bulunmakta, kendisine muhalif olma cesaretini g\u00f6sterebilen herkesi \u00c7e\u00e7enya\u2019da ya da yurtd\u0131\u015f\u0131nda ortadan kald\u0131rtmakta, \u00fclkede yaratt\u0131\u011f\u0131 korku atmosferi ile bir \u00e7ar edas\u0131yla zevk ve sefa i\u00e7erisinde hayat s\u00fcrmektedir.<\/p>\n<p style=\"text-align: justify;\">\u00c7e\u00e7enya\u2019daki kukla yap\u0131lanma &#8220;12-13 Ekim 2010&#8221; tarihleri aras\u0131nda i\u015fgal alt\u0131ndaki anavatan\u0131m\u0131z\u0131n ba\u015fkenti Grozny\u2019de g\u00f6r\u00fcn\u00fc\u015fte &#8220;\u00c7e\u00e7en diasporas\u0131 ve \u00c7e\u00e7en toplumunun b\u00fct\u00fcnle\u015ftirilmesi&#8221; olarak lanse edilen ancak esasta bu kukla rejimin &#8220;me\u015frula\u015ft\u0131r\u0131lmas\u0131&#8221; gayesini g\u00fctmekten ba\u015fka bir amac\u0131 olmayan &#8220;\u00c7e\u00e7en Halk\u0131 Kongresi&#8221; d\u00fczenlenece\u011fini duyurmu\u015ftur.<\/p>\n<p style=\"text-align: justify;\">Ne ac\u0131d\u0131r ki T\u00fcrkiye\u2019de faaliyet g\u00f6steren \u00c7e\u00e7en derneklerinin baz\u0131 \u00fcyelerinin de bu &#8220;d\u00fczmece kongreye&#8221; kat\u0131laca\u011f\u0131n\u0131 \u00f6\u011frenmi\u015f bulunmaktay\u0131z.<\/p>\n<p style=\"text-align: justify;\">A\u015fa\u011f\u0131da imzas\u0131 olan T\u00fcrkiye\u2019deki \u00c7e\u00e7en diasporas\u0131 mensuplar\u0131, sivil toplum kurulu\u015flar\u0131 ve \u00c7e\u00e7en medyas\u0131n\u0131n temsilcileri olarak bizler,<\/p>\n<p style=\"text-align: justify;\">\u2022 Kuklalar taraf\u0131ndan patronlar\u0131n\u0131n \u00e7\u0131karlar\u0131 do\u011frultusunda yap\u0131lacak bir toplant\u0131ya kat\u0131lmay\u0131 reddetti\u011fimizi,<br \/>\n\u2022 Bu toplant\u0131ya kat\u0131laca\u011f\u0131n\u0131 bildi\u011fimiz isimlerin biz T\u00fcrkiye\u2019deki \u00c7e\u00e7en diasporas\u0131 mensuplar\u0131 ad\u0131na konu\u015fmaya herhangi bir haklar\u0131 olmad\u0131\u011f\u0131n\u0131; b\u00f6ylesi bir toplant\u0131 i\u00e7in kimseye bizleri temsil etme hakk\u0131 ve yetkisi vermedi\u011fimizi,<br \/>\n\u2022 Dzhoxar Dudaev taraf\u0131ndan \u00e7izgileri ortaya konulan &#8220;Ba\u011f\u0131ms\u0131z&#8221; ve &#8220;Egemen&#8221; \u00c7e\u00e7en Cumhuriyeti \u0130\u00e7kerya ideas\u0131n\u0131 sonuna kadar destekleyece\u011fimizi ilan ediyoruz.<\/p>\n<p style=\"text-align: justify;\">Kamuoyuna sayg\u0131yla duyurulur.<\/p>\n<p style=\"text-align: justify;\">11.10.2010 \u2013 \u0130stanbul<\/p>\n","protected":false},"excerpt":{"rendered":"<p>T\u00fcrkiye&#8217;deki \u00c7e\u00e7en diasporas\u0131 sakinleri i\u015fgal alt\u0131ndaki \u00c7e\u00e7enya&#8217;da Rus kuklas\u0131 Ramzan Kadirov taraf\u0131ndan organize edilen d\u00fczmece kongreyle ilgili bir a\u00e7\u0131klama yay\u0131nlad\u0131.<\/p>\n","protected":false},"author":3,"featured_media":0,"comment_status":"closed","ping_status":"open","sticky":false,"template":"","format":"standard","meta":{"ngg_post_thumbnail":0,"footnotes":""},"categories":[1],"tags":[],"views":15583,"_links":{"self":[{"href":"http:\/\/www.waynakh.com\/tr\/wp-json\/wp\/v2\/posts\/9137"}],"collection":[{"href":"http:\/\/www.waynakh.com\/tr\/wp-json\/wp\/v2\/posts"}],"about":[{"href":"http:\/\/www.waynakh.com\/tr\/wp-json\/wp\/v2\/types\/post"}],"author":[{"embeddable":true,"href":"http:\/\/www.waynakh.com\/tr\/wp-json\/wp\/v2\/users\/3"}],"replies":[{"embeddable":true,"href":"http:\/\/www.waynakh.com\/tr\/wp-json\/wp\/v2\/comments?post=9137"}],"version-history":[{"count":120,"href":"http:\/\/www.waynakh.com\/tr\/wp-json\/wp\/v2\/posts\/9137\/revisions"}],"predecessor-version":[{"id":13664,"href":"http:\/\/www.waynakh.com\/tr\/wp-json\/wp\/v2\/posts\/9137\/revisions\/13664"}],"wp:attachment":[{"href":"http:\/\/www.waynakh.com\/tr\/wp-json\/wp\/v2\/media?parent=9137"}],"wp:term":[{"taxonomy":"category","embeddable":true,"href":"http:\/\/www.waynakh.com\/tr\/wp-json\/wp\/v2\/categories?post=9137"},{"taxonomy":"post_tag","embeddable":true,"href":"http:\/\/www.waynakh.com\/tr\/wp-json\/wp\/v2\/tags?post=9137"}],"curies":[{"name":"wp","href":"https:\/\/api.w.org\/{rel}","templated":true}]}}