{"id":9531,"date":"2010-11-11T02:22:46","date_gmt":"2010-11-10T23:22:46","guid":{"rendered":"http:\/\/www.waynakh.com\/tr\/?p=9531"},"modified":"2010-11-11T02:22:46","modified_gmt":"2010-11-10T23:22:46","slug":"cecen-siginmacilar-soguga-terkedildi","status":"publish","type":"post","link":"http:\/\/www.waynakh.com\/tr\/2010\/11\/cecen-siginmacilar-soguga-terkedildi\/","title":{"rendered":"\u00c7e\u00e7en S\u0131\u011f\u0131nmac\u0131lar So\u011fu\u011fa Terkedildi"},"content":{"rendered":"<p style=\"text-align: justify;\">Polonya\u2019n\u0131n <a href=\"http:\/\/www.wspolczesna.pl\/apps\/pbcs.dll\/article?AID=%2F20101107%2FMAGAZYN%2F532091399\" target=\"_blank\">Gazeta Wsp\u00f3\u0142czesna<\/a> adl\u0131 gazetesinin muhabirlerinden Katarzyna Patalan-Brzostowska, kapat\u0131lan m\u00fclteci merkezlerinin ard\u0131ndan \u00fclkenin \u0141om\u017ca kentindeki \u00c7e\u00e7en s\u0131\u011f\u0131nmac\u0131lar\u0131n durumunu g\u00f6zler \u00f6n\u00fcne seren bir haber haz\u0131rlad\u0131.<!--more--><\/p>\n<p style=\"text-align: justify;\">\n<p style=\"text-align: justify;\"><strong>Leh gazetecinin haberini sizlerle payla\u015f\u0131yoruz:<\/strong><\/p>\n<p style=\"text-align: justify;\">\u0141om\u017ca\u2019dayd\u0131m. \u00c7e\u00e7en s\u0131\u011f\u0131nmac\u0131lar\u0131n genel olarak berbat ko\u015fullarda ya\u015fad\u0131\u011f\u0131n\u0131 s\u00f6yleyebilirim. Is\u0131tma sistemi ve s\u0131cak suyu olmayan k\u00fcflenmi\u015f odalar i\u00e7in ayl\u0131k 1000 z\u0142oty kadar (yakla\u015f\u0131k 510 TL) \u00f6demek zorunda kal\u0131yorlar.<\/p>\n<p style=\"text-align: justify;\">\u0141om\u017ca\u2019daki \u00c7e\u00e7en s\u0131\u011f\u0131nmac\u0131lara yard\u0131m eden Fundacji Ocalenie\u2019dan (Kurtulu\u015f Vakf\u0131) Satsita Khumaidova, &#8220;Baz\u0131 aileler i\u00e7in hala kalacak yer bulmaya \u00e7al\u0131\u015f\u0131yoruz. Kiral\u0131k ilan\u0131 \u00e7ok az, fiyatlar \u00e7ok y\u00fcksek ve sunulan ko\u015fullar istenilenden \u00e7ok uzak&#8221; diyor.<\/p>\n<p style=\"text-align: justify;\">\u0141om\u017ca\u2019da be\u015f \u00c7e\u00e7en ailenin ya\u015fad\u0131\u011f\u0131 bir evi ziyaret ediyorum. Kalabal\u0131k bir caddeye \u00e7ok yak\u0131n olmas\u0131na ra\u011fmen s\u0131vas\u0131 d\u00f6k\u00fclm\u00fc\u015f bu bina da\u011f\u0131n\u0131k bir bah\u00e7e ile \u00e7evrelenmi\u015f. \u00c7ocuklar evin etraf\u0131nda ko\u015fu\u015fturuyor. Aza Mudaroveya\u2019n\u0131n odas\u0131na gitmek \u00fczere binaya giriyorum. Odada d\u00f6\u015feklerin yan\u0131nda bir kanepe, bir dolap, eski bir buzdolab\u0131, mu\u015famba ile kaplanm\u0131\u015f bir masa, \u00e7i\u00e7ekler ve iki f\u0131r\u0131n var. Ailenin sahip oldu\u011fu t\u00fcm e\u015fyalar bunlar.<\/p>\n<p style=\"text-align: justify;\">Aza, &#8220;Be\u015f y\u0131ld\u0131r kocam ve \u00e7ocuklar\u0131mla birlikte \u0141om\u017ca\u2019da ya\u015f\u0131yoruz. \u0130ki \u00e7ocu\u011fumuz var, alt\u0131 ya\u015f\u0131nda bir k\u0131z ve be\u015f ya\u015f\u0131nda bir o\u011flan. \u015eimdi hepimiz bu odada ya\u015f\u0131yoruz. Bu oda bizim yatak odam\u0131z ve mutfa\u011f\u0131m\u0131z. Burada uyuyor, yeme\u011fimizi burada pi\u015firiyoruz. T\u00fcm zaman\u0131m\u0131z\u0131 bu odan\u0131n i\u00e7erisinde ge\u00e7iriyoruz. Hi\u00e7 kolay de\u011fil, \u00f6zellikle k\u0131z okula giderken&#8221; diyor.<\/p>\n<p style=\"text-align: justify;\">Odada bir radyat\u00f6r ya da \u0131s\u0131t\u0131c\u0131 g\u00f6remedi\u011fim i\u00e7in \u0131s\u0131nma i\u015fini nas\u0131l hallediyorsunuz diye soruyorum. \u00dcstelik odadaki tek penceren akan su, duvarlardaki k\u00fcfler ve her k\u00f6\u015feyi kaplayan mantarla da dikkatimi \u00e7ekiyor.<\/p>\n<p style=\"text-align: justify;\">Kad\u0131n ba\u015f\u0131n\u0131 \u00f6n\u00fcne e\u011fiyor. Bir s\u00fcre sonra, f\u0131r\u0131nlar\u0131ndan birisini eline al\u0131yor ve soruma yan\u0131t veriyor: &#8220;Bunlar\u0131 \u00e7al\u0131\u015f\u0131r pozisyona getiriyorum, tek \u0131s\u0131t\u0131c\u0131m\u0131z bunlar. Gazdan dolay\u0131 ba\u015f\u0131m\u0131z a\u011fr\u0131yor. K\u00fcf ve so\u011fuk \u00e7ocuklara yaram\u0131yor, bu y\u00fczden hasta gibiler. Kocamla birlikte ben yerde uyuyoruz. \u00c7ocuklar\u0131 s\u0131cak tutmak i\u00e7in onlar\u0131 kanepede yat\u0131r\u0131yoruz. S\u0131cakl\u0131klar biraz daha d\u00fc\u015ft\u00fc\u011f\u00fcnde neler olacak bilmiyorum. O zaman muhtemelen bu iki f\u0131r\u0131n da yetmeyecek.&#8221;<\/p>\n<p style=\"text-align: justify;\">Ailenin b\u00f6ylesi bir oda i\u00e7in servet \u00f6dedi\u011fine inanmak g\u00fc\u00e7. Aza, &#8220;Ayl\u0131k 350 z\u0142oty (yakla\u015f\u0131k 180 TL) art\u0131 elektrik, su ve \u00e7\u00f6p i\u00e7in giderleri \u00f6d\u00fcyoruz. Bu ay ev sahibi bizden 580 z\u0142oty (300 TL) istedi, dedi\u011fine g\u00f6re \u00e7ok fazla elektrik harcam\u0131\u015f\u0131z. Ama nedense elektrik faturas\u0131n\u0131 g\u00f6stermeye yana\u015fm\u0131yor. Bizim i\u00e7in bu olduk\u00e7a y\u00fcksek bir mebla\u011f, ayl\u0131k 800 z\u0142oty (400 TL) ald\u0131\u011f\u0131m\u0131z\u0131 d\u00fc\u015f\u00fcn\u00fcrseniz&#8221; diyor.<\/p>\n<p style=\"text-align: justify;\">\u00c7e\u00e7en kad\u0131n k\u0131\u015f\u0131n kap\u0131da olmas\u0131 nedeniyle kendilerine daha uygun bir apartman dairesi ar\u0131yor. Aza, &#8220;S\u00fcrekli ara\u015ft\u0131r\u0131yoruz. Ge\u00e7enlerde \u0141om\u017ca\u2019da bir eve bakmaya gittik. K\u00fc\u00e7\u00fck, ah\u015fap, olduk\u00e7a bak\u0131ms\u0131z bir yerdi, hatta biz gezerken bir fare zeminde ko\u015fturuyordu. Evin sahibi bizden ayl\u0131k 1000 z\u0142oty (510 TL) istedi. Hemen oradan ka\u00e7t\u0131k&#8221; diyor.<\/p>\n<p style=\"text-align: justify;\">Ayn\u0131 binada Aza\u2019n\u0131n ailesinin yan\u0131 s\u0131ra ikamet etmekte olan ba\u015fka \u00c7e\u00e7en aileler de var. Hepsi benzeri k\u00fc\u00e7\u00fck odalarda kal\u0131yorlar. Ama t\u00fcm bu binadakilerin tek bir banyosu var. Banyoda da ne s\u0131cak su ne de \u0131s\u0131tma sistemi yok.<\/p>\n<p style=\"text-align: justify;\">Bina sakinlerinden birisi hamile bir \u00c7e\u00e7en kad\u0131n. Ad\u0131n\u0131 vermek istemiyor. Olduk\u00e7a hasta, daha \u00f6nce verem ge\u00e7irmi\u015f. Leh\u00e7e\u2019yi zar zor konu\u015fuyor. Zemin katta kal\u0131yor. Onun odas\u0131 da eski ve be\u015f para etmez t\u00fcrden. K\u0131sa bir s\u00fcre sonra bu ko\u015fullarda yeni do\u011facak bebe\u011fini b\u00fcy\u00fctmeye \u00e7al\u0131\u015facak.<\/p>\n<p style=\"text-align: justify;\">Satsita Khumaidova, &#8220;\u0141om\u017ca merkezi d\u0131\u015f\u0131nda ya\u015fayan m\u00fcltecilerin yar\u0131s\u0131ndan \u00e7o\u011fu benzeri ko\u015fullarda ya\u015famlar\u0131n\u0131 s\u00fcrd\u00fcrmeye \u00e7abal\u0131yor. Bu ko\u015fullar\u0131 sosyal hizmetliler de biliyor, zira birlikte ziyaretler ger\u00e7ekle\u015ftirdik&#8221; diyor. \u00c7e\u00e7enler taraf\u0131ndan kiralanan dairelerde ya da odalar \u0131s\u0131tma, su ve nem problemlerinin neredeyse &#8220;standart&#8221; oldu\u011funu ve b\u00f6ylesi yerler i\u00e7in de ciddi kiralar \u00f6dendi\u011fini vurguluyor.<\/p>\n<p style=\"text-align: justify;\">T\u0131pk\u0131 Polonya genelinde oldu\u011fu gibi \u0141om\u017ca\u2019da da insan dairelerini yabanc\u0131lara ve \u00f6zellikle \u00c7e\u00e7en s\u0131\u011f\u0131nmac\u0131lara kiralamak istemiyorlar.<\/p>\n<p style=\"text-align: justify;\">Satsita, &#8220;Durumdan \u015fikayet etti\u011fimizde ise, be\u011fenmiyorsan\u0131z buralar\u0131 terk edip gidebilirsiniz diye tersliyorlar&#8221; diyor.<\/p>\n<p style=\"text-align: justify;\">Fundacja Ocalenie\u2019den Kamil Kami\u0144ski, &#8220;Bir keresinde \u00c7e\u00e7enlerin ya\u015fam ko\u015fullar\u0131n\u0131 g\u00f6stermek i\u00e7in oralar\u0131 foto\u011fraflamak istedim. Ama \u00c7e\u00e7enler buna m\u00fcsaade etmediler. Nedenleri neydi peki? Ev sahiplerinin kendi dairelerini tan\u0131yabilecekleri ve bu y\u00fczden buralardan kovulabileceklerini d\u00fc\u015f\u00fcn\u00fcyorlard\u0131. Sokaklara d\u00fc\u015fmektense bu k\u00f6hne yerlerde kalmay\u0131 tercih ediyorlar&#8221; diyor.<\/p>\n<p style=\"text-align: justify;\">Kami\u0144ski, &#8220;\u0141om\u017ca\u2019daki m\u00fclteci merkezinin kapat\u0131lmas\u0131ndan sonra yetkililer \u00c7e\u00e7enlere Czerwonym Borze m\u00fclteci merkezine gidebileceklerini s\u00f6yledi. Ama oras\u0131 \u00c7e\u00e7enler i\u00e7in olduk\u00e7a k\u00f6t\u00fc bir yer. \u0141om\u017ca\u2019dan 15 km uzakta, g\u00fcnde iki otob\u00fcs seferi var ve otob\u00fcsten yol \u00fczerinde inip m\u00fclteci merkezine kadar 3 km y\u00fcr\u00fcmeniz gerekiyor. Dahas\u0131 \u00e7ocuklar\u0131 \u0141om\u017ca\u2019da okullara gidecek. Yabanc\u0131lar Ofisi, Kas\u0131m ay\u0131n\u0131n sonuna kadar \u00f6\u011frencilere \u00fccretsiz servis temin edeceklerini duyurdu. Peki ya Kas\u0131m ay\u0131ndan sonra? Bu soruya bug\u00fcn kimse cevap vermiyor&#8221; diyor.<\/p>\n","protected":false},"excerpt":{"rendered":"<p>Polonya\u2019n\u0131n Gazeta Wsp\u00f3\u0142czesna adl\u0131 gazetesinin muhabirlerinden Katarzyna Patalan-Brzostowska, kapat\u0131lan m\u00fclteci merkezlerinin ard\u0131ndan \u00fclkenin \u0141om\u017ca kentindeki \u00c7e\u00e7en s\u0131\u011f\u0131nmac\u0131lar\u0131n durumunu g\u00f6zler \u00f6n\u00fcne seren bir haber haz\u0131rlad\u0131.<\/p>\n","protected":false},"author":3,"featured_media":0,"comment_status":"open","ping_status":"open","sticky":false,"template":"","format":"standard","meta":{"ngg_post_thumbnail":0,"footnotes":""},"categories":[1],"tags":[2095,1305,2094,1310],"views":3595,"_links":{"self":[{"href":"http:\/\/www.waynakh.com\/tr\/wp-json\/wp\/v2\/posts\/9531"}],"collection":[{"href":"http:\/\/www.waynakh.com\/tr\/wp-json\/wp\/v2\/posts"}],"about":[{"href":"http:\/\/www.waynakh.com\/tr\/wp-json\/wp\/v2\/types\/post"}],"author":[{"embeddable":true,"href":"http:\/\/www.waynakh.com\/tr\/wp-json\/wp\/v2\/users\/3"}],"replies":[{"embeddable":true,"href":"http:\/\/www.waynakh.com\/tr\/wp-json\/wp\/v2\/comments?post=9531"}],"version-history":[{"count":1,"href":"http:\/\/www.waynakh.com\/tr\/wp-json\/wp\/v2\/posts\/9531\/revisions"}],"predecessor-version":[{"id":9533,"href":"http:\/\/www.waynakh.com\/tr\/wp-json\/wp\/v2\/posts\/9531\/revisions\/9533"}],"wp:attachment":[{"href":"http:\/\/www.waynakh.com\/tr\/wp-json\/wp\/v2\/media?parent=9531"}],"wp:term":[{"taxonomy":"category","embeddable":true,"href":"http:\/\/www.waynakh.com\/tr\/wp-json\/wp\/v2\/categories?post=9531"},{"taxonomy":"post_tag","embeddable":true,"href":"http:\/\/www.waynakh.com\/tr\/wp-json\/wp\/v2\/tags?post=9531"}],"curies":[{"name":"wp","href":"https:\/\/api.w.org\/{rel}","templated":true}]}}